{"id":9633,"date":"2018-03-06T15:32:48","date_gmt":"2018-03-06T14:32:48","guid":{"rendered":"http:\/\/ohnis788407.de\/?p=9633"},"modified":"2021-08-08T19:42:14","modified_gmt":"2021-08-08T17:42:14","slug":"guhl-repair-balance-linie-testpaket","status":"publish","type":"post","link":"https:\/\/ohnis788407.de\/?p=9633","title":{"rendered":"Guhl Repair &#038; Balance Linie Testpaket"},"content":{"rendered":"<p><strong>*Werbung<\/strong><\/p>\n<p><a href=\"https:\/\/i0.wp.com\/ohnis788407.de\/wp-content\/uploads\/ccac68819e1698251ade4f692ad3f677.jpeg\"><img data-recalc-dims=\"1\" loading=\"lazy\" decoding=\"async\" class=\"alignnone size-full wp-image-9634\" src=\"https:\/\/i0.wp.com\/ohnis788407.de\/wp-content\/uploads\/ccac68819e1698251ade4f692ad3f677.jpeg?resize=800%2C320\" alt=\"\" width=\"800\" height=\"320\" srcset=\"https:\/\/i0.wp.com\/ohnis788407.de\/wp-content\/uploads\/ccac68819e1698251ade4f692ad3f677.jpeg?w=1200&amp;ssl=1 1200w, https:\/\/i0.wp.com\/ohnis788407.de\/wp-content\/uploads\/ccac68819e1698251ade4f692ad3f677.jpeg?resize=300%2C120&amp;ssl=1 300w, https:\/\/i0.wp.com\/ohnis788407.de\/wp-content\/uploads\/ccac68819e1698251ade4f692ad3f677.jpeg?resize=1024%2C410&amp;ssl=1 1024w\" sizes=\"auto, (max-width: 800px) 100vw, 800px\" \/><\/a><\/p>\n<p>Ich darf mit 999 anderen Testern die neue <strong>Guhl Repair &amp; Balance Linie<\/strong> testen. Ich freu mich auf mein Testpaket<\/p>\n<div class=\"col-md-6 first\">\n<div>\n<div>F\u00fcr dich zum Kennenlernen der neuen Guhl Repair &amp; Balance Pflegelinie:<\/div>\n<ul>\n<li>1 x Shampoo&nbsp;250 ml<\/li>\n<li>1 x Pflege-Sp\u00fclung&nbsp;200 ml<\/li>\n<li>1 x N\u00e4hrende Sofort-Maske 200 ml<\/li>\n<li>1 x Anschreiben<\/li>\n<li>1 x E-Paper freundin<\/li>\n<\/ul>\n<div><strong>F\u00fcr deine Mittester:&nbsp;<\/strong><\/div>\n<ul>\n<li>2 x Shampoo 250 ml<\/li>\n<\/ul>\n<p>Und meine Lieben seit ihr auch dabei? Lasst es mich wissen<\/p>\n<p>Liebe Gr\u00fc\u00dfe<\/p>\n<p><a href=\"https:\/\/i0.wp.com\/ohnis788407.de\/wp-content\/uploads\/2014\/05\/http___signatures.mylivesignature.com_54492_60_377ADCD7679D64BDCE764840903426A3.png\"><img data-recalc-dims=\"1\" loading=\"lazy\" decoding=\"async\" class=\"size-full wp-image-3497 aligncenter\" src=\"https:\/\/i0.wp.com\/ohnis788407.de\/wp-content\/uploads\/2014\/05\/http___signatures.mylivesignature.com_54492_60_377ADCD7679D64BDCE764840903426A3.png?resize=180%2C80\" alt=\"\" width=\"180\" height=\"80\"\/><\/a><\/p>\n<\/div>\n<\/div>\n","protected":false},"excerpt":{"rendered":"<p>*Werbung Ich darf mit 999 anderen Testern die neue Guhl Repair &amp; Balance Linie testen. Ich freu mich auf mein Testpaket F\u00fcr dich zum Kennenlernen der neuen Guhl Repair &amp; Balance Pflegelinie: 1 x Shampoo&nbsp;250 ml 1 x Pflege-Sp\u00fclung&nbsp;200 ml 1 x N\u00e4hrende Sofort-Maske 200 ml 1 x Anschreiben 1 x E-Paper freundin F\u00fcr deine <a class=\"read-more\" href=\"https:\/\/ohnis788407.de\/?p=9633\">Read More<\/a><\/p>\n","protected":false},"author":1,"featured_media":0,"comment_status":"open","ping_status":"open","sticky":false,"template":"","format":"standard","meta":{"ngg_post_thumbnail":0,"_jetpack_memberships_contains_paid_content":false,"footnotes":"","jetpack_publicize_message":"","jetpack_publicize_feature_enabled":true,"jetpack_social_post_already_shared":true,"jetpack_social_options":{"image_generator_settings":{"template":"highway","default_image_id":0,"font":"","enabled":false},"version":2}},"categories":[346,391,117],"tags":[377,393,152],"class_list":["post-9633","post","type-post","status-publish","format-standard","hentry","category-brands-you-love","category-guhl-repair-balance-linie","category-produkttest","tag-brands-you-love","tag-guhlrepairbalancelinie","tag-produkttest"],"jetpack_publicize_connections":[],"jetpack_featured_media_url":"","jetpack-related-posts":[],"jetpack_sharing_enabled":true,"_links":{"self":[{"href":"https:\/\/ohnis788407.de\/index.php?rest_route=\/wp\/v2\/posts\/9633","targetHints":{"allow":["GET"]}}],"collection":[{"href":"https:\/\/ohnis788407.de\/index.php?rest_route=\/wp\/v2\/posts"}],"about":[{"href":"https:\/\/ohnis788407.de\/index.php?rest_route=\/wp\/v2\/types\/post"}],"author":[{"embeddable":true,"href":"https:\/\/ohnis788407.de\/index.php?rest_route=\/wp\/v2\/users\/1"}],"replies":[{"embeddable":true,"href":"https:\/\/ohnis788407.de\/index.php?rest_route=%2Fwp%2Fv2%2Fcomments&post=9633"}],"version-history":[{"count":3,"href":"https:\/\/ohnis788407.de\/index.php?rest_route=\/wp\/v2\/posts\/9633\/revisions"}],"predecessor-version":[{"id":10786,"href":"https:\/\/ohnis788407.de\/index.php?rest_route=\/wp\/v2\/posts\/9633\/revisions\/10786"}],"wp:attachment":[{"href":"https:\/\/ohnis788407.de\/index.php?rest_route=%2Fwp%2Fv2%2Fmedia&parent=9633"}],"wp:term":[{"taxonomy":"category","embeddable":true,"href":"https:\/\/ohnis788407.de\/index.php?rest_route=%2Fwp%2Fv2%2Fcategories&post=9633"},{"taxonomy":"post_tag","embeddable":true,"href":"https:\/\/ohnis788407.de\/index.php?rest_route=%2Fwp%2Fv2%2Ftags&post=9633"}],"curies":[{"name":"wp","href":"https:\/\/api.w.org\/{rel}","templated":true}]}}