{"id":9387,"date":"2017-12-18T17:15:44","date_gmt":"2017-12-18T16:15:44","guid":{"rendered":"http:\/\/ohnis788407.de\/?p=9387"},"modified":"2017-12-31T17:33:05","modified_gmt":"2017-12-31T16:33:05","slug":"liebe-zur-fotografie-xv","status":"publish","type":"post","link":"https:\/\/ohnis788407.de\/?p=9387","title":{"rendered":"Liebe zur Fotografie XV"},"content":{"rendered":"<p><a href=\"https:\/\/i0.wp.com\/ohnis788407.de\/wp-content\/uploads\/Liebe-zur-Fotografie.jpg\"><img data-recalc-dims=\"1\" loading=\"lazy\" decoding=\"async\" class=\"size-full wp-image-8905 alignnone\" src=\"https:\/\/i0.wp.com\/ohnis788407.de\/wp-content\/uploads\/Liebe-zur-Fotografie.jpg?resize=150%2C150\" alt=\"\" height=\"150\" width=\"150\" srcset=\"https:\/\/i0.wp.com\/ohnis788407.de\/wp-content\/uploads\/Liebe-zur-Fotografie.jpg?w=150&amp;ssl=1 150w, https:\/\/i0.wp.com\/ohnis788407.de\/wp-content\/uploads\/Liebe-zur-Fotografie.jpg?resize=100%2C100&amp;ssl=1 100w\" sizes=\"auto, (max-width: 150px) 100vw, 150px\" \/><\/a><\/p>\n<p>Hall\u00f6chen meine Lieben<\/p>\n<p>und schon wieder ist ein Montag vorran geschritten und das hei\u00dft genau es ist wieder Zeit f\u00fcr Eure Fotos hier kommen meine f\u00fcr diese Woche<\/p>\n<p><a href=\"https:\/\/i0.wp.com\/ohnis788407.de\/wp-content\/uploads\/XV.jpg\"><img data-recalc-dims=\"1\" loading=\"lazy\" decoding=\"async\" class=\"aligncenter wp-image-9388 size-full\" src=\"https:\/\/i0.wp.com\/ohnis788407.de\/wp-content\/uploads\/XV.jpg?resize=800%2C508\" alt=\"\" height=\"508\" width=\"800\" srcset=\"https:\/\/i0.wp.com\/ohnis788407.de\/wp-content\/uploads\/XV.jpg?w=800&amp;ssl=1 800w, https:\/\/i0.wp.com\/ohnis788407.de\/wp-content\/uploads\/XV.jpg?resize=300%2C191&amp;ssl=1 300w\" sizes=\"auto, (max-width: 800px) 100vw, 800px\" \/><\/a><\/p>\n<p>und was habt ihr so geplant f\u00fcr diese Woche?<\/p>\n<p>Liebe Gr\u00fc\u00dfe<\/p>\n<p><a href=\"https:\/\/i0.wp.com\/ohnis788407.de\/wp-content\/uploads\/2014\/05\/http___signatures.mylivesignature.com_54492_60_377ADCD7679D64BDCE764840903426A3.png\"><img data-recalc-dims=\"1\" loading=\"lazy\" decoding=\"async\" class=\"size-full wp-image-3497 aligncenter\" src=\"https:\/\/i0.wp.com\/ohnis788407.de\/wp-content\/uploads\/2014\/05\/http___signatures.mylivesignature.com_54492_60_377ADCD7679D64BDCE764840903426A3.png?resize=180%2C80\" alt=\"\" height=\"80\" width=\"180\"\/><\/a><\/p>\n<p>P.S.<\/p>\n<p>Mehr zum Fotoprojekt <strong>LIEBE ZUR FOTOGRAFIE<\/strong> findet ihr nat\u00fcrlich auf der Seite <a href=\"http:\/\/ohnis788407.de\/fotoprojekt-liebe-zur-fotografie\">FOTOPROJEKT \u2013 LIEBE&nbsp; ZUR FOTOGRAFIE<\/a><\/p>\n<p><span style=\"border-radius: 2px; text-indent: 20px; width: auto; padding: 0px 4px 0px 0px; text-align: center; font: bold 11px\/20px 'Helvetica Neue',Helvetica,sans-serif; color: #ffffff; background: #bd081c  no-repeat scroll 3px 50% \/ 14px 14px; position: absolute; opacity: 1; z-index: 8675309; display: none; cursor: pointer; top: 288px; left: 130px;\">Merken<\/span><\/p>\n","protected":false},"excerpt":{"rendered":"<p>Hall\u00f6chen meine Lieben und schon wieder ist ein Montag vorran geschritten und das hei\u00dft genau es ist wieder Zeit f\u00fcr Eure Fotos hier kommen meine f\u00fcr diese Woche und was habt ihr so geplant f\u00fcr diese Woche? Liebe Gr\u00fc\u00dfe P.S. Mehr zum Fotoprojekt LIEBE ZUR FOTOGRAFIE findet ihr nat\u00fcrlich auf der Seite FOTOPROJEKT \u2013 LIEBE&nbsp; <a class=\"read-more\" href=\"https:\/\/ohnis788407.de\/?p=9387\">Read More<\/a><\/p>\n","protected":false},"author":1,"featured_media":0,"comment_status":"open","ping_status":"open","sticky":false,"template":"","format":"standard","meta":{"ngg_post_thumbnail":0,"_jetpack_memberships_contains_paid_content":false,"footnotes":"","jetpack_publicize_message":"Neues vom Fotoprojekt\r\n\r\n#fotoprojekt #liebezurfotografie #bilder #canon #kamera","jetpack_publicize_feature_enabled":true,"jetpack_social_post_already_shared":true,"jetpack_social_options":{"image_generator_settings":{"template":"highway","default_image_id":0,"font":"","enabled":false},"version":2}},"categories":[306,298],"tags":[304,303,357,305,355,321,320,354,364],"class_list":["post-9387","post","type-post","status-publish","format-standard","hentry","category-fotoprojekt","category-liebe-zur-fotografie","tag-bilder","tag-fotografie","tag-katze","tag-liebe","tag-natur","tag-photografie","tag-schoenstefotos","tag-tiere","tag-zeigtmireurebilder"],"jetpack_publicize_connections":[],"jetpack_featured_media_url":"","jetpack-related-posts":[],"jetpack_sharing_enabled":true,"_links":{"self":[{"href":"https:\/\/ohnis788407.de\/index.php?rest_route=\/wp\/v2\/posts\/9387","targetHints":{"allow":["GET"]}}],"collection":[{"href":"https:\/\/ohnis788407.de\/index.php?rest_route=\/wp\/v2\/posts"}],"about":[{"href":"https:\/\/ohnis788407.de\/index.php?rest_route=\/wp\/v2\/types\/post"}],"author":[{"embeddable":true,"href":"https:\/\/ohnis788407.de\/index.php?rest_route=\/wp\/v2\/users\/1"}],"replies":[{"embeddable":true,"href":"https:\/\/ohnis788407.de\/index.php?rest_route=%2Fwp%2Fv2%2Fcomments&post=9387"}],"version-history":[{"count":2,"href":"https:\/\/ohnis788407.de\/index.php?rest_route=\/wp\/v2\/posts\/9387\/revisions"}],"predecessor-version":[{"id":9390,"href":"https:\/\/ohnis788407.de\/index.php?rest_route=\/wp\/v2\/posts\/9387\/revisions\/9390"}],"wp:attachment":[{"href":"https:\/\/ohnis788407.de\/index.php?rest_route=%2Fwp%2Fv2%2Fmedia&parent=9387"}],"wp:term":[{"taxonomy":"category","embeddable":true,"href":"https:\/\/ohnis788407.de\/index.php?rest_route=%2Fwp%2Fv2%2Fcategories&post=9387"},{"taxonomy":"post_tag","embeddable":true,"href":"https:\/\/ohnis788407.de\/index.php?rest_route=%2Fwp%2Fv2%2Ftags&post=9387"}],"curies":[{"name":"wp","href":"https:\/\/api.w.org\/{rel}","templated":true}]}}