{"id":9355,"date":"2017-12-19T22:58:52","date_gmt":"2017-12-19T21:58:52","guid":{"rendered":"http:\/\/ohnis788407.de\/?p=9355"},"modified":"2017-12-25T23:57:03","modified_gmt":"2017-12-25T22:57:03","slug":"wochen-tischkalender-2018-im-test","status":"publish","type":"post","link":"https:\/\/ohnis788407.de\/?p=9355","title":{"rendered":"Wochen-Tischkalender 2018 im Test"},"content":{"rendered":"<p>*Achtung Werbung*<\/p>\n<p><a href=\"https:\/\/i0.wp.com\/ohnis788407.de\/wp-content\/uploads\/Header-1.png\"><img data-recalc-dims=\"1\" loading=\"lazy\" decoding=\"async\" class=\"wp-image-8013 size-medium alignnone\" src=\"https:\/\/i0.wp.com\/ohnis788407.de\/wp-content\/uploads\/Header-1-300x66.png?resize=300%2C66\" alt=\"\" height=\"66\" width=\"300\" srcset=\"https:\/\/i0.wp.com\/ohnis788407.de\/wp-content\/uploads\/Header-1.png?resize=300%2C66&amp;ssl=1 300w, https:\/\/i0.wp.com\/ohnis788407.de\/wp-content\/uploads\/Header-1.png?resize=1024%2C226&amp;ssl=1 1024w, https:\/\/i0.wp.com\/ohnis788407.de\/wp-content\/uploads\/Header-1.png?w=1348&amp;ssl=1 1348w\" sizes=\"auto, (max-width: 300px) 100vw, 300px\" \/><\/a><\/p>\n<p>Hall\u00f6chen meine Lieben<\/p>\n<p>ich habe heute mal wieder ein Produkttest f\u00fcr Euch. Ich habe von <a href=\"https:\/\/tool.clubderprodukttester.de\/tests\">Club der Produkttester<\/a> einen <strong>Wochen-Tischkalender 2018 <\/strong>zum testen bekommen.<\/p>\n<p><a href=\"https:\/\/i0.wp.com\/ohnis788407.de\/wp-content\/uploads\/cats-28.jpg\"><img data-recalc-dims=\"1\" loading=\"lazy\" decoding=\"async\" class=\"size-full wp-image-9356 aligncenter\" src=\"https:\/\/i0.wp.com\/ohnis788407.de\/wp-content\/uploads\/cats-28.jpg?resize=800%2C628\" alt=\"\" height=\"628\" width=\"800\" srcset=\"https:\/\/i0.wp.com\/ohnis788407.de\/wp-content\/uploads\/cats-28.jpg?w=800&amp;ssl=1 800w, https:\/\/i0.wp.com\/ohnis788407.de\/wp-content\/uploads\/cats-28.jpg?resize=300%2C236&amp;ssl=1 300w\" sizes=\"auto, (max-width: 800px) 100vw, 800px\" \/><\/a><\/p>\n<p>Ich habe mich f\u00fcr den Produkttest intressiert weil wir im Gesch\u00e4ft immer Schwierigkeiten haben mit den 1000 W\u00fcnschen meiner Kollegen\/innen. Und da die Arbeitsplanung dadurch einfacher werden soll und die Kollegen\/innen ihre Termin hier eintragen k\u00f6nnen hat man im Schrank nicht 100erte von Zettelchen.<\/p>\n<p><a href=\"https:\/\/i0.wp.com\/ohnis788407.de\/wp-content\/uploads\/20171212_103231.jpg\"><img data-recalc-dims=\"1\" loading=\"lazy\" decoding=\"async\" class=\"size-full wp-image-9357 aligncenter\" src=\"https:\/\/i0.wp.com\/ohnis788407.de\/wp-content\/uploads\/20171212_103231.jpg?resize=569%2C394\" alt=\"\" height=\"394\" width=\"569\" srcset=\"https:\/\/i0.wp.com\/ohnis788407.de\/wp-content\/uploads\/20171212_103231.jpg?w=569&amp;ssl=1 569w, https:\/\/i0.wp.com\/ohnis788407.de\/wp-content\/uploads\/20171212_103231.jpg?resize=300%2C208&amp;ssl=1 300w\" sizes=\"auto, (max-width: 569px) 100vw, 569px\" \/><\/a>Der Aufbau vom Wochen &#8211; Tischkalender finde ich sehr gut gemacht. Man kann eine To Do Liste anlegen f\u00fcr die Woche, Anrufe notieren, Wichtiges und Notizen kann man vermerken.<\/p>\n<p>Was auch sehr wichtig f\u00fcr uns ist das der Kalender die Schulferien mit drin hat.<\/p>\n<p>Mein Fazit zum Kalender:<\/p>\n<p>Ein sehr praktischer Wegbegleiter f\u00fcr zu Hause oder f\u00fcrs B\u00fcro. Die Verarbeitung ist wirklich sehr gut und die dicke vom Papier ist wirklich genau richtig. Die blaue Farbe ist sehr auff\u00e4llig und man findet den Kalender in jedem Papierhaufen \ud83d\ude42<\/p>\n<p>Ich kann den Wochen &#8211; Tischkalender nur empfehlen.<\/p>\n<p>Arbeitet ihr auch mit einem Tischkalender oder was nutzt ihr so f\u00fcr privat oder B\u00fcro?<\/p>\n<p>Liebe Gr\u00fc\u00dfe<\/p>\n<p><a href=\"https:\/\/i0.wp.com\/ohnis788407.de\/wp-content\/uploads\/2014\/01\/http___signatures.mylivesignature.com_54492_60_377ADCD7679D64BDCE764840903426A31.png\"><img data-recalc-dims=\"1\" loading=\"lazy\" decoding=\"async\" class=\"size-full wp-image-3113 aligncenter\" src=\"https:\/\/i0.wp.com\/ohnis788407.de\/wp-content\/uploads\/2014\/01\/http___signatures.mylivesignature.com_54492_60_377ADCD7679D64BDCE764840903426A31.png?resize=180%2C80\" alt=\"\" height=\"80\" width=\"180\"\/><\/a><em><span lang=\"de-DE\">Das Produkt wurde uns kostenlos zur Verf\u00fcgung gestellt. Der Bericht spiegelt unsere pers\u00f6nliche Meinung wieder. Vielen DANK an das <a href=\"https:\/\/tool.clubderprodukttester.de\/tests\">Club der Produkttester<\/a> das wir das Produkt lesen durften.<\/span><\/em><\/p>\n","protected":false},"excerpt":{"rendered":"<p>*Achtung Werbung* Hall\u00f6chen meine Lieben ich habe heute mal wieder ein Produkttest f\u00fcr Euch. Ich habe von Club der Produkttester einen Wochen-Tischkalender 2018 zum testen bekommen. Ich habe mich f\u00fcr den Produkttest intressiert weil wir im Gesch\u00e4ft immer Schwierigkeiten haben mit den 1000 W\u00fcnschen meiner Kollegen\/innen. Und da die Arbeitsplanung dadurch einfacher werden soll und <a class=\"read-more\" href=\"https:\/\/ohnis788407.de\/?p=9355\">Read More<\/a><\/p>\n","protected":false},"author":1,"featured_media":0,"comment_status":"open","ping_status":"open","sticky":false,"template":"","format":"standard","meta":{"ngg_post_thumbnail":0,"_jetpack_memberships_contains_paid_content":false,"footnotes":"","jetpack_publicize_message":"Wochen-Tischkalender 2018 im Test\r\n\r\n#neuerkalender #tischkalender #clubderprodukttester #kostenloszurverf\u00fcgunggestellt #werbung","jetpack_publicize_feature_enabled":true,"jetpack_social_post_already_shared":true,"jetpack_social_options":{"image_generator_settings":{"template":"highway","default_image_id":0,"font":"","enabled":false},"version":2}},"categories":[186,98],"tags":[],"class_list":["post-9355","post","type-post","status-publish","format-standard","hentry","category-club-der-produkttester","category-getestet"],"jetpack_publicize_connections":[],"jetpack_featured_media_url":"","jetpack-related-posts":[],"jetpack_sharing_enabled":true,"_links":{"self":[{"href":"https:\/\/ohnis788407.de\/index.php?rest_route=\/wp\/v2\/posts\/9355","targetHints":{"allow":["GET"]}}],"collection":[{"href":"https:\/\/ohnis788407.de\/index.php?rest_route=\/wp\/v2\/posts"}],"about":[{"href":"https:\/\/ohnis788407.de\/index.php?rest_route=\/wp\/v2\/types\/post"}],"author":[{"embeddable":true,"href":"https:\/\/ohnis788407.de\/index.php?rest_route=\/wp\/v2\/users\/1"}],"replies":[{"embeddable":true,"href":"https:\/\/ohnis788407.de\/index.php?rest_route=%2Fwp%2Fv2%2Fcomments&post=9355"}],"version-history":[{"count":3,"href":"https:\/\/ohnis788407.de\/index.php?rest_route=\/wp\/v2\/posts\/9355\/revisions"}],"predecessor-version":[{"id":9360,"href":"https:\/\/ohnis788407.de\/index.php?rest_route=\/wp\/v2\/posts\/9355\/revisions\/9360"}],"wp:attachment":[{"href":"https:\/\/ohnis788407.de\/index.php?rest_route=%2Fwp%2Fv2%2Fmedia&parent=9355"}],"wp:term":[{"taxonomy":"category","embeddable":true,"href":"https:\/\/ohnis788407.de\/index.php?rest_route=%2Fwp%2Fv2%2Fcategories&post=9355"},{"taxonomy":"post_tag","embeddable":true,"href":"https:\/\/ohnis788407.de\/index.php?rest_route=%2Fwp%2Fv2%2Ftags&post=9355"}],"curies":[{"name":"wp","href":"https:\/\/api.w.org\/{rel}","templated":true}]}}