{"id":9182,"date":"2017-11-13T11:53:02","date_gmt":"2017-11-13T10:53:02","guid":{"rendered":"http:\/\/ohnis788407.de\/?p=9182"},"modified":"2017-11-13T11:53:02","modified_gmt":"2017-11-13T10:53:02","slug":"liebe-zur-fotografie-x","status":"publish","type":"post","link":"https:\/\/ohnis788407.de\/?p=9182","title":{"rendered":"Liebe zur Fotografie X"},"content":{"rendered":"<p><a href=\"https:\/\/i0.wp.com\/ohnis788407.de\/wp-content\/uploads\/Liebe-zur-Fotografie.jpg\"><img data-recalc-dims=\"1\" loading=\"lazy\" decoding=\"async\" class=\"size-full wp-image-8905 alignnone\" src=\"https:\/\/i0.wp.com\/ohnis788407.de\/wp-content\/uploads\/Liebe-zur-Fotografie.jpg?resize=150%2C150\" alt=\"\" height=\"150\" width=\"150\" srcset=\"https:\/\/i0.wp.com\/ohnis788407.de\/wp-content\/uploads\/Liebe-zur-Fotografie.jpg?w=150&amp;ssl=1 150w, https:\/\/i0.wp.com\/ohnis788407.de\/wp-content\/uploads\/Liebe-zur-Fotografie.jpg?resize=100%2C100&amp;ssl=1 100w\" sizes=\"auto, (max-width: 150px) 100vw, 150px\" \/><\/a><\/p>\n<p>Hall\u00f6chen meine Lieben<\/p>\n<p>es ist wieder Montag und ich hoffe ihr hattet ein sch\u00f6nes Wochenende? Meins war mal wieder zu kurz Samstag Sp\u00e4tschicht gehabt und am Sonntag war ich auf einer t\u00fcrkischen Verlobung eingeladen. Also ich br\u00e4uchte noch mal 2 Tage Wochenende \ud83d\ude42<\/p>\n<p><a href=\"https:\/\/i0.wp.com\/ohnis788407.de\/wp-content\/uploads\/x.jpg\"><img data-recalc-dims=\"1\" loading=\"lazy\" decoding=\"async\" class=\"aligncenter wp-image-9183 size-full\" src=\"https:\/\/i0.wp.com\/ohnis788407.de\/wp-content\/uploads\/x.jpg?resize=800%2C356\" alt=\"\" height=\"356\" width=\"800\" srcset=\"https:\/\/i0.wp.com\/ohnis788407.de\/wp-content\/uploads\/x.jpg?w=800&amp;ssl=1 800w, https:\/\/i0.wp.com\/ohnis788407.de\/wp-content\/uploads\/x.jpg?resize=300%2C134&amp;ssl=1 300w\" sizes=\"auto, (max-width: 800px) 100vw, 800px\" \/><\/a>Und wie war Euer Wochenende denn? Lasst es mich wissen<\/p>\n<p>Ich w\u00fcnsche Euch einen sch\u00f6nen ruhigen Wochenstart.<\/p>\n<p>Mehr zum Fotoprojekt LIEBE ZUR FOTOGRAFIE findet ihr nat\u00fcrlich auf der Seite <a href=\"http:\/\/ohnis788407.de\/fotoprojekt-liebe-zur-fotografie\">FOTOPROJEKT \u2013 LIEBE&nbsp; ZUR FOTOGRAFIE<\/a><\/p>\n<p>Liebe Gr\u00fc\u00dfe<\/p>\n<p><a href=\"https:\/\/i0.wp.com\/ohnis788407.de\/wp-content\/uploads\/2014\/01\/http___signatures.mylivesignature.com_54492_60_377ADCD7679D64BDCE764840903426A31.png\"><img data-recalc-dims=\"1\" loading=\"lazy\" decoding=\"async\" class=\"size-full wp-image-3113 aligncenter\" src=\"https:\/\/i0.wp.com\/ohnis788407.de\/wp-content\/uploads\/2014\/01\/http___signatures.mylivesignature.com_54492_60_377ADCD7679D64BDCE764840903426A31.png?resize=180%2C80\" alt=\"\" height=\"80\" width=\"180\"\/><\/a><\/p>\n","protected":false},"excerpt":{"rendered":"<p>Hall\u00f6chen meine Lieben es ist wieder Montag und ich hoffe ihr hattet ein sch\u00f6nes Wochenende? Meins war mal wieder zu kurz Samstag Sp\u00e4tschicht gehabt und am Sonntag war ich auf einer t\u00fcrkischen Verlobung eingeladen. Also ich br\u00e4uchte noch mal 2 Tage Wochenende \ud83d\ude42 Und wie war Euer Wochenende denn? Lasst es mich wissen Ich w\u00fcnsche <a class=\"read-more\" href=\"https:\/\/ohnis788407.de\/?p=9182\">Read More<\/a><\/p>\n","protected":false},"author":1,"featured_media":0,"comment_status":"open","ping_status":"open","sticky":false,"template":"","format":"standard","meta":{"ngg_post_thumbnail":0,"_jetpack_memberships_contains_paid_content":false,"footnotes":"","jetpack_publicize_message":"#sch\u00f6nstefotos #liebe #tiere #fotografie #bilder #natur #hunde #katze #LiebezurFotografie #zeigt mireurebilder #fotoprojekt","jetpack_publicize_feature_enabled":true,"jetpack_social_post_already_shared":true,"jetpack_social_options":{"image_generator_settings":{"template":"highway","default_image_id":0,"font":"","enabled":false},"version":2}},"categories":[306,298],"tags":[304,303,356,357,305,355,321,320,354],"class_list":["post-9182","post","type-post","status-publish","format-standard","hentry","category-fotoprojekt","category-liebe-zur-fotografie","tag-bilder","tag-fotografie","tag-hunde","tag-katze","tag-liebe","tag-natur","tag-photografie","tag-schoenstefotos","tag-tiere"],"jetpack_publicize_connections":[],"jetpack_featured_media_url":"","jetpack-related-posts":[],"jetpack_sharing_enabled":true,"_links":{"self":[{"href":"https:\/\/ohnis788407.de\/index.php?rest_route=\/wp\/v2\/posts\/9182","targetHints":{"allow":["GET"]}}],"collection":[{"href":"https:\/\/ohnis788407.de\/index.php?rest_route=\/wp\/v2\/posts"}],"about":[{"href":"https:\/\/ohnis788407.de\/index.php?rest_route=\/wp\/v2\/types\/post"}],"author":[{"embeddable":true,"href":"https:\/\/ohnis788407.de\/index.php?rest_route=\/wp\/v2\/users\/1"}],"replies":[{"embeddable":true,"href":"https:\/\/ohnis788407.de\/index.php?rest_route=%2Fwp%2Fv2%2Fcomments&post=9182"}],"version-history":[{"count":1,"href":"https:\/\/ohnis788407.de\/index.php?rest_route=\/wp\/v2\/posts\/9182\/revisions"}],"predecessor-version":[{"id":9184,"href":"https:\/\/ohnis788407.de\/index.php?rest_route=\/wp\/v2\/posts\/9182\/revisions\/9184"}],"wp:attachment":[{"href":"https:\/\/ohnis788407.de\/index.php?rest_route=%2Fwp%2Fv2%2Fmedia&parent=9182"}],"wp:term":[{"taxonomy":"category","embeddable":true,"href":"https:\/\/ohnis788407.de\/index.php?rest_route=%2Fwp%2Fv2%2Fcategories&post=9182"},{"taxonomy":"post_tag","embeddable":true,"href":"https:\/\/ohnis788407.de\/index.php?rest_route=%2Fwp%2Fv2%2Ftags&post=9182"}],"curies":[{"name":"wp","href":"https:\/\/api.w.org\/{rel}","templated":true}]}}