{"id":9046,"date":"2017-10-20T03:28:58","date_gmt":"2017-10-20T01:28:58","guid":{"rendered":"http:\/\/ohnis788407.de\/?p=9046"},"modified":"2021-10-05T11:25:49","modified_gmt":"2021-10-05T09:25:49","slug":"naturschoen-von-alverde-naturkosmetik","status":"publish","type":"post","link":"https:\/\/ohnis788407.de\/?p=9046","title":{"rendered":"Natursch\u00f6n von alverde NATURKOSMETIK"},"content":{"rendered":"<p><a href=\"https:\/\/i0.wp.com\/ohnis788407.de\/wp-content\/uploads\/headerbild-kampagnenteaser-groesse_940x443_jpg_center_ffffff_0.jpg\"><img data-recalc-dims=\"1\" loading=\"lazy\" decoding=\"async\" class=\"aligncenter size-full wp-image-9047\" src=\"https:\/\/i0.wp.com\/ohnis788407.de\/wp-content\/uploads\/headerbild-kampagnenteaser-groesse_940x443_jpg_center_ffffff_0.jpg?resize=800%2C377\" alt=\"\" height=\"377\" width=\"800\" srcset=\"https:\/\/i0.wp.com\/ohnis788407.de\/wp-content\/uploads\/headerbild-kampagnenteaser-groesse_940x443_jpg_center_ffffff_0.jpg?w=940&amp;ssl=1 940w, https:\/\/i0.wp.com\/ohnis788407.de\/wp-content\/uploads\/headerbild-kampagnenteaser-groesse_940x443_jpg_center_ffffff_0.jpg?resize=300%2C141&amp;ssl=1 300w\" sizes=\"auto, (max-width: 800px) 100vw, 800px\" \/><\/a><\/p>\n<div class=\"widthLimit\">\n<div class=\"subline contentView-description\">\n<p>Psst, bald gibt es eine neue Gesichtspflegeserie von alverde NATURKOSMETIK. Als Insider erf\u00e4hrst du schon jetzt, um welche Produkte es sich handelt und was diese so besonders macht.<\/p>\n<p>Wind und Sonne, K\u00e4lte und trockene Luft: Jeden Tag ist deine Haut verschiedenen Umwelteinfl\u00fcssen ausgesetzt. Das strapaziert sie und kann sie fr\u00fchzeitig altern lassen. Was sie jetzt braucht? Die passende Reinigung und Pflege, die sie wieder ins Gleichgewicht bringt und frisch und jugendlich aussehen l\u00e4sst. Unsere natursch\u00f6n Produkte nutzen die Kraft des Olivenbaums. Seine wertvollen Bestandteile sind reich an hochkonzentrierten Polyphenolen, die deine Hautzellen l\u00e4nger jung erhalten und sie vor Umweltbelastungen bewahren. Die \u00d6le wurden sorgf\u00e4ltig bearbeitet und sorgen f\u00fcr sp\u00fcrbare Geschmeidigkeit. G\u00f6nn dir und deiner Haut das, was sie sch\u00fctzt und pflegt!<\/p>\n<p>Die Pflegeserie natursch\u00f6n, von alverde NATURKOSMETIK, ist&nbsp;ab&nbsp;<strong>Ende Oktober 2017<\/strong> in deinem dm-Markt erh\u00e4ltlich.<\/p>\n<p>&nbsp;<br \/>\n&nbsp;<\/p>\n<\/div>\n<\/div>\n<div class=\"widthLimit\">\n<div class=\"contentList\">\n<div class=\"content-image\"><\/div>\n<\/div>\n<div class=\"contentList\">\n<div class=\"teaser1-3\">\n<div class=\"productTeaser\">\n<div class=\"productTeaser-content clearfix\">\n<div class=\"productTeaser-imgContainer\">\n<ul>\n<li>\n<div class=\"productTeaser-img-single\">\n<div><\/div>\n<\/div>\n<\/li>\n<\/ul>\n<\/div>\n<h3 class=\"productTeaser-hl\">natursch\u00f6n Gesichtscreme<\/h3>\n<div class=\"productTeaser-text\">\n<p>So authentisch wie du selbst. F\u00fcr dich haben wir die Urkraft des Olivenbaums in einer Gesichtscreme vereint. Extrakte aus Olivenfrucht und Olivenbl\u00e4ttern sch\u00fctzen und aktivieren mit ihren nat\u00fcrlichen Polyphenolen die Zellen und lassen deine Haut l\u00e4nger jung aussehen. Wertvolles Oliven\u00f6l versorgt sie mit Feuchtigkeit und pflegt sie geschmeidig. Das sp\u00fcrbare Ergebnis? Ein gesundes Hautgef\u00fchl \u2013 und ein natursch\u00f6nes Du!<\/p>\n<p>vegan<\/p>\n<\/div>\n<div class=\"productTeaser-price-main\">50 ml: 6,95 \u20ac<\/div>\n<div class=\"productTeaser-price-sub\">100 ml: 13,90 \u20ac<\/div>\n<\/div>\n<\/div>\n<\/div>\n<div class=\"teaser1-3\">\n<div class=\"productTeaser\">\n<div class=\"productTeaser-content clearfix\">\n<div class=\"productTeaser-imgContainer\">\n<ul>\n<li>\n<div class=\"productTeaser-img-single\">\n<div><\/div>\n<\/div>\n<\/li>\n<\/ul>\n<\/div>\n<h3 class=\"productTeaser-hl\">natursch\u00f6n Augencreme<\/h3>\n<div class=\"productTeaser-text\">\n<p>Die zarte Hautpartie rund um die Augen verdient eine extrasanfte Pflege. Unsere Augencreme enth\u00e4lt hochkonzentrierte Polyphenole aus Olivenblatt, Olivenfrucht und Oliven\u00f6l \u2013 die Dreifachformel f\u00fcr ein frisches, jugendliches Aussehen. Die regenerierende Creme hat eine angenehm weiche Textur, die rasch einzieht. Probier es aus \u2013 und du wirst Augen machen!<\/p>\n<p>vegan<\/p>\n<\/div>\n<div class=\"productTeaser-price-main\">30 ml: 6,95 \u20ac<\/div>\n<div class=\"productTeaser-price-sub\">100 ml: 23,17<\/div>\n<\/div>\n<\/div>\n<\/div>\n<\/div>\n<div class=\"contentList\">\n<div class=\"content-image\"><\/div>\n<\/div>\n<div class=\"contentList\">\n<div class=\"teaser1-3\">\n<div class=\"productTeaser\">\n<div class=\"productTeaser-content clearfix\">\n<div class=\"productTeaser-imgContainer\">\n<ul>\n<li>\n<div class=\"productTeaser-img-single\">\n<div><\/div>\n<\/div>\n<\/li>\n<\/ul>\n<\/div>\n<h3 class=\"productTeaser-hl\">natursch\u00f6n Gesichts\u00f6l<\/h3>\n<div class=\"productTeaser-text\">\n<p>Wertvolles Oliven- und sanftes Mandel\u00f6l sind die Basis unseres Gesichts\u00f6ls. Sie versorgen deine Haut intensiv mit Feuchtigkeit, unterst\u00fctzen ihre Elastizit\u00e4t und lassen sie l\u00e4nger jung aussehen. Die seidige, trockene Textur ist angenehm aufzutragen und pflegt deine Haut natursch\u00f6n. So ist sie bestens vorbereitet auf alles, was der Alltag bringen mag.<\/p>\n<p>vegan<\/p>\n<\/div>\n<div class=\"productTeaser-price-main\">30 ml: 6,95 \u20ac<\/div>\n<div class=\"productTeaser-price-sub\">100 ml: 23,17 \u20ac<\/div>\n<\/div>\n<\/div>\n<\/div>\n<div class=\"teaser1-3\">\n<div class=\"productTeaser\">\n<div class=\"productTeaser-content clearfix\">\n<div class=\"productTeaser-imgContainer\">\n<ul>\n<li>\n<div class=\"productTeaser-img-single\">\n<div><\/div>\n<\/div>\n<\/li>\n<\/ul>\n<\/div>\n<h3 class=\"productTeaser-hl\">natursch\u00f6n Serum<\/h3>\n<div class=\"productTeaser-text\">\n<p>Tu dir und deiner Haut etwas Gutes \u2013 mit den wertvollsten Inhaltsstoffen aus dem Olivenbaum. Unser Serum bietet deiner Haut reichlich Feuchtigkeit und Pflege, f\u00f6rdert ihre Zellvitalit\u00e4t und l\u00e4sst sie l\u00e4nger jung aussehen. Die Textur ist angenehm leicht und cremig. F\u00fcr eine besonders intensive Wirkung kannst du unser Serum mit der natursch\u00f6n Gesichtscreme kombinieren. So macht Hautpflege Spa\u00df!<\/p>\n<p>vegan<\/p>\n<\/div>\n<div class=\"productTeaser-price-main\">30 ml: 6,95 \u20ac<\/div>\n<div class=\"productTeaser-price-sub\">100 ml: 23,17 \u20ac<\/div>\n<\/div>\n<\/div>\n<\/div>\n<\/div>\n<div class=\"contentList\">\n<div class=\"content-image\"><\/div>\n<\/div>\n<div class=\"contentList\">\n<div class=\"teaser1-3\">\n<div class=\"productTeaser\">\n<div class=\"productTeaser-content clearfix\">\n<div class=\"productTeaser-imgContainer\">\n<ul>\n<li>\n<div class=\"productTeaser-img-single\">\n<div><\/div>\n<\/div>\n<\/li>\n<\/ul>\n<\/div>\n<h3 class=\"productTeaser-hl\">natursch\u00f6n Peelingmaske<\/h3>\n<div class=\"productTeaser-text\">\n<p>Wir haben was gegen Hautalterung: Unsere sanfte Peelingmaske nutzt die Urkraft des Olivenbaums, um dein Hautbild l\u00e4nger zart und jung aussehen zu lassen. Gemahlene Olivenkerne sorgen f\u00fcr ein sanftes Peeling, das deine Haut erfrischt und belebt. Olivenblatt, Olivenfrucht und Oliven\u00f6l pflegen sie geschmeidig \u2013 und lassen dich strahlen. Und deine Haut gleich mit!<\/p>\n<p>vegan<\/p>\n<\/div>\n<div class=\"productTeaser-price-main\">100 ml: 4,45 \u20ac<\/div>\n<\/div>\n<\/div>\n<\/div>\n<div class=\"teaser1-3\">\n<div class=\"productTeaser\">\n<div class=\"productTeaser-content clearfix\">\n<div class=\"productTeaser-imgContainer\">\n<ul>\n<li>\n<div class=\"productTeaser-img-single\">\n<div><\/div>\n<\/div>\n<\/li>\n<\/ul>\n<\/div>\n<h3 class=\"productTeaser-hl\">natursch\u00f6n Reinigungsmilch<\/h3>\n<div class=\"productTeaser-text\">\n<p>Bring deine Haut wieder ins Gleichgewicht \u2013 mit der Kraft des Olivenbaums! Seine Bl\u00e4tter, Fr\u00fcchte und das \u00d6l sind die wertvolle Basis unserer Reinigungsmilch mit Anti-Aging-Wirkung. Mit ihr befreist du deine Haut sanft von Schmutzpartikeln und Make-up, versorgst sie intensiv mit Feuchtigkeit und bereitest sie auf die weitere Pflege vor.<\/p>\n<p>vegan<\/p>\n<\/div>\n<div class=\"productTeaser-price-main\">100 ml: 3,95 \u20ac<\/div>\n<\/div>\n<\/div>\n<\/div>\n<\/div>\n<\/div>\n<div class=\"productTeaser-price-main\">&nbsp;<\/div>\n<div class=\"productTeaser-price-main\">Eine sehr intressante Reihe von <strong>alverde <\/strong>oder was meint ihr dazu?<\/div>\n<div class=\"productTeaser-price-main\">&nbsp;<\/div>\n<div class=\"productTeaser-price-main\">Liebe Gr\u00fc\u00dfe<\/div>\n<div class=\"productTeaser-price-main\"><a href=\"https:\/\/i0.wp.com\/ohnis788407.de\/wp-content\/uploads\/2014\/01\/http___signatures.mylivesignature.com_54492_60_377ADCD7679D64BDCE764840903426A31.png\"><img data-recalc-dims=\"1\" loading=\"lazy\" decoding=\"async\" class=\"aligncenter size-full wp-image-3113\" src=\"https:\/\/i0.wp.com\/ohnis788407.de\/wp-content\/uploads\/2014\/01\/http___signatures.mylivesignature.com_54492_60_377ADCD7679D64BDCE764840903426A31.png?resize=180%2C80\" alt=\"\" height=\"80\" width=\"180\"\/><\/a><\/div>\n<p><span style=\"border-radius: 2px; text-indent: 20px; width: auto; padding: 0px 4px 0px 0px; text-align: center; font: bold 11px\/20px 'Helvetica Neue',Helvetica,sans-serif; color: #ffffff; background: #bd081c  no-repeat scroll 3px 50% \/ 14px 14px; position: absolute; opacity: 1; z-index: 8675309; display: none; cursor: pointer; top: 36px; left: 60px;\">Merken<\/span><\/p>\n","protected":false},"excerpt":{"rendered":"<p>Psst, bald gibt es eine neue Gesichtspflegeserie von alverde NATURKOSMETIK. Als Insider erf\u00e4hrst du schon jetzt, um welche Produkte es sich handelt und was diese so besonders macht. Wind und Sonne, K\u00e4lte und trockene Luft: Jeden Tag ist deine Haut verschiedenen Umwelteinfl\u00fcssen ausgesetzt. Das strapaziert sie und kann sie fr\u00fchzeitig altern lassen. Was sie jetzt <a class=\"read-more\" href=\"https:\/\/ohnis788407.de\/?p=9046\">Read More<\/a><\/p>\n","protected":false},"author":1,"featured_media":0,"comment_status":"open","ping_status":"open","sticky":false,"template":"","format":"standard","meta":{"ngg_post_thumbnail":0,"_jetpack_memberships_contains_paid_content":false,"footnotes":"","jetpack_publicize_message":"","jetpack_publicize_feature_enabled":true,"jetpack_social_post_already_shared":true,"jetpack_social_options":{"image_generator_settings":{"template":"highway","default_image_id":0,"font":"","enabled":false},"version":2}},"categories":[1],"tags":[],"class_list":["post-9046","post","type-post","status-publish","format-standard","hentry","category-allgemein"],"jetpack_publicize_connections":[],"jetpack_featured_media_url":"","jetpack-related-posts":[],"jetpack_sharing_enabled":true,"_links":{"self":[{"href":"https:\/\/ohnis788407.de\/index.php?rest_route=\/wp\/v2\/posts\/9046","targetHints":{"allow":["GET"]}}],"collection":[{"href":"https:\/\/ohnis788407.de\/index.php?rest_route=\/wp\/v2\/posts"}],"about":[{"href":"https:\/\/ohnis788407.de\/index.php?rest_route=\/wp\/v2\/types\/post"}],"author":[{"embeddable":true,"href":"https:\/\/ohnis788407.de\/index.php?rest_route=\/wp\/v2\/users\/1"}],"replies":[{"embeddable":true,"href":"https:\/\/ohnis788407.de\/index.php?rest_route=%2Fwp%2Fv2%2Fcomments&post=9046"}],"version-history":[{"count":11,"href":"https:\/\/ohnis788407.de\/index.php?rest_route=\/wp\/v2\/posts\/9046\/revisions"}],"predecessor-version":[{"id":10933,"href":"https:\/\/ohnis788407.de\/index.php?rest_route=\/wp\/v2\/posts\/9046\/revisions\/10933"}],"wp:attachment":[{"href":"https:\/\/ohnis788407.de\/index.php?rest_route=%2Fwp%2Fv2%2Fmedia&parent=9046"}],"wp:term":[{"taxonomy":"category","embeddable":true,"href":"https:\/\/ohnis788407.de\/index.php?rest_route=%2Fwp%2Fv2%2Fcategories&post=9046"},{"taxonomy":"post_tag","embeddable":true,"href":"https:\/\/ohnis788407.de\/index.php?rest_route=%2Fwp%2Fv2%2Ftags&post=9046"}],"curies":[{"name":"wp","href":"https:\/\/api.w.org\/{rel}","templated":true}]}}