{"id":880,"date":"2010-05-30T16:46:15","date_gmt":"2010-05-30T16:46:15","guid":{"rendered":"http:\/\/ohnis788407.de\/?p=880"},"modified":"2016-07-09T22:15:56","modified_gmt":"2016-07-09T20:15:56","slug":"hier-unsere-pflanzen","status":"publish","type":"post","link":"https:\/\/ohnis788407.de\/?p=880","title":{"rendered":"Hier unsere Pflanzen"},"content":{"rendered":"<p>Heute habe ich wieder einmal alle unsere Pflanzen fotografiert.<\/p>\n<p style=\"text-align: center;\"><a href=\"https:\/\/i0.wp.com\/ohnis788407.de\/wp-content\/uploads\/2010\/06\/100_3705.jpg\"><img data-recalc-dims=\"1\" loading=\"lazy\" decoding=\"async\" class=\"size-medium wp-image-881 aligncenter\" src=\"https:\/\/i0.wp.com\/ohnis788407.de\/wp-content\/uploads\/2010\/06\/100_3705-300x200.jpg?resize=300%2C200\" alt=\"\" width=\"300\" height=\"200\" srcset=\"https:\/\/i0.wp.com\/ohnis788407.de\/wp-content\/uploads\/2010\/06\/100_3705.jpg?resize=300%2C200&amp;ssl=1 300w, https:\/\/i0.wp.com\/ohnis788407.de\/wp-content\/uploads\/2010\/06\/100_3705.jpg?resize=1024%2C683&amp;ssl=1 1024w, https:\/\/i0.wp.com\/ohnis788407.de\/wp-content\/uploads\/2010\/06\/100_3705.jpg?resize=624%2C416&amp;ssl=1 624w, https:\/\/i0.wp.com\/ohnis788407.de\/wp-content\/uploads\/2010\/06\/100_3705.jpg?w=1600&amp;ssl=1 1600w, https:\/\/i0.wp.com\/ohnis788407.de\/wp-content\/uploads\/2010\/06\/100_3705.jpg?w=2400&amp;ssl=1 2400w\" sizes=\"auto, (max-width: 300px) 100vw, 300px\" \/><\/a><\/p>\n<p style=\"text-align: left;\">Hier unsere <strong>Amaryllis<\/strong> vom letzten Jahr, die ich ja gek\u00fcrzt und getrocknet hatte \u00fcber den Winter. Die Bl\u00e4tter kommen schon sehr gut.<\/p>\n<p style=\"text-align: left;\"><a href=\"https:\/\/i0.wp.com\/ohnis788407.de\/wp-content\/uploads\/2010\/06\/100_3711.jpg\"><img data-recalc-dims=\"1\" loading=\"lazy\" decoding=\"async\" class=\"size-medium wp-image-882 aligncenter\" src=\"https:\/\/i0.wp.com\/ohnis788407.de\/wp-content\/uploads\/2010\/06\/100_3711-200x300.jpg?resize=200%2C300\" alt=\"\" width=\"200\" height=\"300\" srcset=\"https:\/\/i0.wp.com\/ohnis788407.de\/wp-content\/uploads\/2010\/06\/100_3711.jpg?resize=200%2C300&amp;ssl=1 200w, https:\/\/i0.wp.com\/ohnis788407.de\/wp-content\/uploads\/2010\/06\/100_3711.jpg?resize=683%2C1024&amp;ssl=1 683w, https:\/\/i0.wp.com\/ohnis788407.de\/wp-content\/uploads\/2010\/06\/100_3711.jpg?resize=624%2C936&amp;ssl=1 624w, https:\/\/i0.wp.com\/ohnis788407.de\/wp-content\/uploads\/2010\/06\/100_3711.jpg?w=1600&amp;ssl=1 1600w\" sizes=\"auto, (max-width: 200px) 100vw, 200px\" \/><\/a><\/p>\n<p style=\"text-align: left;\">Die <strong>Tomaten<\/strong> werde ich die n\u00e4chsten Tagen raussetzen, weil sie mir die Sicht oder besser das Licht nehmen. Weil das ist ja nur die eine Tomate, bei den anderen sind ja die <strong>Pepperoni &amp; die Paprika<\/strong> drin.<\/p>\n<p style=\"text-align: center;\"><a href=\"https:\/\/i0.wp.com\/ohnis788407.de\/wp-content\/uploads\/2010\/06\/100_3713.jpg\"><img data-recalc-dims=\"1\" loading=\"lazy\" decoding=\"async\" class=\"size-medium wp-image-883 aligncenter\" src=\"https:\/\/i0.wp.com\/ohnis788407.de\/wp-content\/uploads\/2010\/06\/100_3713-200x300.jpg?resize=200%2C300\" alt=\"\" width=\"200\" height=\"300\" srcset=\"https:\/\/i0.wp.com\/ohnis788407.de\/wp-content\/uploads\/2010\/06\/100_3713.jpg?resize=200%2C300&amp;ssl=1 200w, https:\/\/i0.wp.com\/ohnis788407.de\/wp-content\/uploads\/2010\/06\/100_3713.jpg?resize=683%2C1024&amp;ssl=1 683w, https:\/\/i0.wp.com\/ohnis788407.de\/wp-content\/uploads\/2010\/06\/100_3713.jpg?resize=624%2C936&amp;ssl=1 624w, https:\/\/i0.wp.com\/ohnis788407.de\/wp-content\/uploads\/2010\/06\/100_3713.jpg?w=1600&amp;ssl=1 1600w\" sizes=\"auto, (max-width: 200px) 100vw, 200px\" \/><\/a><strong>Pepperoni<\/strong> hier zu sehen<\/p>\n<p style=\"text-align: left;\">Hier meine <strong>Zitrone,<\/strong> die sich flei\u00dfig macht. Auf die bin ich richtig stolz. Denn die hatte ich am 02.04. gepflanzt und jetzt sieht sie schon so aus.<\/p>\n<p style=\"text-align: center;\"><a href=\"https:\/\/i0.wp.com\/ohnis788407.de\/wp-content\/uploads\/2010\/06\/100_3712.jpg\"><img data-recalc-dims=\"1\" loading=\"lazy\" decoding=\"async\" class=\"size-medium wp-image-884 aligncenter\" src=\"https:\/\/i0.wp.com\/ohnis788407.de\/wp-content\/uploads\/2010\/06\/100_3712-300x200.jpg?resize=300%2C200\" alt=\"\" width=\"300\" height=\"200\" srcset=\"https:\/\/i0.wp.com\/ohnis788407.de\/wp-content\/uploads\/2010\/06\/100_3712.jpg?resize=300%2C200&amp;ssl=1 300w, https:\/\/i0.wp.com\/ohnis788407.de\/wp-content\/uploads\/2010\/06\/100_3712.jpg?resize=1024%2C683&amp;ssl=1 1024w, https:\/\/i0.wp.com\/ohnis788407.de\/wp-content\/uploads\/2010\/06\/100_3712.jpg?resize=624%2C416&amp;ssl=1 624w, https:\/\/i0.wp.com\/ohnis788407.de\/wp-content\/uploads\/2010\/06\/100_3712.jpg?w=1600&amp;ssl=1 1600w, https:\/\/i0.wp.com\/ohnis788407.de\/wp-content\/uploads\/2010\/06\/100_3712.jpg?w=2400&amp;ssl=1 2400w\" sizes=\"auto, (max-width: 300px) 100vw, 300px\" \/><\/a><\/p>\n<p style=\"text-align: left;\">Neues auch von unserer <strong>Papaya,<\/strong> die schon so gro\u00df ist.<\/p>\n<p style=\"text-align: center;\"><a href=\"https:\/\/i0.wp.com\/ohnis788407.de\/wp-content\/uploads\/2010\/06\/100_3715.jpg\"><img data-recalc-dims=\"1\" loading=\"lazy\" decoding=\"async\" class=\"size-medium wp-image-885 aligncenter\" src=\"https:\/\/i0.wp.com\/ohnis788407.de\/wp-content\/uploads\/2010\/06\/100_3715-300x200.jpg?resize=300%2C200\" alt=\"\" width=\"300\" height=\"200\" srcset=\"https:\/\/i0.wp.com\/ohnis788407.de\/wp-content\/uploads\/2010\/06\/100_3715.jpg?resize=300%2C200&amp;ssl=1 300w, https:\/\/i0.wp.com\/ohnis788407.de\/wp-content\/uploads\/2010\/06\/100_3715.jpg?resize=1024%2C683&amp;ssl=1 1024w, https:\/\/i0.wp.com\/ohnis788407.de\/wp-content\/uploads\/2010\/06\/100_3715.jpg?resize=624%2C416&amp;ssl=1 624w, https:\/\/i0.wp.com\/ohnis788407.de\/wp-content\/uploads\/2010\/06\/100_3715.jpg?w=1600&amp;ssl=1 1600w, https:\/\/i0.wp.com\/ohnis788407.de\/wp-content\/uploads\/2010\/06\/100_3715.jpg?w=2400&amp;ssl=1 2400w\" sizes=\"auto, (max-width: 300px) 100vw, 300px\" \/><\/a><\/p>\n<p style=\"text-align: left;\">Und hinter der Papaya seht ihr unsere <strong>Gurke<\/strong> und unsere <strong>Zucchini,<\/strong> die sich auch eingelebt haben.<\/p>\n<p style=\"text-align: center;\"><a href=\"https:\/\/i0.wp.com\/ohnis788407.de\/wp-content\/uploads\/2010\/06\/100_3716.jpg\"><img data-recalc-dims=\"1\" loading=\"lazy\" decoding=\"async\" class=\"size-medium wp-image-886 aligncenter\" src=\"https:\/\/i0.wp.com\/ohnis788407.de\/wp-content\/uploads\/2010\/06\/100_3716-300x200.jpg?resize=300%2C200\" alt=\"\" width=\"300\" height=\"200\" srcset=\"https:\/\/i0.wp.com\/ohnis788407.de\/wp-content\/uploads\/2010\/06\/100_3716.jpg?resize=300%2C200&amp;ssl=1 300w, https:\/\/i0.wp.com\/ohnis788407.de\/wp-content\/uploads\/2010\/06\/100_3716.jpg?resize=1024%2C683&amp;ssl=1 1024w, https:\/\/i0.wp.com\/ohnis788407.de\/wp-content\/uploads\/2010\/06\/100_3716.jpg?resize=624%2C416&amp;ssl=1 624w, https:\/\/i0.wp.com\/ohnis788407.de\/wp-content\/uploads\/2010\/06\/100_3716.jpg?w=1600&amp;ssl=1 1600w, https:\/\/i0.wp.com\/ohnis788407.de\/wp-content\/uploads\/2010\/06\/100_3716.jpg?w=2400&amp;ssl=1 2400w\" sizes=\"auto, (max-width: 300px) 100vw, 300px\" \/><\/a><\/p>\n<p style=\"text-align: left;\">Im Gro\u00dfen und Ganzen kann man sagen, dass meine Pfl\u00e4nzchen sehr gut wachsen und gedeihen .<\/p>\n<p style=\"text-align: left;\"><span style=\"text-decoration: underline;\"><em><strong>Nachtrag:<\/strong><\/em><\/span><\/p>\n<p style=\"text-align: left;\">Jetzt habe ich doch glatt die <strong>Erdbeeren<\/strong> vergessen, die auch langsam kommen.<\/p>\n<p style=\"text-align: center;\"><a href=\"https:\/\/i0.wp.com\/ohnis788407.de\/wp-content\/uploads\/2010\/05\/Erdbeeren.jpg\"><img data-recalc-dims=\"1\" loading=\"lazy\" decoding=\"async\" class=\"size-medium wp-image-893 aligncenter\" title=\"Erdbeeren\" src=\"https:\/\/i0.wp.com\/ohnis788407.de\/wp-content\/uploads\/2010\/05\/Erdbeeren-300x300.jpg?resize=300%2C300\" alt=\"\" width=\"300\" height=\"300\" srcset=\"https:\/\/i0.wp.com\/ohnis788407.de\/wp-content\/uploads\/2010\/05\/Erdbeeren.jpg?resize=300%2C300&amp;ssl=1 300w, https:\/\/i0.wp.com\/ohnis788407.de\/wp-content\/uploads\/2010\/05\/Erdbeeren.jpg?resize=100%2C100&amp;ssl=1 100w, https:\/\/i0.wp.com\/ohnis788407.de\/wp-content\/uploads\/2010\/05\/Erdbeeren.jpg?resize=624%2C624&amp;ssl=1 624w, https:\/\/i0.wp.com\/ohnis788407.de\/wp-content\/uploads\/2010\/05\/Erdbeeren.jpg?resize=176%2C176&amp;ssl=1 176w, https:\/\/i0.wp.com\/ohnis788407.de\/wp-content\/uploads\/2010\/05\/Erdbeeren.jpg?resize=60%2C60&amp;ssl=1 60w, https:\/\/i0.wp.com\/ohnis788407.de\/wp-content\/uploads\/2010\/05\/Erdbeeren.jpg?resize=150%2C150&amp;ssl=1 150w, https:\/\/i0.wp.com\/ohnis788407.de\/wp-content\/uploads\/2010\/05\/Erdbeeren.jpg?w=640&amp;ssl=1 640w\" sizes=\"auto, (max-width: 300px) 100vw, 300px\" \/><\/a><\/p>\n","protected":false},"excerpt":{"rendered":"<p>Heute habe ich wieder einmal alle unsere Pflanzen fotografiert. Hier unsere Amaryllis vom letzten Jahr, die ich ja gek\u00fcrzt und getrocknet hatte \u00fcber den Winter. Die Bl\u00e4tter kommen schon sehr gut. Die Tomaten werde ich die n\u00e4chsten Tagen raussetzen, weil sie mir die Sicht oder besser das Licht nehmen. Weil das ist ja nur die <a class=\"read-more\" href=\"https:\/\/ohnis788407.de\/?p=880\">Read More<\/a><\/p>\n","protected":false},"author":1,"featured_media":0,"comment_status":"open","ping_status":"open","sticky":false,"template":"","format":"standard","meta":{"ngg_post_thumbnail":0,"_jetpack_memberships_contains_paid_content":false,"footnotes":"","jetpack_publicize_message":"","jetpack_publicize_feature_enabled":true,"jetpack_social_post_already_shared":false,"jetpack_social_options":{"image_generator_settings":{"template":"highway","default_image_id":0,"font":"","enabled":false},"version":2}},"categories":[1],"tags":[],"class_list":["post-880","post","type-post","status-publish","format-standard","hentry","category-allgemein"],"jetpack_publicize_connections":[],"jetpack_featured_media_url":"","jetpack-related-posts":[],"jetpack_sharing_enabled":true,"_links":{"self":[{"href":"https:\/\/ohnis788407.de\/index.php?rest_route=\/wp\/v2\/posts\/880","targetHints":{"allow":["GET"]}}],"collection":[{"href":"https:\/\/ohnis788407.de\/index.php?rest_route=\/wp\/v2\/posts"}],"about":[{"href":"https:\/\/ohnis788407.de\/index.php?rest_route=\/wp\/v2\/types\/post"}],"author":[{"embeddable":true,"href":"https:\/\/ohnis788407.de\/index.php?rest_route=\/wp\/v2\/users\/1"}],"replies":[{"embeddable":true,"href":"https:\/\/ohnis788407.de\/index.php?rest_route=%2Fwp%2Fv2%2Fcomments&post=880"}],"version-history":[{"count":5,"href":"https:\/\/ohnis788407.de\/index.php?rest_route=\/wp\/v2\/posts\/880\/revisions"}],"predecessor-version":[{"id":7233,"href":"https:\/\/ohnis788407.de\/index.php?rest_route=\/wp\/v2\/posts\/880\/revisions\/7233"}],"wp:attachment":[{"href":"https:\/\/ohnis788407.de\/index.php?rest_route=%2Fwp%2Fv2%2Fmedia&parent=880"}],"wp:term":[{"taxonomy":"category","embeddable":true,"href":"https:\/\/ohnis788407.de\/index.php?rest_route=%2Fwp%2Fv2%2Fcategories&post=880"},{"taxonomy":"post_tag","embeddable":true,"href":"https:\/\/ohnis788407.de\/index.php?rest_route=%2Fwp%2Fv2%2Ftags&post=880"}],"curies":[{"name":"wp","href":"https:\/\/api.w.org\/{rel}","templated":true}]}}