{"id":8744,"date":"2017-09-11T18:50:47","date_gmt":"2017-09-11T16:50:47","guid":{"rendered":"http:\/\/ohnis788407.de\/?p=8744"},"modified":"2017-09-18T18:52:18","modified_gmt":"2017-09-18T16:52:18","slug":"liebe-zur-fotografie","status":"publish","type":"post","link":"https:\/\/ohnis788407.de\/?p=8744","title":{"rendered":"Liebe zur Fotografie"},"content":{"rendered":"<p>Hall\u00f6chen meine Lieben<\/p>\n<p>wer mich auf<strong> <a href=\"https:\/\/www.facebook.com\/ohnis788407\/\">Facebook<\/a><\/strong> oder auch <strong><a href=\"https:\/\/www.instagram.com\/moniqueohnesorge\/?hl=de\">Instagram<\/a><\/strong> verfolgt hat ja schon einige Bilder von mir gesehen aber das m\u00f6chte ich jetzt auch auf dem Blog nach holen. Ich habe ja schon immer die Fotografie geliebt aber nie die richtige Kamera daf\u00fcr gehabt. Aber seit dem 26. Juli schwebe ich im 7ten Himmel \ud83d\ude42 Mein Mann hat was im Media Markt Prospekt geschaut und da dieses Hammer geile Angebot gefunden.<\/p>\n<p><a href=\"https:\/\/i0.wp.com\/ohnis788407.de\/wp-content\/uploads\/Unbenannt-2-1.png\"><img data-recalc-dims=\"1\" loading=\"lazy\" decoding=\"async\" class=\"aligncenter wp-image-8745 size-medium\" src=\"https:\/\/i0.wp.com\/ohnis788407.de\/wp-content\/uploads\/Unbenannt-2-1-300x284.png?resize=300%2C284\" alt=\"\" height=\"284\" width=\"300\" srcset=\"https:\/\/i0.wp.com\/ohnis788407.de\/wp-content\/uploads\/Unbenannt-2-1.png?resize=300%2C284&amp;ssl=1 300w, https:\/\/i0.wp.com\/ohnis788407.de\/wp-content\/uploads\/Unbenannt-2-1.png?w=611&amp;ssl=1 611w\" sizes=\"auto, (max-width: 300px) 100vw, 300px\" \/><\/a><\/p>\n<p>Und da konnte ich nicht wiederstehen \ud83d\ude42 Nat\u00fcrlich habe ich jetzt meinem Mann die Geburtstags\u00fcberraschung genommen aber bei diesem Angebot konnte man nicht Nein sagen. Und ich kann nur sagen ich liebe die Kamera \u00fcber alles.<\/p>\n<p><strong>Danke an meinem Mann der es mir erm\u00f6glicht hat sie mir zu kaufen.<\/strong><\/p>\n<p><a href=\"https:\/\/i0.wp.com\/ohnis788407.de\/wp-content\/uploads\/zusammenfassung.jpg\"><img data-recalc-dims=\"1\" loading=\"lazy\" decoding=\"async\" class=\"aligncenter wp-image-8746 size-full\" src=\"https:\/\/i0.wp.com\/ohnis788407.de\/wp-content\/uploads\/zusammenfassung.jpg?resize=800%2C646\" alt=\"\" height=\"646\" width=\"800\" srcset=\"https:\/\/i0.wp.com\/ohnis788407.de\/wp-content\/uploads\/zusammenfassung.jpg?w=800&amp;ssl=1 800w, https:\/\/i0.wp.com\/ohnis788407.de\/wp-content\/uploads\/zusammenfassung.jpg?resize=300%2C242&amp;ssl=1 300w\" sizes=\"auto, (max-width: 800px) 100vw, 800px\" \/><\/a><\/p>\n<p><a href=\"https:\/\/i0.wp.com\/ohnis788407.de\/wp-content\/uploads\/zusammenfassung-II.jpg\"><img data-recalc-dims=\"1\" loading=\"lazy\" decoding=\"async\" class=\"size-full wp-image-8747 aligncenter\" src=\"https:\/\/i0.wp.com\/ohnis788407.de\/wp-content\/uploads\/zusammenfassung-II.jpg?resize=800%2C516\" alt=\"\" height=\"516\" width=\"800\" srcset=\"https:\/\/i0.wp.com\/ohnis788407.de\/wp-content\/uploads\/zusammenfassung-II.jpg?w=800&amp;ssl=1 800w, https:\/\/i0.wp.com\/ohnis788407.de\/wp-content\/uploads\/zusammenfassung-II.jpg?resize=300%2C194&amp;ssl=1 300w\" sizes=\"auto, (max-width: 800px) 100vw, 800px\" \/><\/a><\/p>\n<p>Noch mehr Bilder m\u00f6chte ich Euch in weiteren Beitr\u00e4gen zeigen. Ich habe blos noch keinen Namen f\u00fcr die Artikelserie \ud83d\ude41 Also wer einen Einfall hat darf sich gerne melden.<\/p>\n<p>Liebe Gr\u00fc\u00dfe<\/p>\n<p><a href=\"https:\/\/i0.wp.com\/ohnis788407.de\/wp-content\/uploads\/2014\/05\/http___signatures.mylivesignature.com_54492_60_377ADCD7679D64BDCE764840903426A3.png\"><img data-recalc-dims=\"1\" loading=\"lazy\" decoding=\"async\" class=\"size-full wp-image-3497 aligncenter\" src=\"https:\/\/i0.wp.com\/ohnis788407.de\/wp-content\/uploads\/2014\/05\/http___signatures.mylivesignature.com_54492_60_377ADCD7679D64BDCE764840903426A3.png?resize=180%2C80\" alt=\"\" height=\"80\" width=\"180\"\/><\/a><\/p>\n<p><span style=\"border-radius: 2px; text-indent: 20px; width: auto; padding: 0px 4px 0px 0px; text-align: center; font: bold 11px\/20px 'Helvetica Neue',Helvetica,sans-serif; color: #ffffff; background: #bd081c no-repeat scroll 3px 50% \/ 14px 14px; position: absolute; opacity: 1; z-index: 8675309; display: none; cursor: pointer;\">Merken<\/span><\/p>\n<p><span style=\"border-radius: 2px; text-indent: 20px; width: auto; padding: 0px 4px 0px 0px; text-align: center; font: bold 11px\/20px 'Helvetica Neue',Helvetica,sans-serif; color: #ffffff; background: #bd081c  no-repeat scroll 3px 50% \/ 14px 14px; position: absolute; opacity: 1; z-index: 8675309; display: none; cursor: pointer; top: 598px; left: 201px;\">Merken<\/span><\/p>\n","protected":false},"excerpt":{"rendered":"<p>Hall\u00f6chen meine Lieben wer mich auf Facebook oder auch Instagram verfolgt hat ja schon einige Bilder von mir gesehen aber das m\u00f6chte ich jetzt auch auf dem Blog nach holen. Ich habe ja schon immer die Fotografie geliebt aber nie die richtige Kamera daf\u00fcr gehabt. Aber seit dem 26. Juli schwebe ich im 7ten Himmel <a class=\"read-more\" href=\"https:\/\/ohnis788407.de\/?p=8744\">Read More<\/a><\/p>\n","protected":false},"author":1,"featured_media":0,"comment_status":"open","ping_status":"open","sticky":false,"template":"","format":"standard","meta":{"ngg_post_thumbnail":0,"_jetpack_memberships_contains_paid_content":false,"footnotes":"","jetpack_publicize_message":"Liebe zur Fotografie","jetpack_publicize_feature_enabled":true,"jetpack_social_post_already_shared":true,"jetpack_social_options":{"image_generator_settings":{"template":"highway","default_image_id":0,"font":"","enabled":false},"version":2}},"categories":[298],"tags":[],"class_list":["post-8744","post","type-post","status-publish","format-standard","hentry","category-liebe-zur-fotografie"],"jetpack_publicize_connections":[],"jetpack_featured_media_url":"","jetpack-related-posts":[],"jetpack_sharing_enabled":true,"_links":{"self":[{"href":"https:\/\/ohnis788407.de\/index.php?rest_route=\/wp\/v2\/posts\/8744","targetHints":{"allow":["GET"]}}],"collection":[{"href":"https:\/\/ohnis788407.de\/index.php?rest_route=\/wp\/v2\/posts"}],"about":[{"href":"https:\/\/ohnis788407.de\/index.php?rest_route=\/wp\/v2\/types\/post"}],"author":[{"embeddable":true,"href":"https:\/\/ohnis788407.de\/index.php?rest_route=\/wp\/v2\/users\/1"}],"replies":[{"embeddable":true,"href":"https:\/\/ohnis788407.de\/index.php?rest_route=%2Fwp%2Fv2%2Fcomments&post=8744"}],"version-history":[{"count":3,"href":"https:\/\/ohnis788407.de\/index.php?rest_route=\/wp\/v2\/posts\/8744\/revisions"}],"predecessor-version":[{"id":8750,"href":"https:\/\/ohnis788407.de\/index.php?rest_route=\/wp\/v2\/posts\/8744\/revisions\/8750"}],"wp:attachment":[{"href":"https:\/\/ohnis788407.de\/index.php?rest_route=%2Fwp%2Fv2%2Fmedia&parent=8744"}],"wp:term":[{"taxonomy":"category","embeddable":true,"href":"https:\/\/ohnis788407.de\/index.php?rest_route=%2Fwp%2Fv2%2Fcategories&post=8744"},{"taxonomy":"post_tag","embeddable":true,"href":"https:\/\/ohnis788407.de\/index.php?rest_route=%2Fwp%2Fv2%2Ftags&post=8744"}],"curies":[{"name":"wp","href":"https:\/\/api.w.org\/{rel}","templated":true}]}}