{"id":8591,"date":"2017-08-07T11:14:01","date_gmt":"2017-08-07T09:14:01","guid":{"rendered":"http:\/\/ohnis788407.de\/?p=8591"},"modified":"2021-10-05T11:25:42","modified_gmt":"2021-10-05T09:25:42","slug":"trend-it-up-sortimentswechsel-septmeber-2017","status":"publish","type":"post","link":"https:\/\/ohnis788407.de\/?p=8591","title":{"rendered":"trend IT UP Sortimentswechsel Septmeber 2017"},"content":{"rendered":"<p>*Achtung #Werbung* dm &#8211; Marken Insider<\/p>\n<p><a href=\"https:\/\/i0.wp.com\/ohnis788407.de\/wp-content\/uploads\/170626-markeninsider-newsletter-headerbild_940x443_jpg_center_ffffff_0.jpg\"><img data-recalc-dims=\"1\" loading=\"lazy\" decoding=\"async\" class=\"alignnone size-full wp-image-8592\" src=\"https:\/\/i0.wp.com\/ohnis788407.de\/wp-content\/uploads\/170626-markeninsider-newsletter-headerbild_940x443_jpg_center_ffffff_0.jpg?resize=800%2C377\" alt=\"\" height=\"377\" width=\"800\" srcset=\"https:\/\/i0.wp.com\/ohnis788407.de\/wp-content\/uploads\/170626-markeninsider-newsletter-headerbild_940x443_jpg_center_ffffff_0.jpg?w=940&amp;ssl=1 940w, https:\/\/i0.wp.com\/ohnis788407.de\/wp-content\/uploads\/170626-markeninsider-newsletter-headerbild_940x443_jpg_center_ffffff_0.jpg?resize=300%2C141&amp;ssl=1 300w\" sizes=\"auto, (max-width: 800px) 100vw, 800px\" \/><\/a><\/p>\n<div class=\"subline contentView-description\">\n<p>Inspiriert durch die internationale Beauty- und Fashionwelt, gibt es bei trend IT UP im September einen umfangreichen Sortimentswechsel. Neben zahlreichen neuen Farbvarianten kannst du dich auf einige Neukonzepte freuen. Trendthemen wie Chrome und Kupfer werden bei der Umstellung mit den neuen Texturen aufgegriffen.<\/p>\n<p>Du bist nun schon ganz gespannt auf die neuen Farben und Serien und m\u00f6chtest mehr erfahren? Unter den vier Kategorien Auge, Teint, Lippe&nbsp;und Nagel&nbsp;kannst du dich&nbsp;\u00fcber das neue Sortiment informieren und die Produkte schon vorab n\u00e4her betrachten.<\/p>\n<p>Die neuen Produkte von trend IT UP findest du ab September 2017&nbsp;in deinem dm-Markt.<\/p>\n<p>Oh da steht ja wieder einiges an bei trend IT UP. Bin ich schon gespannt<\/p>\n<p><a href=\"https:\/\/i0.wp.com\/ohnis788407.de\/wp-content\/uploads\/2014\/05\/http___signatures.mylivesignature.com_54492_60_377ADCD7679D64BDCE764840903426A3.png\"><img data-recalc-dims=\"1\" loading=\"lazy\" decoding=\"async\" class=\"size-full wp-image-3497 aligncenter\" src=\"https:\/\/i0.wp.com\/ohnis788407.de\/wp-content\/uploads\/2014\/05\/http___signatures.mylivesignature.com_54492_60_377ADCD7679D64BDCE764840903426A3.png?resize=180%2C80\" alt=\"\" height=\"80\" width=\"180\"\/><\/a><\/p>\n<\/div>\n","protected":false},"excerpt":{"rendered":"<p>*Achtung #Werbung* dm &#8211; Marken Insider Inspiriert durch die internationale Beauty- und Fashionwelt, gibt es bei trend IT UP im September einen umfangreichen Sortimentswechsel. Neben zahlreichen neuen Farbvarianten kannst du dich auf einige Neukonzepte freuen. Trendthemen wie Chrome und Kupfer werden bei der Umstellung mit den neuen Texturen aufgegriffen. Du bist nun schon ganz gespannt <a class=\"read-more\" href=\"https:\/\/ohnis788407.de\/?p=8591\">Read More<\/a><\/p>\n","protected":false},"author":1,"featured_media":0,"comment_status":"open","ping_status":"open","sticky":false,"template":"","format":"standard","meta":{"ngg_post_thumbnail":0,"_jetpack_memberships_contains_paid_content":false,"footnotes":"","jetpack_publicize_message":"","jetpack_publicize_feature_enabled":true,"jetpack_social_post_already_shared":true,"jetpack_social_options":{"image_generator_settings":{"template":"highway","default_image_id":0,"font":"","enabled":false},"version":2}},"categories":[142,259],"tags":[],"class_list":["post-8591","post","type-post","status-publish","format-standard","hentry","category-dm-marken-insider","category-trend-it-up"],"jetpack_publicize_connections":[],"jetpack_featured_media_url":"","jetpack-related-posts":[],"jetpack_sharing_enabled":true,"_links":{"self":[{"href":"https:\/\/ohnis788407.de\/index.php?rest_route=\/wp\/v2\/posts\/8591","targetHints":{"allow":["GET"]}}],"collection":[{"href":"https:\/\/ohnis788407.de\/index.php?rest_route=\/wp\/v2\/posts"}],"about":[{"href":"https:\/\/ohnis788407.de\/index.php?rest_route=\/wp\/v2\/types\/post"}],"author":[{"embeddable":true,"href":"https:\/\/ohnis788407.de\/index.php?rest_route=\/wp\/v2\/users\/1"}],"replies":[{"embeddable":true,"href":"https:\/\/ohnis788407.de\/index.php?rest_route=%2Fwp%2Fv2%2Fcomments&post=8591"}],"version-history":[{"count":5,"href":"https:\/\/ohnis788407.de\/index.php?rest_route=\/wp\/v2\/posts\/8591\/revisions"}],"predecessor-version":[{"id":10909,"href":"https:\/\/ohnis788407.de\/index.php?rest_route=\/wp\/v2\/posts\/8591\/revisions\/10909"}],"wp:attachment":[{"href":"https:\/\/ohnis788407.de\/index.php?rest_route=%2Fwp%2Fv2%2Fmedia&parent=8591"}],"wp:term":[{"taxonomy":"category","embeddable":true,"href":"https:\/\/ohnis788407.de\/index.php?rest_route=%2Fwp%2Fv2%2Fcategories&post=8591"},{"taxonomy":"post_tag","embeddable":true,"href":"https:\/\/ohnis788407.de\/index.php?rest_route=%2Fwp%2Fv2%2Ftags&post=8591"}],"curies":[{"name":"wp","href":"https:\/\/api.w.org\/{rel}","templated":true}]}}