{"id":8321,"date":"2017-05-25T22:21:15","date_gmt":"2017-05-25T20:21:15","guid":{"rendered":"http:\/\/ohnis788407.de\/?p=8321"},"modified":"2017-10-29T16:38:06","modified_gmt":"2017-10-29T15:38:06","slug":"biorepair-zahnmilch-mein-testurteil","status":"publish","type":"post","link":"https:\/\/ohnis788407.de\/?p=8321","title":{"rendered":"Biorepair Zahnmilch &#8211; Mein Testurteil"},"content":{"rendered":"<p><a href=\"https:\/\/i0.wp.com\/ohnis788407.de\/wp-content\/uploads\/Header-1.png\"><img data-recalc-dims=\"1\" loading=\"lazy\" decoding=\"async\" class=\"alignnone size-medium wp-image-8013\" src=\"https:\/\/i0.wp.com\/ohnis788407.de\/wp-content\/uploads\/Header-1-300x66.png?resize=300%2C66\" alt=\"\" height=\"66\" width=\"300\" srcset=\"https:\/\/i0.wp.com\/ohnis788407.de\/wp-content\/uploads\/Header-1.png?resize=300%2C66&amp;ssl=1 300w, https:\/\/i0.wp.com\/ohnis788407.de\/wp-content\/uploads\/Header-1.png?resize=1024%2C226&amp;ssl=1 1024w, https:\/\/i0.wp.com\/ohnis788407.de\/wp-content\/uploads\/Header-1.png?w=1348&amp;ssl=1 1348w\" sizes=\"auto, (max-width: 300px) 100vw, 300px\" \/><\/a><\/p>\n<p>Ich hatte etwa einen Monat Zeit gehabt, die <strong>Biorepair Zahnmilch<\/strong> zu testen.<\/p>\n<p><a href=\"https:\/\/i0.wp.com\/ohnis788407.de\/wp-content\/uploads\/20170519_173000.jpg\"><img data-recalc-dims=\"1\" loading=\"lazy\" decoding=\"async\" class=\"size-medium wp-image-8314 aligncenter\" src=\"https:\/\/i0.wp.com\/ohnis788407.de\/wp-content\/uploads\/20170519_173000-164x300.jpg?resize=164%2C300\" alt=\"\" height=\"300\" width=\"164\" srcset=\"https:\/\/i0.wp.com\/ohnis788407.de\/wp-content\/uploads\/20170519_173000.jpg?resize=164%2C300&amp;ssl=1 164w, https:\/\/i0.wp.com\/ohnis788407.de\/wp-content\/uploads\/20170519_173000.jpg?resize=561%2C1024&amp;ssl=1 561w, https:\/\/i0.wp.com\/ohnis788407.de\/wp-content\/uploads\/20170519_173000.jpg?w=800&amp;ssl=1 800w\" sizes=\"auto, (max-width: 164px) 100vw, 164px\" \/><\/a><\/p>\n<p>Da ich sowieso schmerzempfindliche Z\u00e4hne habe behandle ich sie mit einer speziellen Zahncreme mit extra Fluor und habe auch lange Zeit von Biorepair die Zahnsp\u00fclung genutzt.<\/p>\n<p>Zum Test habe ich eine 500 ml-Flasche erhalten, die ich jeden Abend nach dem Z\u00e4hneputzen angewendet habe. Die Zahnmilch lie\u00df sich gut portionieren. Zum Anfang habe ich noch den Deckel mit der F\u00fcllmenge markiert genutzt, doch danach habe ich einfach nach dem Sch\u00fctteln der Flasche einen angemessenen Schluck genommen. W\u00e4hrend ich etwa 20 Sekunden gesp\u00fclt habe wurde es leicht minzig-scharf im Mund. Aber es war noch angenehm. Anschlie\u00dfend alles ausgespuckt und fertig war die Anwendung. Die Zahnmilch hinterl\u00e4sst danach einen frischen Geschmack.<\/p>\n<p>Mein Urteil zu der Zahnmilch lautet folgend:<\/p>\n<ul>\n<li>Sie lindert auf jeden Fall die Schmerzempfindlichkeit der Z\u00e4hne. Aber dies ist in der kurzen Testzeit nicht so schnell zu errreichen.<\/li>\n<li>Der Mundgeruch wird durch den minzigen Geschmack reduziert.<\/li>\n<li>Die Sauberkeit der Z\u00e4hne wird haupts\u00e4chlich durch das Putzen und nicht durch die Zahnmilch erreicht.<\/li>\n<li>Da ich keine Zahnfleischprobleme habe kann ich nicht sagen, ob sie dadurch reduziert werden.<\/li>\n<\/ul>\n<p>Das Projekt hat mir sehr gut gefallen und ich habe dadurch eine neue M\u00f6glichkeit f\u00fcr den Schutz meiner Z\u00e4hne gefunden, die ich zuk\u00fcnftig weiter anwenden werde.Ich gebe dem Produkt 5\/5 Sterne<\/p>\n<p><a href=\"https:\/\/i0.wp.com\/ohnis788407.de\/wp-content\/uploads\/2016\/05\/5-Sterne.jpg\"><img data-recalc-dims=\"1\" loading=\"lazy\" decoding=\"async\" class=\"size-full wp-image-6856 aligncenter\" src=\"https:\/\/i0.wp.com\/ohnis788407.de\/wp-content\/uploads\/2016\/05\/5-Sterne.jpg?resize=160%2C29\" alt=\"\" height=\"29\" width=\"160\"\/><\/a>Und meine Lieben wie hat Euch das Produkt gefallen? Lasst es mich wissen<\/p>\n<p><a href=\"https:\/\/i0.wp.com\/ohnis788407.de\/wp-content\/uploads\/http___signatures.mylivesignature.com_54494_215_E87B95618F8CB2A2E776EB7843604F84.png\"><img data-recalc-dims=\"1\" loading=\"lazy\" decoding=\"async\" class=\"size-full wp-image-7290 aligncenter\" src=\"https:\/\/i0.wp.com\/ohnis788407.de\/wp-content\/uploads\/http___signatures.mylivesignature.com_54494_215_E87B95618F8CB2A2E776EB7843604F84.png?resize=211%2C69\" alt=\"\" height=\"69\" width=\"211\"\/><\/a><em><span lang=\"de-DE\">Das Testprodukt wurden uns kostenlos zur Verf\u00fcgung gestellt. Der Bericht spiegelt unsere pers\u00f6nliche Meinung wieder. Vielen DANK an das&nbsp;freundin-trendlounge das wir das Produkt testen durften.<\/span><\/em><\/p>\n","protected":false},"excerpt":{"rendered":"<p>Ich hatte etwa einen Monat Zeit gehabt, die Biorepair Zahnmilch zu testen. Da ich sowieso schmerzempfindliche Z\u00e4hne habe behandle ich sie mit einer speziellen Zahncreme mit extra Fluor und habe auch lange Zeit von Biorepair die Zahnsp\u00fclung genutzt. Zum Test habe ich eine 500 ml-Flasche erhalten, die ich jeden Abend nach dem Z\u00e4hneputzen angewendet habe. <a class=\"read-more\" href=\"https:\/\/ohnis788407.de\/?p=8321\">Read More<\/a><\/p>\n","protected":false},"author":73,"featured_media":0,"comment_status":"open","ping_status":"open","sticky":false,"template":"","format":"standard","meta":{"ngg_post_thumbnail":0,"_jetpack_memberships_contains_paid_content":false,"footnotes":"","jetpack_publicize_message":"","jetpack_publicize_feature_enabled":true,"jetpack_social_post_already_shared":false,"jetpack_social_options":{"image_generator_settings":{"template":"highway","default_image_id":0,"font":"","enabled":false},"version":2}},"categories":[280,117,276],"tags":[],"class_list":["post-8321","post","type-post","status-publish","format-standard","hentry","category-biorepair-zahn-milch","category-produkttest","category-trendlounge"],"jetpack_publicize_connections":[],"jetpack_featured_media_url":"","jetpack-related-posts":[],"jetpack_sharing_enabled":true,"_links":{"self":[{"href":"https:\/\/ohnis788407.de\/index.php?rest_route=\/wp\/v2\/posts\/8321","targetHints":{"allow":["GET"]}}],"collection":[{"href":"https:\/\/ohnis788407.de\/index.php?rest_route=\/wp\/v2\/posts"}],"about":[{"href":"https:\/\/ohnis788407.de\/index.php?rest_route=\/wp\/v2\/types\/post"}],"author":[{"embeddable":true,"href":"https:\/\/ohnis788407.de\/index.php?rest_route=\/wp\/v2\/users\/73"}],"replies":[{"embeddable":true,"href":"https:\/\/ohnis788407.de\/index.php?rest_route=%2Fwp%2Fv2%2Fcomments&post=8321"}],"version-history":[{"count":5,"href":"https:\/\/ohnis788407.de\/index.php?rest_route=\/wp\/v2\/posts\/8321\/revisions"}],"predecessor-version":[{"id":9107,"href":"https:\/\/ohnis788407.de\/index.php?rest_route=\/wp\/v2\/posts\/8321\/revisions\/9107"}],"wp:attachment":[{"href":"https:\/\/ohnis788407.de\/index.php?rest_route=%2Fwp%2Fv2%2Fmedia&parent=8321"}],"wp:term":[{"taxonomy":"category","embeddable":true,"href":"https:\/\/ohnis788407.de\/index.php?rest_route=%2Fwp%2Fv2%2Fcategories&post=8321"},{"taxonomy":"post_tag","embeddable":true,"href":"https:\/\/ohnis788407.de\/index.php?rest_route=%2Fwp%2Fv2%2Ftags&post=8321"}],"curies":[{"name":"wp","href":"https:\/\/api.w.org\/{rel}","templated":true}]}}