{"id":8147,"date":"2017-05-01T21:42:54","date_gmt":"2017-05-01T19:42:54","guid":{"rendered":"http:\/\/ohnis788407.de\/?p=8147"},"modified":"2017-05-01T21:42:54","modified_gmt":"2017-05-01T19:42:54","slug":"christoph-lode-alias-daniel-wolf-und-seine-buecher","status":"publish","type":"post","link":"https:\/\/ohnis788407.de\/?p=8147","title":{"rendered":"Christoph Lode alias Daniel Wolf und seine B\u00fccher"},"content":{"rendered":"<p>Nicht nur meine Frau liest B\u00fccher sondern auch ich. Oder besser gesagt habe ich Monique zum Lesen gebracht. Ich lese gern Science-Fiction-Romane wie von Isaac Asimov; Fantasyromane aber auch Romane von Dan Brown. Nachdem ich viele B\u00fccher von Wolfgang Hohlbein gelesen habe, sowie alles von J.R.R. Tolkien habe ich angefangen historische Romane zu verschlingen. Erst Rebecca Gabl\u00e9 mit ihren Waringham-Romanen und sp\u00e4ter durch Zufall Daniel Wolf und seine Fleury-Romane.&nbsp;<\/p>\n<p><a href=\"https:\/\/i0.wp.com\/ohnis788407.de\/wp-content\/uploads\/1-B%C3%BCcherregal.jpg\"><img data-recalc-dims=\"1\" loading=\"lazy\" decoding=\"async\" class=\"size-full wp-image-8187 aligncenter\" src=\"https:\/\/i0.wp.com\/ohnis788407.de\/wp-content\/uploads\/1-B%C3%BCcherregal.jpg?resize=800%2C388\" alt=\"\" height=\"388\" width=\"800\" srcset=\"https:\/\/i0.wp.com\/ohnis788407.de\/wp-content\/uploads\/1-B%C3%BCcherregal.jpg?w=800&amp;ssl=1 800w, https:\/\/i0.wp.com\/ohnis788407.de\/wp-content\/uploads\/1-B%C3%BCcherregal.jpg?resize=300%2C146&amp;ssl=1 300w\" sizes=\"auto, (max-width: 800px) 100vw, 800px\" \/><\/a><\/p>\n<p>Die ersten beiden Romane: <strong>&#8222;Das Salz der Erde&#8220;<\/strong><\/p>\n<p>&nbsp;<a href=\"https:\/\/i0.wp.com\/ohnis788407.de\/wp-content\/uploads\/5-Das-Salz-der-Erde.jpg\"><img data-recalc-dims=\"1\" loading=\"lazy\" decoding=\"async\" class=\"wp-image-8191 size-medium aligncenter\" src=\"https:\/\/i0.wp.com\/ohnis788407.de\/wp-content\/uploads\/5-Das-Salz-der-Erde-240x300.jpg?resize=240%2C300\" alt=\"\" height=\"300\" width=\"240\" srcset=\"https:\/\/i0.wp.com\/ohnis788407.de\/wp-content\/uploads\/5-Das-Salz-der-Erde.jpg?resize=240%2C300&amp;ssl=1 240w, https:\/\/i0.wp.com\/ohnis788407.de\/wp-content\/uploads\/5-Das-Salz-der-Erde.jpg?w=800&amp;ssl=1 800w\" sizes=\"auto, (max-width: 240px) 100vw, 240px\" \/><\/a><\/p>\n<p>und <strong>&#8222;Das Licht der Welt&#8220;<\/strong><\/p>\n<p>&nbsp;<strong><a href=\"https:\/\/i0.wp.com\/ohnis788407.de\/wp-content\/uploads\/4-Das-Licht-der-Welt.jpg\"><img data-recalc-dims=\"1\" loading=\"lazy\" decoding=\"async\" class=\"wp-image-8190 size-medium aligncenter\" src=\"https:\/\/i0.wp.com\/ohnis788407.de\/wp-content\/uploads\/4-Das-Licht-der-Welt-232x300.jpg?resize=232%2C300\" alt=\"\" height=\"300\" width=\"232\" srcset=\"https:\/\/i0.wp.com\/ohnis788407.de\/wp-content\/uploads\/4-Das-Licht-der-Welt.jpg?resize=232%2C300&amp;ssl=1 232w, https:\/\/i0.wp.com\/ohnis788407.de\/wp-content\/uploads\/4-Das-Licht-der-Welt.jpg?resize=792%2C1024&amp;ssl=1 792w, https:\/\/i0.wp.com\/ohnis788407.de\/wp-content\/uploads\/4-Das-Licht-der-Welt.jpg?w=800&amp;ssl=1 800w\" sizes=\"auto, (max-width: 232px) 100vw, 232px\" \/><\/a><\/strong> handeln von dem oberlothringischen Salzh\u00e4ndler Michel de Fleury und seiner Familie. Diese B\u00fccher waren&nbsp; f\u00fcr mich der Einstand in die Welt der Fleurys und dem Kampf der Gilde der Kaufleute f\u00fcr ihre Rechte in der Stadt Varennes-Saint-Jacques. Da mir die Wartezeit bis zu Daniel Wolfs letzten Roman &#8222;Das Gold des Meeres&#8220; (das war im Sommer letzten Jahres) <strong>(2)<\/strong> zu lange gedauert hat, habe ich mir als L\u00fcckenf\u00fcller das eBook <strong>&#8222;Der Vasall des K\u00f6nigs&#8220;<\/strong> geholt<\/p>\n<p>.&nbsp;<a href=\"https:\/\/i0.wp.com\/ohnis788407.de\/wp-content\/uploads\/3-Der-Vasall-des-K%C3%B6nigs.jpg\"><img data-recalc-dims=\"1\" loading=\"lazy\" decoding=\"async\" class=\"wp-image-8189 size-medium aligncenter\" src=\"https:\/\/i0.wp.com\/ohnis788407.de\/wp-content\/uploads\/3-Der-Vasall-des-K%C3%B6nigs-169x300.jpg?resize=169%2C300\" alt=\"\" height=\"300\" width=\"169\" srcset=\"https:\/\/i0.wp.com\/ohnis788407.de\/wp-content\/uploads\/3-Der-Vasall-des-K%C3%B6nigs.jpg?resize=169%2C300&amp;ssl=1 169w, https:\/\/i0.wp.com\/ohnis788407.de\/wp-content\/uploads\/3-Der-Vasall-des-K%C3%B6nigs.jpg?resize=576%2C1024&amp;ssl=1 576w, https:\/\/i0.wp.com\/ohnis788407.de\/wp-content\/uploads\/3-Der-Vasall-des-K%C3%B6nigs.jpg?w=800&amp;ssl=1 800w\" sizes=\"auto, (max-width: 169px) 100vw, 169px\" \/><\/a><\/p>\n<p>(nur als &#8222;E-Only&#8220; erh\u00e4ltlich) Warum als eBook? Weil es mit seinen 126 Seiten zu kurz war, um als Roman oder Kurzgeschichte gedruckt zu werden. Es war es eindeutig wert gelesen zu werden und mal wieder etwas von der Familie Fleury zu h\u00f6ren. Aber 126 Seiten, egal ob auf Papier oder auf ePaper, sind nun mal schnell gelesen und ich hatte immer noch nicht das neue Buch. Und etwas anderes Lesen wollte ich nicht. Also habe ich etwas recherchiert, ob Daniel Wolf noch andere B\u00fccher geschrieben hat. Und siehe da, er hat unter seinem b\u00fcrgerlichen Namen Christoph Lode, sozusagen zum Beginn seiner Schriftstellerkariere auch noch ein paar B\u00fccher geschrieben.<\/p>\n<p>Da war als erstes <strong>&#8222;Der Gesandte des Papstes&#8220;<\/strong>,<strong>&nbsp;<\/strong><\/p>\n<p><a href=\"https:\/\/i0.wp.com\/ohnis788407.de\/wp-content\/uploads\/6-Der-Gesandte-des-Papstes.jpg\"><img data-recalc-dims=\"1\" loading=\"lazy\" decoding=\"async\" class=\"aligncenter wp-image-8192 size-medium\" src=\"https:\/\/i0.wp.com\/ohnis788407.de\/wp-content\/uploads\/6-Der-Gesandte-des-Papstes-229x300.jpg?resize=229%2C300\" alt=\"\" height=\"300\" width=\"229\" srcset=\"https:\/\/i0.wp.com\/ohnis788407.de\/wp-content\/uploads\/6-Der-Gesandte-des-Papstes.jpg?resize=229%2C300&amp;ssl=1 229w, https:\/\/i0.wp.com\/ohnis788407.de\/wp-content\/uploads\/6-Der-Gesandte-des-Papstes.jpg?resize=780%2C1024&amp;ssl=1 780w, https:\/\/i0.wp.com\/ohnis788407.de\/wp-content\/uploads\/6-Der-Gesandte-des-Papstes.jpg?w=800&amp;ssl=1 800w\" sizes=\"auto, (max-width: 229px) 100vw, 229px\" \/><\/a><\/p>\n<p>was mich sehr gefesselt hat. In dem Roman geht es um den Lothringischen Ritter Raoul von Bazerat, der totkrank eine Pilgerfahrt&nbsp; nach Rom antritt, um dort um Vergebung seiner S\u00fcnden zu bitten. Aber dies ist nicht das Ende seines Weges sondern der Anfang einer Jagd nach dem legend\u00e4ren Stab des heiligen Antonius. Und somit befindet er sich im Zentrum von Intrigen und Machtk\u00e4mpfen im beginnenden 14.Jahrhundert. Ich fand das Buch sehr spannend und konnte mich wie in den Fleury-Romanen sehr in Raoul und seine Zeit hinein versetzen. Christoph Lode versteht es seine Leser zu fesseln und die Zeit anschaulich zu verdeutlichen.<\/p>\n<p>Anschlie\u00dfend las ich <strong>&#8222;Das Verm\u00e4chtnis der Seherin&#8220;<\/strong>.&nbsp;<\/p>\n<p><a href=\"https:\/\/i0.wp.com\/ohnis788407.de\/wp-content\/uploads\/7-Das-Verm%C3%A4chtnis-der-Seherin.jpg\"><img data-recalc-dims=\"1\" loading=\"lazy\" decoding=\"async\" class=\"aligncenter wp-image-8193 size-medium\" src=\"https:\/\/i0.wp.com\/ohnis788407.de\/wp-content\/uploads\/7-Das-Verm%C3%A4chtnis-der-Seherin-258x300.jpg?resize=258%2C300\" alt=\"\" height=\"300\" width=\"258\" srcset=\"https:\/\/i0.wp.com\/ohnis788407.de\/wp-content\/uploads\/7-Das-Verm%C3%A4chtnis-der-Seherin.jpg?resize=258%2C300&amp;ssl=1 258w, https:\/\/i0.wp.com\/ohnis788407.de\/wp-content\/uploads\/7-Das-Verm%C3%A4chtnis-der-Seherin.jpg?w=800&amp;ssl=1 800w\" sizes=\"auto, (max-width: 258px) 100vw, 258px\" \/><\/a><\/p>\n<p>Darin geht es um die j\u00fcdische Gauklerin Rahel, die als Kind der Judenverfolgung in ihrer Heimatstadt Rouen entkommt. Viele Jahre sp\u00e4ter erf\u00e4hrt sie, dass ihre Mutter eine m\u00e4chtige Seherin war und einem Geheimbund angeh\u00f6rte. Sie macht sich auf die Suche nach einem uralten Heiligtum, das den Funken g\u00f6ttlicher Macht enthalten soll. Aber wen kann sie trauen? Dieses Buch ist ebenso spannend geschrieben und wieder schnell gelesen. Man erf\u00e4hrt einiges \u00fcber das j\u00fcdisches Leben im 13. Jahrhundert und ihrem Kampf ums \u00dcberleben.<\/p>\n<p>In der Zwischenzeit hatte ich Christoph Lode alias Daniel Wolf auch in Facebook kennen gelernt. Er kommt aus Speyer und ist ein Mensch wie du und ich. Nur, dass er Schriftsteller ist und nicht abgehoben. Ich kam mit ihm irgendwie ins Gespr\u00e4ch und fragte ihn, was er so mit seinen Notizb\u00fcchern macht, die er zum Schreiben seiner B\u00fccher nutzt. Er meinte nur, dass er sie aufhebe aber f\u00fcr andere kaum lesbar sind. Wegen seiner &#8222;Sauklaue&#8220; und er, was er abgetippt hat, durchstreicht. Aber er wollte mal schauen, ob er ein &#8222;repr\u00e4sentables&#8220; findet und es mir zuschicken. Er fand eines&nbsp;<\/p>\n<p><a href=\"https:\/\/i0.wp.com\/ohnis788407.de\/wp-content\/uploads\/9-Moleskine-Notizbuch.jpg\"><img data-recalc-dims=\"1\" loading=\"lazy\" decoding=\"async\" class=\"aligncenter wp-image-8195 size-large\" src=\"https:\/\/i0.wp.com\/ohnis788407.de\/wp-content\/uploads\/9-Moleskine-Notizbuch-684x1024.jpg?resize=640%2C958\" alt=\"\" height=\"958\" width=\"640\" srcset=\"https:\/\/i0.wp.com\/ohnis788407.de\/wp-content\/uploads\/9-Moleskine-Notizbuch.jpg?resize=684%2C1024&amp;ssl=1 684w, https:\/\/i0.wp.com\/ohnis788407.de\/wp-content\/uploads\/9-Moleskine-Notizbuch.jpg?resize=201%2C300&amp;ssl=1 201w, https:\/\/i0.wp.com\/ohnis788407.de\/wp-content\/uploads\/9-Moleskine-Notizbuch.jpg?w=800&amp;ssl=1 800w\" sizes=\"auto, (max-width: 640px) 100vw, 640px\" \/><\/a><\/p>\n<p>aus der Anfangszeit von <strong>&#8222;Das Salz der Erde&#8220;<\/strong>.&nbsp;<\/p>\n<p><a href=\"https:\/\/i0.wp.com\/ohnis788407.de\/wp-content\/uploads\/10-Das-Salz-der-Erde-mit-Notizbuch.jpg\"><img data-recalc-dims=\"1\" loading=\"lazy\" decoding=\"async\" class=\"aligncenter wp-image-8196 size-medium\" src=\"https:\/\/i0.wp.com\/ohnis788407.de\/wp-content\/uploads\/10-Das-Salz-der-Erde-mit-Notizbuch-300x203.jpg?resize=300%2C203\" alt=\"\" height=\"203\" width=\"300\" srcset=\"https:\/\/i0.wp.com\/ohnis788407.de\/wp-content\/uploads\/10-Das-Salz-der-Erde-mit-Notizbuch.jpg?resize=300%2C203&amp;ssl=1 300w, https:\/\/i0.wp.com\/ohnis788407.de\/wp-content\/uploads\/10-Das-Salz-der-Erde-mit-Notizbuch.jpg?w=800&amp;ssl=1 800w\" sizes=\"auto, (max-width: 300px) 100vw, 300px\" \/><\/a><\/p>\n<p>Dies war das erste Buch als Daniel Wolf und mein Einstieg in die Fleury-Romane. Im M\u00e4rz letzten Jahres hatte ich sein (Moleskine)-Notizbuch dann in meinem Briefkasten. Ich habe mich total dar\u00fcber gefreut und es gleich durchgelesen. Zumnidest das, was ich entziffern konnte. Es hat seit dem einen wichtigen Platz in meinem B\u00fccherregal.<\/p>\n<p>Vor Kurzem erfuhr ich aus einem seiner Beitr\u00e4ge von einem weiteren Roman \u00fcber Raoul von Bazerat. 6 Jahre nach den Ereignissen von <strong>&#8222;Der Gesandte des Papstes&#8220;<\/strong> entf\u00fchrt uns Raoul in <strong>&#8222;Die Bruderschaft des Schwertes&#8220;<\/strong>&nbsp;<\/p>\n<p><a href=\"https:\/\/i0.wp.com\/ohnis788407.de\/wp-content\/uploads\/8-Die-Bruderschaft-des-Schwertes.jpg\"><img data-recalc-dims=\"1\" loading=\"lazy\" decoding=\"async\" class=\"aligncenter wp-image-8194 size-medium\" src=\"https:\/\/i0.wp.com\/ohnis788407.de\/wp-content\/uploads\/8-Die-Bruderschaft-des-Schwertes-264x300.jpg?resize=264%2C300\" alt=\"\" height=\"300\" width=\"264\" srcset=\"https:\/\/i0.wp.com\/ohnis788407.de\/wp-content\/uploads\/8-Die-Bruderschaft-des-Schwertes.jpg?resize=264%2C300&amp;ssl=1 264w, https:\/\/i0.wp.com\/ohnis788407.de\/wp-content\/uploads\/8-Die-Bruderschaft-des-Schwertes.jpg?w=800&amp;ssl=1 800w\" sizes=\"auto, (max-width: 264px) 100vw, 264px\" \/><\/a><\/p>\n<p>in die Zeit des untergehenden Byzantinischen Reiches. Raouls f\u00fcnfj\u00e4hrige Tochter wird mithilfe des fanatischen Schwertbr\u00fcderordens von einem reichen persischen Kaufmann entf\u00fchrt und in eine Burg nach Litauen gebracht. Raoul, Hauptmann in der Armee des Kaisers, nimmt die Verfolgung des Kaufmanns auf, der sich als gef\u00e4hrliches Wesen entpuppt. Auf der Jagd von Konstantinopel nach Litauen durchquert er heidnische L\u00e4nder und lernt neue Freunde kennen, trifft aber auch auf eine alte Bekannte aus <strong>&#8222;Das Verm\u00e4chtnis der Seherin&#8220;<\/strong>. Dieses Buch habe ich regelrecht in k\u00fcrzester Zeit verschlungen und habe mich \u00fcber das Wiedersehen mit Raoul von Bazerat gefreut. Interessant fand ich die Erz\u00e4hlung \u00fcber die Zeit w\u00e4hrend des Untergangs des byzantinischen Reiches und das Leben im Osten Europas au\u00dferhalb des R\u00f6mischen Reiches. <strong>&#8222;Die Bruderschaft des Schwertes&#8220;<\/strong> ist Christoph Lodes heimlicher Liebling unter seinen ersten B\u00fcchern. Und findet es schade, dass die B\u00fccher damals nicht so viel Aufmerksamkeit bekamen und recht schnell aus dem Handel verschwanden.<\/p>\n<p>In der Zwischenzeit habe ich auch <strong>&#8222;Das Gold des Meeres&#8220;<\/strong> und freue mich darauf, es die Tage lesen zu k\u00f6nnen. Und n\u00e4chstes Jahr im M\u00e4rz kommt schon der 4. Teil der Fleury-Saga mit dem Titel: <strong>&#8222;Die Gabe des Himmels&#8220;<\/strong> heraus. Daniel Wolf hat w\u00e4hrend der Schaffungszeit an seinem neuen Roman seine Fans in Facebook teilhaben lassen. Seien es die B\u00fccher, aus denen er recherchiert hat oder Fakten zu seinem Buch. Auch davon lebt ein Schriftsteller, an der N\u00e4he zu seinen Fans.<\/p>\n<p>Wie sieht es bei Euch aus habt ihr schon pers\u00f6nlichen Kontakt zu Euren Lieblingsschriftstellern gehabt? Lasst es mich wissen Euer<\/p>\n<p><a href=\"https:\/\/i0.wp.com\/ohnis788407.de\/wp-content\/uploads\/http___signatures.mylivesignature.com_54494_215_E87B95618F8CB2A2E776EB7843604F84.png\"><img data-recalc-dims=\"1\" loading=\"lazy\" decoding=\"async\" class=\"size-full wp-image-7290 aligncenter\" src=\"https:\/\/i0.wp.com\/ohnis788407.de\/wp-content\/uploads\/http___signatures.mylivesignature.com_54494_215_E87B95618F8CB2A2E776EB7843604F84.png?resize=211%2C69\" alt=\"\" height=\"69\" width=\"211\"\/><\/a><\/p>\n","protected":false},"excerpt":{"rendered":"<p>Nicht nur meine Frau liest B\u00fccher sondern auch ich. Oder besser gesagt habe ich Monique zum Lesen gebracht. Ich lese gern Science-Fiction-Romane wie von Isaac Asimov; Fantasyromane aber auch Romane von Dan Brown. Nachdem ich viele B\u00fccher von Wolfgang Hohlbein gelesen habe, sowie alles von J.R.R. Tolkien habe ich angefangen historische Romane zu verschlingen. Erst <a class=\"read-more\" href=\"https:\/\/ohnis788407.de\/?p=8147\">Read More<\/a><\/p>\n","protected":false},"author":73,"featured_media":0,"comment_status":"open","ping_status":"open","sticky":false,"template":"","format":"standard","meta":{"ngg_post_thumbnail":0,"_jetpack_memberships_contains_paid_content":false,"footnotes":"","jetpack_publicize_message":"","jetpack_publicize_feature_enabled":true,"jetpack_social_post_already_shared":false,"jetpack_social_options":{"image_generator_settings":{"template":"highway","default_image_id":0,"font":"","enabled":false},"version":2}},"categories":[87],"tags":[],"class_list":["post-8147","post","type-post","status-publish","format-standard","hentry","category-gelesene-bucher"],"jetpack_publicize_connections":[],"jetpack_featured_media_url":"","jetpack-related-posts":[],"jetpack_sharing_enabled":true,"_links":{"self":[{"href":"https:\/\/ohnis788407.de\/index.php?rest_route=\/wp\/v2\/posts\/8147","targetHints":{"allow":["GET"]}}],"collection":[{"href":"https:\/\/ohnis788407.de\/index.php?rest_route=\/wp\/v2\/posts"}],"about":[{"href":"https:\/\/ohnis788407.de\/index.php?rest_route=\/wp\/v2\/types\/post"}],"author":[{"embeddable":true,"href":"https:\/\/ohnis788407.de\/index.php?rest_route=\/wp\/v2\/users\/73"}],"replies":[{"embeddable":true,"href":"https:\/\/ohnis788407.de\/index.php?rest_route=%2Fwp%2Fv2%2Fcomments&post=8147"}],"version-history":[{"count":25,"href":"https:\/\/ohnis788407.de\/index.php?rest_route=\/wp\/v2\/posts\/8147\/revisions"}],"predecessor-version":[{"id":8200,"href":"https:\/\/ohnis788407.de\/index.php?rest_route=\/wp\/v2\/posts\/8147\/revisions\/8200"}],"wp:attachment":[{"href":"https:\/\/ohnis788407.de\/index.php?rest_route=%2Fwp%2Fv2%2Fmedia&parent=8147"}],"wp:term":[{"taxonomy":"category","embeddable":true,"href":"https:\/\/ohnis788407.de\/index.php?rest_route=%2Fwp%2Fv2%2Fcategories&post=8147"},{"taxonomy":"post_tag","embeddable":true,"href":"https:\/\/ohnis788407.de\/index.php?rest_route=%2Fwp%2Fv2%2Ftags&post=8147"}],"curies":[{"name":"wp","href":"https:\/\/api.w.org\/{rel}","templated":true}]}}