{"id":8095,"date":"2017-03-31T15:50:38","date_gmt":"2017-03-31T13:50:38","guid":{"rendered":"http:\/\/ohnis788407.de\/?p=8095"},"modified":"2022-03-11T12:47:12","modified_gmt":"2022-03-11T11:47:12","slug":"hast-du-schon-die-neuen-produkte-in-der-alterra-kosmetiktheke-entdeckt","status":"publish","type":"post","link":"https:\/\/ohnis788407.de\/?p=8095","title":{"rendered":"hast du schon die neuen Produkte in der Alterra Kosmetiktheke entdeckt?"},"content":{"rendered":"<p><img data-recalc-dims=\"1\" loading=\"lazy\" decoding=\"async\" title=\"Alterra Naturkosmetikg\" src=\"https:\/\/i0.wp.com\/img.srv2.de\/bm\/img\/78\/7\/787249c7df0873dbc07058248d5765ff11fee5ec34253bf0a32ce1ce7e0e14e2.jpg?resize=612%2C410\" alt=\"Alterra Naturkosmetikg\" height=\"410\" border=\"0\" width=\"612\"\/><\/p>\n<p><span style=\"color: #666666; font-family: Arial,sans-serif; font-size: small;\">ein Blick in die <b>Kosmetiktheke <\/b>von <b>Alterra Naturkosmetik<\/b> lohnt sich &#8211; es gibt n\u00e4mlich ein paar wirklich <b>spannende neue Produkte<\/b>.<\/p>\n<p>Neben dem <b>5-Free Nagellack<\/b> in einem wundersch\u00f6nen <b>Beeren-Ton<\/b> ist vor allem die <b>Lash Activating Mascara<\/b> mit ihrer <b>Base <\/b>total interessant.<\/span><\/p>\n<p><img data-recalc-dims=\"1\" loading=\"lazy\" decoding=\"async\" title=\"Alterra Lash Activating Mascara\" src=\"https:\/\/i0.wp.com\/img.srv2.de\/bm\/img\/b6\/d\/b6de5caf5ef7d8caf7673f5f0324266ff8c58dc307df1f7ae53806a7c94a6e98.jpg?resize=295%2C295\" alt=\"Alterra Lash Activating Mascara\" height=\"295\" border=\"0\" width=\"295\"\/><span style=\"color: #666666; font-family: Arial,sans-serif; font-size: small;\">Die <b>Lash Activating Mascara<\/b> hat 2 Komponenten:<br \/>\n1.&nbsp;Die <b>Base st\u00e4rkt <\/b>und <b>sch\u00fctzt <\/b>die Wimpern, macht sie geschmeidiger und gl\u00e4nzender und beugt dem Abbrechen vor.<br \/>\n2. Die <b>Mascara pflegt <\/b>zus\u00e4tzlich mit Bio-Argan\u00f6l, Bio-Karmelien\u00f6l, Bio-Kokos\u00f6l und L-Arginin.<\/p>\n<p><b>Inhalt:<\/b> 2 x 7 ml<br \/>\n<b>Preis:<\/b>&nbsp;3,99 \u20ac<\/p>\n<p>&nbsp;&nbsp;&nbsp;&nbsp;&nbsp;&nbsp;&nbsp;&nbsp;<\/span><\/p>\n<p><img data-recalc-dims=\"1\" loading=\"lazy\" decoding=\"async\" title=\"Alterra Nagellack\" src=\"https:\/\/i0.wp.com\/img.srv2.de\/bm\/img\/fe\/4\/fe46fed8e9accc9627954e147596608306c178dfa8a56d60f46e94df97f6f6dd.jpg?resize=290%2C290\" alt=\"Alterra Nagellack\" height=\"290\" border=\"0\" width=\"290\"\/><span style=\"color: #666666; font-family: Arial,sans-serif; font-size: small;\">Der <b>Nagellack <\/b>in der <b>Nuance 04 Berry<\/b> mit <b>Bio-Argan\u00f6l<\/b> ist <b>5-Free<\/b>: Er kommt ohne Phthalate, ohne Toloul, ohne&nbsp;Formaldehyd, ohne Campher und ohne Kolophonium aus.&nbsp;<\/p>\n<p><b>Inhalt:<\/b>&nbsp;11 ml<br \/>\n<b>Preis:<\/b> 3,49 \u20ac<\/p>\n<p><\/span><\/p>\n<p><img data-recalc-dims=\"1\" loading=\"lazy\" decoding=\"async\" title=\"Alterra Contouring Palette\" src=\"https:\/\/i0.wp.com\/img.srv2.de\/bm\/img\/14\/4\/144f6fa68ac4dd3d787db7f1ad5c2c8d99cd234ee6be282a3a84cb6deedeffdf.jpg?resize=295%2C295\" alt=\"Alterra Contouring Palette\" height=\"295\" border=\"0\" width=\"295\"\/><span style=\"color: #666666; font-family: Arial,sans-serif; font-size: small;\">Das <b>Contouring Set<\/b> mit <b>Bio-Sonnenblumen\u00f6l<\/b> hat eine besonders <b>cremige Konsistenz<\/b>, definiert die Konturen und sorgt f\u00fcr ein perfektes Finish. Der<b> <\/b>helle Farbton setzt Highlights und der dunkle Farbton definiert die Konturen.<\/p>\n<p><b>Preis:<\/b> 3,99 \u20ac<\/p>\n<p>&nbsp;&nbsp;&nbsp;&nbsp;&nbsp;&nbsp;&nbsp;&nbsp;<\/span><\/p>\n<p><img data-recalc-dims=\"1\" loading=\"lazy\" decoding=\"async\" title=\"Alterra Trio Eyeshadow\" src=\"https:\/\/i0.wp.com\/img.srv2.de\/bm\/img\/8e\/d\/8ed5ad7a2d708f5f72ad9156a994eade9aab99c062d9c0fb15a2afd6df7a3cf8.jpg?resize=290%2C290\" alt=\"Alterra Trio Eyeshadow\" height=\"290\" border=\"0\" width=\"290\"\/><span style=\"color: #666666; font-family: Arial,sans-serif; font-size: small;\">Das <b>Lidschatten-Trio<\/b> mit <b>Bio-Granatapfelsamenextrakt<\/b> gibt es in drei neuen Nuancen. Die&nbsp;Augen- und Kontaktlinsenvertr\u00e4glichkeit ist augen\u00e4rztlich best\u00e4tigt.<\/p>\n<p><b>Nuancen:&nbsp;<\/b><br \/>\n03 Smokey Greys<br \/>\n04 Blue Water<br \/>\n05 Taupe<\/p>\n<p><b>Preis:<\/b>&nbsp;je 3,29 \u20ac<\/p>\n<p>&nbsp;&nbsp;&nbsp;&nbsp;&nbsp;&nbsp;&nbsp;&nbsp;<br \/>\n(au\u00dfer 05 Taupe<\/span>)<\/p>\n<p><img data-recalc-dims=\"1\" loading=\"lazy\" decoding=\"async\" title=\"Alterra Highlighting Set\" src=\"https:\/\/i0.wp.com\/img.srv2.de\/bm\/img\/a4\/a\/a4af3989cf546914b7df87ad9489795da75de4694e8a2984843128bdcb0e9217.jpg?resize=295%2C295\" alt=\"Alterra Highlighting Set\" height=\"295\" border=\"0\" width=\"295\"\/><span style=\"color: #666666; font-family: Arial,sans-serif; font-size: small;\">Das <b>Highlighting Set<\/b> mit <b>Bio-Granatapfelsamenextrakt<\/b> sorgt f\u00fcr&nbsp;einen <b>strahlenden <\/b>und <b>leuchtenden Teint <\/b>mit frischem Glow. Das Ros\u00e9 ist ideal f\u00fcr die Wangenknochen und der Creme-Ton f\u00fcr Highlights auf der Nase, im Augeninnenwinkel oder unter den Augenbrauen.<\/p>\n<p><b>Preis:<\/b> 3,99 \u20ac<\/p>\n<p><\/span><\/p>\n<p>Und meine Lieben ist was sch\u00f6nes f\u00fcr Euch dabei? Verratet es mir doch<\/p>\n<p><a href=\"https:\/\/i0.wp.com\/ohnis788407.de\/wp-content\/uploads\/2014\/05\/http___signatures.mylivesignature.com_54492_60_377ADCD7679D64BDCE764840903426A3.png\"><img data-recalc-dims=\"1\" loading=\"lazy\" decoding=\"async\" class=\"size-full wp-image-3497 aligncenter\" src=\"https:\/\/i0.wp.com\/ohnis788407.de\/wp-content\/uploads\/2014\/05\/http___signatures.mylivesignature.com_54492_60_377ADCD7679D64BDCE764840903426A3.png?resize=180%2C80\" alt=\"\" height=\"80\" width=\"180\"\/><\/a><\/p>\n","protected":false},"excerpt":{"rendered":"<p>ein Blick in die Kosmetiktheke von Alterra Naturkosmetik lohnt sich &#8211; es gibt n\u00e4mlich ein paar wirklich spannende neue Produkte. Neben dem 5-Free Nagellack in einem wundersch\u00f6nen Beeren-Ton ist vor allem die Lash Activating Mascara mit ihrer Base total interessant. Die Lash Activating Mascara hat 2 Komponenten: 1.&nbsp;Die Base st\u00e4rkt und sch\u00fctzt die Wimpern, macht <a class=\"read-more\" href=\"https:\/\/ohnis788407.de\/?p=8095\">Read More<\/a><\/p>\n","protected":false},"author":1,"featured_media":0,"comment_status":"open","ping_status":"open","sticky":false,"template":"","format":"standard","meta":{"ngg_post_thumbnail":0,"_jetpack_memberships_contains_paid_content":false,"footnotes":"","jetpack_publicize_message":"","jetpack_publicize_feature_enabled":true,"jetpack_social_post_already_shared":false,"jetpack_social_options":{"image_generator_settings":{"template":"highway","default_image_id":0,"font":"","enabled":false},"version":2}},"categories":[253,137],"tags":[],"class_list":["post-8095","post","type-post","status-publish","format-standard","hentry","category-alterra","category-rossmann-blogger-newsletter"],"jetpack_publicize_connections":[],"jetpack_featured_media_url":"","jetpack-related-posts":[],"jetpack_sharing_enabled":true,"_links":{"self":[{"href":"https:\/\/ohnis788407.de\/index.php?rest_route=\/wp\/v2\/posts\/8095","targetHints":{"allow":["GET"]}}],"collection":[{"href":"https:\/\/ohnis788407.de\/index.php?rest_route=\/wp\/v2\/posts"}],"about":[{"href":"https:\/\/ohnis788407.de\/index.php?rest_route=\/wp\/v2\/types\/post"}],"author":[{"embeddable":true,"href":"https:\/\/ohnis788407.de\/index.php?rest_route=\/wp\/v2\/users\/1"}],"replies":[{"embeddable":true,"href":"https:\/\/ohnis788407.de\/index.php?rest_route=%2Fwp%2Fv2%2Fcomments&post=8095"}],"version-history":[{"count":3,"href":"https:\/\/ohnis788407.de\/index.php?rest_route=\/wp\/v2\/posts\/8095\/revisions"}],"predecessor-version":[{"id":11051,"href":"https:\/\/ohnis788407.de\/index.php?rest_route=\/wp\/v2\/posts\/8095\/revisions\/11051"}],"wp:attachment":[{"href":"https:\/\/ohnis788407.de\/index.php?rest_route=%2Fwp%2Fv2%2Fmedia&parent=8095"}],"wp:term":[{"taxonomy":"category","embeddable":true,"href":"https:\/\/ohnis788407.de\/index.php?rest_route=%2Fwp%2Fv2%2Fcategories&post=8095"},{"taxonomy":"post_tag","embeddable":true,"href":"https:\/\/ohnis788407.de\/index.php?rest_route=%2Fwp%2Fv2%2Ftags&post=8095"}],"curies":[{"name":"wp","href":"https:\/\/api.w.org\/{rel}","templated":true}]}}