{"id":6644,"date":"2016-03-23T16:25:51","date_gmt":"2016-03-23T15:25:51","guid":{"rendered":"http:\/\/ohnis788407.de\/?p=6644"},"modified":"2020-05-14T17:49:37","modified_gmt":"2020-05-14T15:49:37","slug":"6644","status":"publish","type":"post","link":"https:\/\/ohnis788407.de\/?p=6644","title":{"rendered":"Locken \u00fcber Nacht &#8211; Balea Badvergn\u00fcgen &#8211; dm Marken Insider Newsletter"},"content":{"rendered":"<div class=\"widthLimit\">\n<h2 class=\"contentView-title\">Locken \u00fcber Nacht &#8211; Balea Badvergn\u00fcgen<\/h2>\n<div class=\"subline contentView-description\">\n<p>Klingt es nicht auch zu sch\u00f6n um wahr zu sein? Mit nur einem Haarband \u00fcber Nacht glatte Haare in wundervolle Locken zaubern? Wie das geht zeigen wir dir in der zweiten Folge Balea Badvergn\u00fcgen. Lass dich von unseren Lockenexperten verlocken und sammel wertvolle\u00a0Tipps &amp; Tricks rund um das Thema Haarpflege.<\/p>\n<div class=\"contentList\">\n<div class=\"content-text\">\n<p><strong>Produkte aus der Sendung<\/strong><\/p>\n<p>Im Video haben\u00a0wir einige Produkte in der Anwendung gezeigt. Die wichtigsten Produkte zeigen wir dir hier noch mal genau. Wenn du alle Balea Produkte sehen m\u00f6chtest, die f\u00fcr lockige Haare geeignet sind, dann kannst du gerne unsere <a href=\"https:\/\/www.dm.de\/dm-marken\/balea\/badvergnuegen-locken\/\">Badvergn\u00fcgen Webseite <\/a>besuchen.<\/p>\n<div class=\"contentList\">\n<div class=\"teaser1-3\">\n<div class=\"productTeaser\">\n<div class=\"productTeaser-content clearfix\">\n<div class=\"productTeaser-imgContainer\">\n<ul>\n<li>\n<div class=\"productTeaser-img-single\">\n<div><\/div>\n<\/div>\n<\/li>\n<\/ul>\n<\/div>\n<h3 class=\"productTeaser-hl\"><strong>Balea Prof. Locken Shampoo<\/strong><\/h3>\n<div class=\"productTeaser-text\">\n<p>Das Locken Shampoo mit der leistungsstarken Pflegeformel reinigt das Haar sanft, verleiht ihm seidigen Glanz und Sprungkraft vom Ansatz bis in die Spitzen &#8211; f\u00fcr sichtbar geschmeidig weiche und glamour\u00f6se Locken, die in Form bleiben.<\/p>\n<p>Vegan.<\/p>\n<\/div>\n<div class=\"productTeaser-price-main\">250 ml: 1,35 \u20ac<\/div>\n<div class=\"productTeaser-price-sub\">100 ml: 0,54\u20ac<\/div>\n<\/div>\n<\/div>\n<\/div>\n<div class=\"teaser1-3\">\n<div class=\"productTeaser\">\n<div class=\"productTeaser-content clearfix\">\n<div class=\"productTeaser-imgContainer\">\n<ul>\n<li>\n<div class=\"productTeaser-img-single\">\n<div><\/div>\n<\/div>\n<\/li>\n<\/ul>\n<\/div>\n<h3 class=\"productTeaser-hl\"><strong>Balea Prof. Locken Sp\u00fclung<\/strong><\/h3>\n<div class=\"productTeaser-text\">\n<p>B\u00e4ndigt auch krauses oder widerspenstiges Haar. F\u00fcr Sprungkraft, Elastizit\u00e4t und bis zu 24h definierte Locken. Gesund gl\u00e4nzende Locken voller Lebendigkeit. Pflegt das Haar geschmeidig, f\u00fcr perfekte K\u00e4mmbarkeit.<\/p>\n<p>Vegan.<\/p>\n<\/div>\n<div class=\"productTeaser-price-main\">200 ml: 1,35 \u20ac<\/div>\n<div class=\"productTeaser-price-sub\">100 ml: 0,68 \u20ac<\/div>\n<\/div>\n<\/div>\n<\/div>\n<div class=\"teaser1-3\">\n<div class=\"productTeaser\">\n<div class=\"productTeaser-content clearfix\">\n<div class=\"productTeaser-imgContainer\">\n<ul>\n<li>\n<div class=\"productTeaser-img-single\">\n<div><\/div>\n<\/div>\n<\/li>\n<\/ul>\n<\/div>\n<h3 class=\"productTeaser-hl\"><strong>Balea Prof. Locken Power Spray<\/strong><\/h3>\n<div class=\"productTeaser-text\">\n<p>Das Locken Power Spray mit der leistungsstarken Pflegeformel bringt m\u00fcde Wellen wieder in Form und verleiht dem Haar seidigen Glanz und Sprungkraft vom Ansatz bis in die Spitzen \u2013 f\u00fcr sichtbar geschmeidig weiche und glamour\u00f6se Locken, die in Form bleiben.<\/p>\n<p>Vegan.<\/p>\n<\/div>\n<div class=\"productTeaser-price-main\">150 ml: 2,45\u20ac<\/div>\n<div class=\"productTeaser-price-sub\">100 ml: 1,63 \u20ac<\/div>\n<\/div>\n<\/div>\n<\/div>\n<div class=\"teaser1-3\">\n<div class=\"productTeaser\">\n<div class=\"productTeaser-content clearfix\">\n<div class=\"productTeaser-imgContainer\">\n<ul>\n<li>\n<div class=\"productTeaser-img-single\">\n<div><\/div>\n<\/div>\n<\/li>\n<\/ul>\n<\/div>\n<h3 class=\"productTeaser-hl\"><strong>Balea Prof. Locken Styling Cream<\/strong><\/h3>\n<div class=\"productTeaser-text\">\n<p>Balea Professional Locken Styling Cream mit der leistungsstarken Pflegeformel verleiht dem Haar seidigen Glanz und Sprungkraft bis in die Spitzen \u2013 f\u00fcr sichtbar definierte und glamour\u00f6se Locken, die in Form bleiben.<\/p>\n<p>Vegan.<\/p>\n<\/div>\n<div class=\"productTeaser-price-main\">150 ml: 2,95\u20ac<\/div>\n<div class=\"productTeaser-price-sub\">100 ml: 1,97 \u20ac<\/div>\n<\/div>\n<\/div>\n<\/div>\n<div class=\"teaser1-3\">\n<div class=\"productTeaser\">\n<div class=\"productTeaser-content clearfix\">\n<div class=\"productTeaser-imgContainer\">\n<ul>\n<li>\n<div class=\"productTeaser-img-single\">\n<div><\/div>\n<\/div>\n<\/li>\n<\/ul>\n<\/div>\n<h3 class=\"productTeaser-hl\"><strong>Balea Locken Mousse<\/strong><\/h3>\n<div class=\"productTeaser-text\">\n<p>Das Lockmittel f\u00fcr bet\u00f6rende Locken mit perfektem Volumen und atemberaubender Sprungkraft. F\u00fcr einen ultrasexy Auftritt mit verlockenden Haaren.<\/p>\n<ul>\n<li>F\u00fcr perfekte Locken und Volumen.<\/li>\n<li>Verleiht dem Haar nat\u00fcrlichen Glanz.<\/li>\n<li>Verbesserte K\u00e4mmbarkeit.<\/li>\n<li>Verf\u00fchrerischer Vanille-Duft.<\/li>\n<li>Mit UV-Filter und Provitamin B5.<\/li>\n<\/ul>\n<p>Vegan.<\/p>\n<\/div>\n<div class=\"productTeaser-price-main\">250 ml: 1,55 \u20ac<\/div>\n<div class=\"productTeaser-price-sub\">100 ml: 0,54\u20ac<\/div>\n<\/div>\n<\/div>\n<\/div>\n<div class=\"teaser1-3\">\n<div class=\"productTeaser\">\n<div class=\"productTeaser-content clearfix\">\n<div class=\"productTeaser-imgContainer\">\n<ul>\n<li>\n<div class=\"productTeaser-img-single\">\n<div><\/div>\n<\/div>\n<\/li>\n<\/ul>\n<\/div>\n<h3 class=\"productTeaser-hl\"><strong>Balea Definierende Lockenlotion<\/strong><\/h3>\n<div class=\"productTeaser-text\">\n<p>Keine Chance f\u00fcr glanzlose Styles und Frizz. F\u00fcr Stylings mit Power-Locken und einem nat\u00fcrlichen, gesund gl\u00e4nzenden Look. Mit der speziell abgestimmten Formel beh\u00e4ltst du immer die Kontrolle \u00fcber deine Locken.<\/p>\n<ul>\n<li>Definierte Locken ohne Frizz.<\/li>\n<li>Verleiht dem Haar einen seidigen Glanz.<\/li>\n<li>Verwandelt krause und widerspenstige Haare in seidige, definierte Locken mit neuer Sprungkraft.<\/li>\n<\/ul>\n<p>Vegan.<\/p>\n<\/div>\n<div class=\"productTeaser-price-main\">100 ml: 1,95 \u20ac<\/div>\n<div class=\"productTeaser-price-sub\">100 ml: 1,95 \u20ac<\/div>\n<\/div>\n<\/div>\n<\/div>\n<div class=\"teaser1-3\">\n<div class=\"productTeaser\">\n<div class=\"productTeaser-content clearfix\">\n<div class=\"productTeaser-imgContainer\">\n<ul>\n<li>\n<div class=\"productTeaser-img-single\">\n<div><\/div>\n<\/div>\n<\/li>\n<\/ul>\n<\/div>\n<h3 class=\"productTeaser-hl\"><strong>Balea Feuchtigkeits-Aufbaukur Haarkur<\/strong><\/h3>\n<div class=\"productTeaser-text\">\n<p>Die Balea Feuchtigkeits-Aufbaukur Pfirsich &amp; Cocos mit Anti-Trocken-Effekt gl\u00e4ttet die Haaroberfl\u00e4che von trockenem und strapaziertem Haar. Das Haar gewinnt sichtlich an Glanz und ist leichter k\u00e4mmbar. Der Aufbaukomplex mit Vitamin B3 und Provitamin B5 pflegt das Haar geschmeidig.<\/p>\n<p>Vegan.<\/p>\n<\/div>\n<div class=\"productTeaser-price-main\">25 ml: 0,55 \u20ac<\/div>\n<div class=\"productTeaser-price-sub\">100 ml: 2,20 \u20ac<\/div>\n<\/div>\n<\/div>\n<\/div>\n<div class=\"teaser1-3\">\n<div class=\"productTeaser\">\n<div class=\"productTeaser-content clearfix\">\n<div class=\"productTeaser-imgContainer\">\n<ul>\n<li>\n<div class=\"productTeaser-img-single\">\n<div><\/div>\n<\/div>\n<\/li>\n<\/ul>\n<\/div>\n<h3 class=\"productTeaser-hl\"><strong>Balea Haar\u00f6l Oil Repair<\/strong><\/h3>\n<div class=\"productTeaser-text\">\n<p>Balea Professional Oil Repair Haar\u00f6l mit reichhaltigem \u00d6lkomplex pflegt stark gesch\u00e4digtes Haar &#8211; f\u00fcr weiches und geschmeidiges Haar.<\/p>\n<p>Vegan.<\/p>\n<\/div>\n<div class=\"productTeaser-price-main\">100 ml: 2,95 \u20ac<\/div>\n<div class=\"productTeaser-price-sub\">100 ml: 2,95 \u20ac<\/div>\n<\/div>\n<\/div>\n<\/div>\n<div class=\"teaser1-3\">\n<div class=\"productTeaser\">\n<div class=\"productTeaser-content clearfix\">\n<div class=\"productTeaser-imgContainer\">\n<ul>\n<li>\n<div class=\"productTeaser-img-single\">\n<div><\/div>\n<\/div>\n<\/li>\n<\/ul>\n<\/div>\n<h3 class=\"productTeaser-hl\"><strong>Balea Windresistenter Haarlack<\/strong><\/h3>\n<div class=\"productTeaser-text\">\n<p>Sturmsicher fixierte Haare! So sitzt dein Styling jederzeit sicher wie ein Fels in der Brandung. F\u00fcr einen Look, der allzeit strammsteht!<\/p>\n<ul>\n<li>F\u00fcr windresistenten Halt.<\/li>\n<li>Spr\u00fcht mikrofein.<\/li>\n<li>Zum Fixieren fertiger Stylings.<\/li>\n<li>Mit UV-Filter und Provitamin B5.<\/li>\n<\/ul>\n<p>Vegan.<\/p>\n<\/div>\n<div class=\"productTeaser-price-main\">300 ml: 1,35 \u20ac<\/div>\n<div class=\"productTeaser-price-sub\">1 l: 4,50 \u20ac<\/div>\n<\/div>\n<\/div>\n<\/div>\n<div class=\"teaser1-3\">\n<div class=\"productTeaser\">\n<div class=\"productTeaser-content clearfix\">\n<div class=\"productTeaser-imgContainer\">\n<ul>\n<li>\n<div class=\"productTeaser-img-single\">\n<div><\/div>\n<\/div>\n<\/li>\n<\/ul>\n<\/div>\n<h3 class=\"productTeaser-hl\"><strong>Balea Salz Spray<\/strong><\/h3>\n<div class=\"productTeaser-text\">\n<p>Strandurlaub f\u00fcr deine Haare. Mit dem Surfer-Look erlebst du Urlaubsfeeling pur.<\/p>\n<ul>\n<li>F\u00fcr ein cooles \u201eOut oft the Sea\u201c\u2013Styling.<\/li>\n<li>Matter, str\u00e4hniger Look ohne fettig zu wirken.<\/li>\n<li>Versorgt das Haar mit Feuchtigkeit.<\/li>\n<li>Mit pflegendem Glycerin und Panthenol.<\/li>\n<\/ul>\n<p>Vegan.<\/p>\n<\/div>\n<div class=\"productTeaser-price-main\">200 ml: 2,95 \u20ac<\/div>\n<div class=\"productTeaser-price-sub\">100 ml: 1,48 \u20ac<\/div>\n<\/div>\n<\/div>\n<\/div>\n<div class=\"teaser1-3\">\n<div class=\"productTeaser\">\n<div class=\"productTeaser-content clearfix\">\n<div class=\"productTeaser-imgContainer\">\n<ul>\n<li>\n<div class=\"productTeaser-img-single\">\n<div><\/div>\n<\/div>\n<\/li>\n<\/ul>\n<\/div>\n<h3 class=\"productTeaser-hl\"><strong>Balea Hitzeschutzspray<\/strong><\/h3>\n<div class=\"productTeaser-text\">\n<p>Der zuverl\u00e4ssige Schutz vor dem Hitzeschlag f\u00fcr deine Haare. Besonders empfohlen f\u00fcr hei\u00dfe Stylings \u2013 weder F\u00f6hn noch Gl\u00e4tteisen oder Lockenstab k\u00f6nnen deinem Haar etwas anhaben!<\/p>\n<ul>\n<li>Sch\u00fctzt vor Austrocknung und Hitzesch\u00e4den.<\/li>\n<li>F\u00fcr geschmeidiges, gl\u00e4nzendes Haar.<\/li>\n<li>Hitzeschutz bis 220\u00b0C.<\/li>\n<\/ul>\n<p>Vegan.<\/p>\n<\/div>\n<div class=\"productTeaser-price-main\">200 ml: 1,95 \u20ac<\/div>\n<div class=\"productTeaser-price-sub\">100 ml: 0,98 \u20ac<\/div>\n<\/div>\n<\/div>\n<\/div>\n<\/div>\n<\/div>\n<\/div>\n<\/div>\n<\/div>\n<div class=\"productTeaser-price-sub\"><\/div>\n<div class=\"productTeaser-price-sub\">\n<p lang=\"de-DE\"><span style=\"font-family: Calibri,sans-serif;\"><span style=\"font-size: medium;\">Und meine Lieben ist was f\u00fcr Eure Haarpracht dabei? Lasst es mich wissen<\/span><\/span><\/p>\n<p lang=\"de-DE\"><img data-recalc-dims=\"1\" loading=\"lazy\" decoding=\"async\" class=\"size-full wp-image-3497 aligncenter\" src=\"https:\/\/i0.wp.com\/ohnis788407.de\/wp-content\/uploads\/2014\/05\/http___signatures.mylivesignature.com_54492_60_377ADCD7679D64BDCE764840903426A3.png?resize=180%2C80\" alt=\"http___signatures.mylivesignature.com_54492_60_377ADCD7679D64BDCE764840903426A3\" width=\"180\" height=\"80\" \/><\/p>\n<\/div>\n","protected":false},"excerpt":{"rendered":"<p>Locken \u00fcber Nacht &#8211; Balea Badvergn\u00fcgen Klingt es nicht auch zu sch\u00f6n um wahr zu sein? Mit nur einem Haarband \u00fcber Nacht glatte Haare in wundervolle Locken zaubern? Wie das geht zeigen wir dir in der zweiten Folge Balea Badvergn\u00fcgen. Lass dich von unseren Lockenexperten verlocken und sammel wertvolle\u00a0Tipps &amp; Tricks rund um das Thema <a class=\"read-more\" href=\"https:\/\/ohnis788407.de\/?p=6644\">Read More<\/a><\/p>\n","protected":false},"author":1,"featured_media":0,"comment_status":"open","ping_status":"open","sticky":false,"template":"","format":"standard","meta":{"ngg_post_thumbnail":0,"_jetpack_memberships_contains_paid_content":false,"footnotes":"","jetpack_publicize_message":"","jetpack_publicize_feature_enabled":true,"jetpack_social_post_already_shared":true,"jetpack_social_options":{"image_generator_settings":{"template":"highway","default_image_id":0,"font":"","enabled":false},"version":2}},"categories":[142],"tags":[],"class_list":["post-6644","post","type-post","status-publish","format-standard","hentry","category-dm-marken-insider"],"jetpack_publicize_connections":[],"jetpack_featured_media_url":"","jetpack-related-posts":[],"jetpack_sharing_enabled":true,"_links":{"self":[{"href":"https:\/\/ohnis788407.de\/index.php?rest_route=\/wp\/v2\/posts\/6644","targetHints":{"allow":["GET"]}}],"collection":[{"href":"https:\/\/ohnis788407.de\/index.php?rest_route=\/wp\/v2\/posts"}],"about":[{"href":"https:\/\/ohnis788407.de\/index.php?rest_route=\/wp\/v2\/types\/post"}],"author":[{"embeddable":true,"href":"https:\/\/ohnis788407.de\/index.php?rest_route=\/wp\/v2\/users\/1"}],"replies":[{"embeddable":true,"href":"https:\/\/ohnis788407.de\/index.php?rest_route=%2Fwp%2Fv2%2Fcomments&post=6644"}],"version-history":[{"count":16,"href":"https:\/\/ohnis788407.de\/index.php?rest_route=\/wp\/v2\/posts\/6644\/revisions"}],"predecessor-version":[{"id":10269,"href":"https:\/\/ohnis788407.de\/index.php?rest_route=\/wp\/v2\/posts\/6644\/revisions\/10269"}],"wp:attachment":[{"href":"https:\/\/ohnis788407.de\/index.php?rest_route=%2Fwp%2Fv2%2Fmedia&parent=6644"}],"wp:term":[{"taxonomy":"category","embeddable":true,"href":"https:\/\/ohnis788407.de\/index.php?rest_route=%2Fwp%2Fv2%2Fcategories&post=6644"},{"taxonomy":"post_tag","embeddable":true,"href":"https:\/\/ohnis788407.de\/index.php?rest_route=%2Fwp%2Fv2%2Ftags&post=6644"}],"curies":[{"name":"wp","href":"https:\/\/api.w.org\/{rel}","templated":true}]}}