{"id":6424,"date":"2016-02-26T10:44:32","date_gmt":"2016-02-26T09:44:32","guid":{"rendered":"http:\/\/ohnis788407.de\/?p=6424"},"modified":"2020-05-14T17:49:30","modified_gmt":"2020-05-14T15:49:30","slug":"balea-vital-schoenheitspflege-fuer-reife-anspruchsvolle-haut","status":"publish","type":"post","link":"https:\/\/ohnis788407.de\/?p=6424","title":{"rendered":"Balea Vital &#8211; Sch\u00f6nheitspflege f\u00fcr reife, anspruchsvolle Haut"},"content":{"rendered":"<div class=\"widthLimit\">\n<div class=\"subline contentView-description\">\n<p>Wer l\u00e4nger jung und erholt aussehen m\u00f6chte, sollte seine Haut fr\u00fchzeitig aktiv unterst\u00fctzen. Speziell auf die Bed\u00fcrfnisse reifer Haut abgestimmt, bietet die dm-Marke <strong>Balea<\/strong> die Gesichtspflegeserie <strong>VITAL<\/strong> an. Die Reinigungs- und Pflegeprodukte mit wertvollen Inhaltstoffen sorgen f\u00fcr frischer wirkende Haut und ein gepflegtes, strahlendes Aussehen. Das ideale Verw\u00f6hnprogramm f\u00fcr reife, anspruchsvolle Haut.<\/p>\n<\/div>\n<\/div>\n<div class=\"widthLimit\">\n<div class=\"contentList\">\n<div class=\"teaser1-3\">\n<div class=\"productTeaser\">\n<div class=\"productTeaser-content clearfix\">\n<div class=\"productTeaser-imgContainer\">\n<ul>\n<li>\n<div class=\"productTeaser-img-single\">\n<div><\/div>\n<\/div>\n<\/li>\n<\/ul>\n<\/div>\n<h3 class=\"productTeaser-hl\">Balea VITAL &#8211; Aufbauende Tagescreme<\/h3>\n<div class=\"productTeaser-text\">\n<p>Die Aufbauende Tagescreme n\u00e4hrt und revitalisiert die Haut und sch\u00fctzt sie optimal vor Feuchtigkeitsverlust. Die Haut gewinnt an Spannkraft und Elastizit\u00e4t. Reduziert nachweislich die Faltentiefe.<\/p>\n<p>Vegan.<\/p>\n<\/div>\n<div class=\"productTeaser-price-main\">50 ml: 2,45 \u20ac<\/div>\n<div class=\"productTeaser-price-sub\">100 ml: 4,90 \u20ac<\/div>\n<\/div>\n<\/div>\n<\/div>\n<div class=\"teaser1-3\">\n<div class=\"productTeaser\">\n<div class=\"productTeaser-content clearfix\">\n<div class=\"productTeaser-imgContainer\">\n<ul>\n<li>\n<div class=\"productTeaser-img-single\">\n<div><\/div>\n<\/div>\n<\/li>\n<\/ul>\n<\/div>\n<h3 class=\"productTeaser-hl\">Balea VITAL &#8211; Regenerierende Nachtcreme<\/h3>\n<div class=\"productTeaser-text\">\n<p>Die Regenerierende Nachtcreme unterst\u00fctzt den hauteigenen Erneuerungsprozess und die Hautregeneration w\u00e4hrend der Nacht. Falten werden gemildert. F\u00fcr ein strahlendes Erwachen am Morgen.<\/p>\n<p>Vegan.<\/p>\n<\/div>\n<div class=\"productTeaser-price-main\">50 ml: 2,45 \u20ac<\/div>\n<div class=\"productTeaser-price-sub\">100 ml: 4,90 \u20ac<\/div>\n<\/div>\n<\/div>\n<\/div>\n<\/div>\n<div class=\"contentList\">\n<div class=\"teaser1-3\">\n<div class=\"productTeaser\">\n<div class=\"productTeaser-content clearfix\">\n<div class=\"productTeaser-imgContainer\">\n<ul>\n<li>\n<div class=\"productTeaser-img-single\">\n<div><\/div>\n<\/div>\n<\/li>\n<\/ul>\n<\/div>\n<h3 class=\"productTeaser-hl\">Balea VITAL &#8211; Intensiv Serum<\/h3>\n<div class=\"productTeaser-text\">\n<p>Das Intensiv Serum wirkt effektiv und hilft die Hautstruktur zu optimieren. Die Hautelastizit\u00e4t wird verbessert. F\u00fcr ein geschmeidiges und glattes Hautgef\u00fchl.<\/p>\n<p>Vegan.<\/p>\n<\/div>\n<div class=\"productTeaser-price-main\">30 ml: 3,45 \u20ac<\/div>\n<div class=\"productTeaser-price-sub\">100 ml: 11,50 \u20ac<\/div>\n<\/div>\n<\/div>\n<\/div>\n<div class=\"teaser1-3\">\n<div class=\"productTeaser\">\n<div class=\"productTeaser-content clearfix\">\n<div class=\"productTeaser-imgContainer\">\n<ul>\n<li>\n<div class=\"productTeaser-img-single\">\n<div><\/div>\n<\/div>\n<\/li>\n<\/ul>\n<\/div>\n<h3 class=\"productTeaser-hl\">Balea VITAL &#8211; Augen- und Lippenkonturen Balsam<\/h3>\n<div class=\"productTeaser-text\">\n<p>Der Augen- und Lippenkonturen Balsam ist eine Pflege zur gezielten Minimierung von Mimikfalten &#8211; die Partien um Lippen, Augen und Stirn werden straffer. Die Haut wird fester und erh\u00e4lt ihre St\u00fctzfunktion zur\u00fcck.<\/p>\n<p>Nicht vegan.<\/p>\n<p>*Bei regelm\u00e4\u00dfiger Anwendung, durch wissenschaftliche Tests best\u00e4tigt.<\/p>\n<\/div>\n<div class=\"productTeaser-price-main\">15 ml: 3,65 \u20ac<\/div>\n<div class=\"productTeaser-price-sub\">100 ml: 24,33 \u20ac<\/div>\n<\/div>\n<\/div>\n<\/div>\n<\/div>\n<div class=\"contentList\">\n<div class=\"teaser1-3\">\n<div class=\"productTeaser\">\n<div class=\"productTeaser-content clearfix\">\n<div class=\"productTeaser-imgContainer\">\n<ul>\n<li>\n<div class=\"productTeaser-img-single\">\n<div><\/div>\n<\/div>\n<\/li>\n<\/ul>\n<\/div>\n<h3 class=\"productTeaser-hl\">Balea VITAL &#8211; Konzentrat gegen Pigmentflecken<\/h3>\n<div class=\"productTeaser-text\">\n<p>Das Konzentrat gegen Pigmentflecken mildert Pigmentflecken und hilft der Entstehung neuer gezielt vorzubeugen. Der Hautton wird langfristig verbessert &#8211; f\u00fcr einen ebenm\u00e4\u00dfigen und strahlend sch\u00f6nen Teint.<\/p>\n<p>Nicht vegan.<\/p>\n<\/div>\n<div class=\"productTeaser-price-main\">20 ml: 2,95 \u20ac<\/div>\n<div class=\"productTeaser-price-sub\">100 ml: 14,75 \u20ac<\/div>\n<\/div>\n<\/div>\n<\/div>\n<\/div>\n<div class=\"contentList\">\n<div class=\"teaser2-3\">\n<div class=\"productTeaser\">\n<div class=\"productTeaser-content clearfix\">\n<div class=\"productTeaser-imgContainer\">\n<ul>\n<li>\n<div class=\"productTeaser-img-single\">\n<div><\/div>\n<\/div>\n<\/li>\n<\/ul>\n<\/div>\n<h3 class=\"productTeaser-hl\">Neben diesen Produkten h\u00e4lt Balea VITAL noch viel mehr Pflegeprofis f\u00fcr die Haut bereit.<\/h3>\n<div class=\"productTeaser-text\">\n<ul>\n<li>Feuchtigkeitsspendende Creme Reinigungst\u00fccher 3in1<\/li>\n<li>Hautfestigende Bodylotion<\/li>\n<li>Pflegende Reinigungsmilch<\/li>\n<li>Sanftes Gesichtswasser<\/li>\n<li>Straffende Hals- und Konturenpflege<\/li>\n<li>5 in 1 Anti M\u00fcdigkeits Augencreme<\/li>\n<li>Lift Effect Konzentrat<\/li>\n<\/ul>\n<p>Und meine Lieben ist was sch\u00f6nes f\u00fcr Euch dabei?<\/p>\n<p><img data-recalc-dims=\"1\" loading=\"lazy\" decoding=\"async\" class=\"size-full wp-image-3497 aligncenter\" src=\"https:\/\/i0.wp.com\/ohnis788407.de\/wp-content\/uploads\/2014\/05\/http___signatures.mylivesignature.com_54492_60_377ADCD7679D64BDCE764840903426A3.png?resize=180%2C80\" alt=\"http___signatures.mylivesignature.com_54492_60_377ADCD7679D64BDCE764840903426A3\" width=\"180\" height=\"80\" \/><\/p>\n<\/div>\n<\/div>\n<\/div>\n<\/div>\n<\/div>\n<\/div>\n","protected":false},"excerpt":{"rendered":"<p>Wer l\u00e4nger jung und erholt aussehen m\u00f6chte, sollte seine Haut fr\u00fchzeitig aktiv unterst\u00fctzen. Speziell auf die Bed\u00fcrfnisse reifer Haut abgestimmt, bietet die dm-Marke Balea die Gesichtspflegeserie VITAL an. Die Reinigungs- und Pflegeprodukte mit wertvollen Inhaltstoffen sorgen f\u00fcr frischer wirkende Haut und ein gepflegtes, strahlendes Aussehen. Das ideale Verw\u00f6hnprogramm f\u00fcr reife, anspruchsvolle Haut. Balea VITAL &#8211; <a class=\"read-more\" href=\"https:\/\/ohnis788407.de\/?p=6424\">Read More<\/a><\/p>\n","protected":false},"author":1,"featured_media":0,"comment_status":"open","ping_status":"open","sticky":false,"template":"","format":"standard","meta":{"ngg_post_thumbnail":0,"_jetpack_memberships_contains_paid_content":false,"footnotes":"","jetpack_publicize_message":"","jetpack_publicize_feature_enabled":true,"jetpack_social_post_already_shared":true,"jetpack_social_options":{"image_generator_settings":{"template":"highway","default_image_id":0,"font":"","enabled":false},"version":2}},"categories":[180,142],"tags":[],"class_list":["post-6424","post","type-post","status-publish","format-standard","hentry","category-balea","category-dm-marken-insider"],"jetpack_publicize_connections":[],"jetpack_featured_media_url":"","jetpack-related-posts":[],"jetpack_sharing_enabled":true,"_links":{"self":[{"href":"https:\/\/ohnis788407.de\/index.php?rest_route=\/wp\/v2\/posts\/6424","targetHints":{"allow":["GET"]}}],"collection":[{"href":"https:\/\/ohnis788407.de\/index.php?rest_route=\/wp\/v2\/posts"}],"about":[{"href":"https:\/\/ohnis788407.de\/index.php?rest_route=\/wp\/v2\/types\/post"}],"author":[{"embeddable":true,"href":"https:\/\/ohnis788407.de\/index.php?rest_route=\/wp\/v2\/users\/1"}],"replies":[{"embeddable":true,"href":"https:\/\/ohnis788407.de\/index.php?rest_route=%2Fwp%2Fv2%2Fcomments&post=6424"}],"version-history":[{"count":8,"href":"https:\/\/ohnis788407.de\/index.php?rest_route=\/wp\/v2\/posts\/6424\/revisions"}],"predecessor-version":[{"id":10245,"href":"https:\/\/ohnis788407.de\/index.php?rest_route=\/wp\/v2\/posts\/6424\/revisions\/10245"}],"wp:attachment":[{"href":"https:\/\/ohnis788407.de\/index.php?rest_route=%2Fwp%2Fv2%2Fmedia&parent=6424"}],"wp:term":[{"taxonomy":"category","embeddable":true,"href":"https:\/\/ohnis788407.de\/index.php?rest_route=%2Fwp%2Fv2%2Fcategories&post=6424"},{"taxonomy":"post_tag","embeddable":true,"href":"https:\/\/ohnis788407.de\/index.php?rest_route=%2Fwp%2Fv2%2Ftags&post=6424"}],"curies":[{"name":"wp","href":"https:\/\/api.w.org\/{rel}","templated":true}]}}