{"id":6236,"date":"2016-01-17T21:03:57","date_gmt":"2016-01-17T20:03:57","guid":{"rendered":"http:\/\/ohnis788407.de\/?p=6236"},"modified":"2016-02-23T10:23:54","modified_gmt":"2016-02-23T09:23:54","slug":"sonntags-inspiration-1","status":"publish","type":"post","link":"https:\/\/ohnis788407.de\/?p=6236","title":{"rendered":"Sonntags-Inspiration #1"},"content":{"rendered":"<p align=\"LEFT\"><span style=\"font-size: medium;\">Ich habe was sch\u00f6nes gefunden ein neues Projekt wo ich gerne einsteigen m\u00f6chte. Da ja leider das Projekt <a href=\"http:\/\/ohnis788407.de\/Archive\/category\/dienstag-gehts-rund\">Dienstags geht\u2019s rund <\/a>eingestellt wurde fehlt mir doch schon ein Projekt in meinem Blog das regelm\u00e4\u00dfig erscheinen tut. Jetzt habe ich bei der lieben Sandra das Projekt Sonntags-Inspiration von <a href=\"http:\/\/eclectichamilton.blogspot.de\/\"><span style=\"font-family: Arial,Helvetica,sans-serif;\"><b>Eclectic<\/b><\/span> <span style=\"font-family: Arial,Helvetica,sans-serif;\"><b>Hamilton<\/b><\/span><\/a> gefunden und werde mich Sonntags jetzt anschlie\u00dfen und meine Inspirationen mit Euch teilen.Um wases genau geht schaut einfach bei <a href=\"http:\/\/eclectichamilton.blogspot.de\/2015\/06\/sunday-inspiration.html\"><span style=\"font-size: medium;\"><span style=\"font-family: Arial,Helvetica,sans-serif;\"><b>Eclectic<\/b><\/span> <span style=\"font-family: Arial,Helvetica,sans-serif;\"><b>Hamilton<\/b><\/span><\/span><\/a> vorbei da wird alles genau erkl\u00e4rt.<br \/>\n<\/span><\/p>\n<p><a href=\"https:\/\/i0.wp.com\/ohnis788407.de\/wp-content\/uploads\/2016\/01\/20160116_194706.jpg\"><img data-recalc-dims=\"1\" loading=\"lazy\" decoding=\"async\" class=\"size-medium wp-image-6237 aligncenter\" src=\"https:\/\/i0.wp.com\/ohnis788407.de\/wp-content\/uploads\/2016\/01\/20160116_194706-300x180.jpg?resize=300%2C180\" alt=\"?\" width=\"300\" height=\"180\" srcset=\"https:\/\/i0.wp.com\/ohnis788407.de\/wp-content\/uploads\/2016\/01\/20160116_194706.jpg?resize=300%2C180&amp;ssl=1 300w, https:\/\/i0.wp.com\/ohnis788407.de\/wp-content\/uploads\/2016\/01\/20160116_194706.jpg?w=490&amp;ssl=1 490w\" sizes=\"auto, (max-width: 300px) 100vw, 300px\" \/><\/a><\/p>\n<p><span style=\"font-size: medium;\">Ich m\u00f6chte mit dieser Sonntags-Inspiration anfangen. Das ist unser Kater Easy der uns gut zeigt was man am besten an einem verschneiten windigen Sonntag macht. Die schicke Schildkr\u00f6te ist jetzt meine die mir mein Mann gestern gekauft hat ist die nicht s\u00fc\u00df? Ja auch ich bin ein Pl\u00fcschtier Liebhaber \ud83d\ude42 Und was ist Eure Sonntags-Inspiration? Lasst es mich wissen<\/span><\/p>\n","protected":false},"excerpt":{"rendered":"<p>Ich habe was sch\u00f6nes gefunden ein neues Projekt wo ich gerne einsteigen m\u00f6chte. Da ja leider das Projekt Dienstags geht\u2019s rund eingestellt wurde fehlt mir doch schon ein Projekt in meinem Blog das regelm\u00e4\u00dfig erscheinen tut. Jetzt habe ich bei der lieben Sandra das Projekt Sonntags-Inspiration von Eclectic Hamilton gefunden und werde mich Sonntags jetzt <a class=\"read-more\" href=\"https:\/\/ohnis788407.de\/?p=6236\">Read More<\/a><\/p>\n","protected":false},"author":1,"featured_media":0,"comment_status":"open","ping_status":"open","sticky":false,"template":"","format":"standard","meta":{"ngg_post_thumbnail":0,"_jetpack_memberships_contains_paid_content":false,"footnotes":"","jetpack_publicize_message":"","jetpack_publicize_feature_enabled":true,"jetpack_social_post_already_shared":true,"jetpack_social_options":{"image_generator_settings":{"template":"highway","default_image_id":0,"font":"","enabled":false},"version":2}},"categories":[189],"tags":[],"class_list":["post-6236","post","type-post","status-publish","format-standard","hentry","category-sonntags-inspiration"],"jetpack_publicize_connections":[],"jetpack_featured_media_url":"","jetpack-related-posts":[],"jetpack_sharing_enabled":true,"_links":{"self":[{"href":"https:\/\/ohnis788407.de\/index.php?rest_route=\/wp\/v2\/posts\/6236","targetHints":{"allow":["GET"]}}],"collection":[{"href":"https:\/\/ohnis788407.de\/index.php?rest_route=\/wp\/v2\/posts"}],"about":[{"href":"https:\/\/ohnis788407.de\/index.php?rest_route=\/wp\/v2\/types\/post"}],"author":[{"embeddable":true,"href":"https:\/\/ohnis788407.de\/index.php?rest_route=\/wp\/v2\/users\/1"}],"replies":[{"embeddable":true,"href":"https:\/\/ohnis788407.de\/index.php?rest_route=%2Fwp%2Fv2%2Fcomments&post=6236"}],"version-history":[{"count":4,"href":"https:\/\/ohnis788407.de\/index.php?rest_route=\/wp\/v2\/posts\/6236\/revisions"}],"predecessor-version":[{"id":6322,"href":"https:\/\/ohnis788407.de\/index.php?rest_route=\/wp\/v2\/posts\/6236\/revisions\/6322"}],"wp:attachment":[{"href":"https:\/\/ohnis788407.de\/index.php?rest_route=%2Fwp%2Fv2%2Fmedia&parent=6236"}],"wp:term":[{"taxonomy":"category","embeddable":true,"href":"https:\/\/ohnis788407.de\/index.php?rest_route=%2Fwp%2Fv2%2Fcategories&post=6236"},{"taxonomy":"post_tag","embeddable":true,"href":"https:\/\/ohnis788407.de\/index.php?rest_route=%2Fwp%2Fv2%2Ftags&post=6236"}],"curies":[{"name":"wp","href":"https:\/\/api.w.org\/{rel}","templated":true}]}}