{"id":5992,"date":"2015-12-28T01:20:46","date_gmt":"2015-12-28T00:20:46","guid":{"rendered":"http:\/\/ohnis788407.de?fb=new\/?p=5992"},"modified":"2020-05-14T17:48:48","modified_gmt":"2020-05-14T15:48:48","slug":"alverde-kunterbunte-farbwelt","status":"publish","type":"post","link":"https:\/\/ohnis788407.de\/?p=5992","title":{"rendered":"alverde Kunterbunte Farbwelt"},"content":{"rendered":"<p>Heute kommt mal wieder der #dmMarkenInsider #Newsletter f\u00fcr Euch. Oh freue ich mich schon drauf \ud83d\ude42 <span style=\"font-size: medium;\">Wie sieht es bei Euch aus freut ihr Euch auf die 5te Jahreszeit? Verratet mir doch mal seit ihr in einen Verein und lauft bei Umz\u00fcgen mit oder seit ihr nur Zuschauer? Also wir freuen uns schon drauf vor allem f\u00fcr uns wird es im Februar mal was neues geben als an der Stra\u00dfe zu stehen. Aber noch wird nichts verraten \ud83d\ude42 Aber nun zum Newsletter<\/span><\/p>\n<p><a href=\"https:\/\/i0.wp.com\/ohnis788407.de\/wp-content\/uploads\/2015\/12\/header_1880x850_jpg_center_ffffff_0.jpg\"><img data-recalc-dims=\"1\" loading=\"lazy\" decoding=\"async\" class=\"size-medium wp-image-5997 aligncenter\" src=\"https:\/\/i0.wp.com\/ohnis788407.de\/wp-content\/uploads\/2015\/12\/header_1880x850_jpg_center_ffffff_0-300x136.jpg?resize=300%2C136\" alt=\"header_1880x850_jpg_center_ffffff_0\" width=\"300\" height=\"136\" srcset=\"https:\/\/i0.wp.com\/ohnis788407.de\/wp-content\/uploads\/2015\/12\/header_1880x850_jpg_center_ffffff_0.jpg?resize=300%2C136&amp;ssl=1 300w, https:\/\/i0.wp.com\/ohnis788407.de\/wp-content\/uploads\/2015\/12\/header_1880x850_jpg_center_ffffff_0.jpg?w=448&amp;ssl=1 448w\" sizes=\"auto, (max-width: 300px) 100vw, 300px\" \/><\/a>Die f\u00fcnfte Jahreszeit r\u00fcckt n\u00e4her und egal, ob du zu diesen bunten Tagen Fasching, Karneval oder Fasnacht sagst, du kennst bestimmt die gro\u00dfe Frage: Was trage ich in diesem Jahr?<\/p>\n<div class=\"subline contentView-description\">\n<p>Damit du auch in der f\u00fcnften Jahreszeit deinen Look mit gewohnter Naturkosmetik zaubern kannst, hat alverde f\u00fcr dich das passende Make-up f\u00fcr die f\u00fcnfte Jahreszeit. Ob Grundierung, bunte Schminkstifte oder glamour\u00f6ses Glitzer-Make-up \u2013 mit den Produkten von alverde NATURKOSMETIK wird jeder Look zum Highlight.<\/p>\n<p>Die Limited Edition Kunterbunte Farbwelt findest du vom <strong>30. Dezember 2015 bis 10. Februar 2016<\/strong> in deinem #dm-Markt.<\/p>\n<p><a href=\"https:\/\/i0.wp.com\/ohnis788407.de\/wp-content\/uploads\/2015\/12\/4010355879752-alverde-abdeckpuder-weiss_500x389_jpg_center_ffffff_0.jpg\"><img data-recalc-dims=\"1\" loading=\"lazy\" decoding=\"async\" class=\"alignnone size-medium wp-image-5993\" src=\"https:\/\/i0.wp.com\/ohnis788407.de\/wp-content\/uploads\/2015\/12\/4010355879752-alverde-abdeckpuder-weiss_500x389_jpg_center_ffffff_0-300x233.jpg?resize=300%2C233\" alt=\"4010355879752-alverde-abdeckpuder-weiss_500x389_jpg_center_ffffff_0\" width=\"300\" height=\"233\" srcset=\"https:\/\/i0.wp.com\/ohnis788407.de\/wp-content\/uploads\/2015\/12\/4010355879752-alverde-abdeckpuder-weiss_500x389_jpg_center_ffffff_0.jpg?resize=300%2C233&amp;ssl=1 300w, https:\/\/i0.wp.com\/ohnis788407.de\/wp-content\/uploads\/2015\/12\/4010355879752-alverde-abdeckpuder-weiss_500x389_jpg_center_ffffff_0.jpg?w=432&amp;ssl=1 432w\" sizes=\"auto, (max-width: 300px) 100vw, 300px\" \/><\/a><\/p>\n<h3 class=\"productTeaser-hl\"><strong>Abdeckpuder no. 10 wei\u00df<\/strong><\/h3>\n<div class=\"productTeaser-text\">\n<p>Der wei\u00dfe Abdeckpuder von alverde bildet die perfekte Basis bevor individuelle Karnevalgesichter mit den Schminkstiften oder -farben gemalt werden, denn er l\u00e4sst sich einfach mit der beiliegenden Quaste auftragen und \u00fcberschminken. Das Abdeckpuder ist vegan und mit Jojoba\u00f6l aus kontrolliert biologischem Anbau.<\/p>\n<p>Vegan.<\/p>\n<\/div>\n<div class=\"productTeaser-price-main\"><strong>10 g kosten 3,95 \u20ac<\/strong><\/div>\n<div class=\"productTeaser-price-sub\">100 g kosten 39,50 \u20ac<\/div>\n<\/div>\n<div class=\"productTeaser-price-sub\"><\/div>\n<div class=\"productTeaser-price-sub\"><a href=\"https:\/\/i0.wp.com\/ohnis788407.de\/wp-content\/uploads\/2015\/12\/schminkstift-gruppe-vorschau_500x374_jpg_center_ffffff_0.jpg\"><img data-recalc-dims=\"1\" loading=\"lazy\" decoding=\"async\" class=\"alignnone size-medium wp-image-5999\" src=\"https:\/\/i0.wp.com\/ohnis788407.de\/wp-content\/uploads\/2015\/12\/schminkstift-gruppe-vorschau_500x374_jpg_center_ffffff_0-300x224.jpg?resize=300%2C224\" alt=\"schminkstift-gruppe-vorschau_500x374_jpg_center_ffffff_0\" width=\"300\" height=\"224\" srcset=\"https:\/\/i0.wp.com\/ohnis788407.de\/wp-content\/uploads\/2015\/12\/schminkstift-gruppe-vorschau_500x374_jpg_center_ffffff_0.jpg?resize=300%2C224&amp;ssl=1 300w, https:\/\/i0.wp.com\/ohnis788407.de\/wp-content\/uploads\/2015\/12\/schminkstift-gruppe-vorschau_500x374_jpg_center_ffffff_0.jpg?w=448&amp;ssl=1 448w\" sizes=\"auto, (max-width: 300px) 100vw, 300px\" \/><\/a><\/p>\n<h3 class=\"productTeaser-hl\"><strong>Schminkstifte<\/strong><\/h3>\n<div class=\"productTeaser-text\">\n<p>Die alverde Schminkstifte in 4 klassischen Farben eignen sich ideal f\u00fcr das erste Schminken zu Hause und zum Nachschminken unterwegs. Durch die einfache Handhabung lassen sich im Nu fantasievolle und kreative Karnevalsgesichter zaubern \u2013 f\u00fcr Gro\u00df und Klein.<\/p>\n<p>Die Stifte sind in folgenden Farben erh\u00e4ltlich:<\/p>\n<ul>\n<li>Nr. 10 wei\u00df (vegan)<\/li>\n<li>Nr. 20 rot (nicht vegan)<\/li>\n<li>Nr. 30 gr\u00fcn (vegan)<\/li>\n<li>Nr. 40 schwarz (vegan)<\/li>\n<\/ul>\n<\/div>\n<div class=\"productTeaser-price-main\"><strong>2,1 g kosten 1,95 \u20ac<\/strong><\/div>\n<\/div>\n<div class=\"productTeaser-price-main\"><\/div>\n<div class=\"productTeaser-price-main\"><a href=\"https:\/\/i0.wp.com\/ohnis788407.de\/wp-content\/uploads\/2015\/12\/schminkpalette_500x321_jpg_center_ffffff_0.jpg\"><img data-recalc-dims=\"1\" loading=\"lazy\" decoding=\"async\" class=\"alignnone size-medium wp-image-5998\" src=\"https:\/\/i0.wp.com\/ohnis788407.de\/wp-content\/uploads\/2015\/12\/schminkpalette_500x321_jpg_center_ffffff_0-300x193.jpg?resize=300%2C193\" alt=\"schminkpalette_500x321_jpg_center_ffffff_0\" width=\"300\" height=\"193\" srcset=\"https:\/\/i0.wp.com\/ohnis788407.de\/wp-content\/uploads\/2015\/12\/schminkpalette_500x321_jpg_center_ffffff_0.jpg?resize=300%2C193&amp;ssl=1 300w, https:\/\/i0.wp.com\/ohnis788407.de\/wp-content\/uploads\/2015\/12\/schminkpalette_500x321_jpg_center_ffffff_0.jpg?w=448&amp;ssl=1 448w\" sizes=\"auto, (max-width: 300px) 100vw, 300px\" \/><\/a><\/p>\n<h3 class=\"productTeaser-hl\"><strong>Schminkpaletten<\/strong><\/h3>\n<div class=\"productTeaser-text\">\n<p>Mit den alverde Schminkpaletten erh\u00e4ltst du alles, was du f\u00fcr ein umwerfendes Karnevals-Make-Up brauchst! F\u00fcr die Karnevalscharaktere Clown, Wolf, Prinzessin und Fee sind die praktischen Schminkpaletten ein absolutes Muss. Jede einzelne Schminkfarbe rundet das individuelle Karnevals Make-up ab und verleiht den Charakteren die n\u00f6tigen Akzente. Einfach mit dem alverde Schminkpinsel auftragen. Auch perfekt f\u00fcr unterwegs.<\/p>\n<p>Erh\u00e4ltlich in den Farben:<\/p>\n<ul>\n<li>Nr. 10 Schwarz, Orange, Blau, Gr\u00fcn, Wei\u00df, Rot (nicht vegan)<\/li>\n<li>Nr. 20 Schimmerwei\u00df, Flieder, Beige, Hellgr\u00fcn, Schimmerrose, Schimmergr\u00fcn (nicht vegan)<\/li>\n<\/ul>\n<\/div>\n<div class=\"productTeaser-price-main\"><strong>5,4 g kosten 5,95 \u20ac<\/strong><\/div>\n<\/div>\n<div class=\"productTeaser-price-main\"><\/div>\n<div class=\"productTeaser-price-main\"><a href=\"https:\/\/i0.wp.com\/ohnis788407.de\/wp-content\/uploads\/2015\/12\/alverde-haar-mascara-gruppe-2_500x621_jpg_center_ffffff_0.jpg\"><img data-recalc-dims=\"1\" loading=\"lazy\" decoding=\"async\" class=\"alignnone size-medium wp-image-5995\" src=\"https:\/\/i0.wp.com\/ohnis788407.de\/wp-content\/uploads\/2015\/12\/alverde-haar-mascara-gruppe-2_500x621_jpg_center_ffffff_0-242x300.jpg?resize=242%2C300\" alt=\"alverde-haar-mascara-gruppe-2_500x621_jpg_center_ffffff_0\" width=\"242\" height=\"300\" srcset=\"https:\/\/i0.wp.com\/ohnis788407.de\/wp-content\/uploads\/2015\/12\/alverde-haar-mascara-gruppe-2_500x621_jpg_center_ffffff_0.jpg?resize=242%2C300&amp;ssl=1 242w, https:\/\/i0.wp.com\/ohnis788407.de\/wp-content\/uploads\/2015\/12\/alverde-haar-mascara-gruppe-2_500x621_jpg_center_ffffff_0.jpg?w=336&amp;ssl=1 336w\" sizes=\"auto, (max-width: 242px) 100vw, 242px\" \/><\/a><\/p>\n<h3 class=\"productTeaser-hl\"><strong>Haarmascara<\/strong><\/h3>\n<div class=\"productTeaser-text\">\n<p>Tolle Akzente, die zu fast jedem Kost\u00fcm passen, k\u00f6nnen im Handumdrehen mit dem alverde Haarmascara in 3 intensiven Farben gezaubert werden. Die strahlenden Farben machen jede Karnevalsfrisur zu einem Hingucker \u2013 je nach Bedarf k\u00f6nnen sogar die Wimpern mit den n\u00f6tigen Farbeffekten versehen werden. Einfach in der Anwendung und haltbar bis zur n\u00e4chsten Haarw\u00e4sche.<\/p>\n<p>Erh\u00e4ltlich in den Farben:<\/p>\n<ul>\n<li>Nr. 10 pink (nicht vegan)<\/li>\n<li>Nr. 20 gr\u00fcn (vegan)<\/li>\n<li>Nr. 30 blau (vegan)<\/li>\n<\/ul>\n<\/div>\n<div class=\"productTeaser-price-main\"><strong>9 ml kosten 3,45 \u20ac<\/strong><\/div>\n<\/div>\n<div class=\"productTeaser-price-main\"><\/div>\n<div class=\"productTeaser-price-main\"><a href=\"https:\/\/i0.wp.com\/ohnis788407.de\/wp-content\/uploads\/2015\/12\/glitter-tube-gruppe-vorschau_500x374_jpg_center_ffffff_0.jpg\"><img data-recalc-dims=\"1\" loading=\"lazy\" decoding=\"async\" class=\"alignnone size-medium wp-image-5996\" src=\"https:\/\/i0.wp.com\/ohnis788407.de\/wp-content\/uploads\/2015\/12\/glitter-tube-gruppe-vorschau_500x374_jpg_center_ffffff_0-300x224.jpg?resize=300%2C224\" alt=\"glitter-tube-gruppe-vorschau_500x374_jpg_center_ffffff_0\" width=\"300\" height=\"224\" srcset=\"https:\/\/i0.wp.com\/ohnis788407.de\/wp-content\/uploads\/2015\/12\/glitter-tube-gruppe-vorschau_500x374_jpg_center_ffffff_0.jpg?resize=300%2C224&amp;ssl=1 300w, https:\/\/i0.wp.com\/ohnis788407.de\/wp-content\/uploads\/2015\/12\/glitter-tube-gruppe-vorschau_500x374_jpg_center_ffffff_0.jpg?w=500&amp;ssl=1 500w\" sizes=\"auto, (max-width: 300px) 100vw, 300px\" \/><\/a><\/p>\n<h3 class=\"productTeaser-hl\"><strong>Glitter Tube<\/strong><\/h3>\n<div class=\"productTeaser-text\">\n<p>Das traumhafte alverde Glittergel in den Farbnuancen 10 Silberglanz und 20 Goldglanz rundet jedes Karnevals Make-up mit dem richtigen Hauch Glamour ab. Nicht nur die Kronen der Prinzessinnen d\u00fcrfen zu Karneval funkeln \u2013 zauberhafte Glitzereffekte im Gesicht, auf den Schultern oder im Dekollet\u00e9 setzen jede Verkleidung perfekt in Szene. Einfach beispielsweise mit dem alverde Schminkpinsel oder den Fingerspitzen aufnehmen und auf die gew\u00fcnschte Stelle auftragen.<\/p>\n<p>Erh\u00e4ltlich in den Farben:<\/p>\n<ul>\n<li>Nr. 10 Silberglanz (vegan)<\/li>\n<li>Nr. 20 Goldglanz (vegan)<\/li>\n<\/ul>\n<\/div>\n<div class=\"productTeaser-price-main\"><strong>15 ml kosten 2,75 \u20ac<\/strong><\/div>\n<div class=\"productTeaser-price-sub\">100 ml kosten 18,33 \u20ac<\/div>\n<\/div>\n<div class=\"productTeaser-price-sub\"><\/div>\n<div class=\"productTeaser-price-sub\"><a href=\"https:\/\/i0.wp.com\/ohnis788407.de\/wp-content\/uploads\/2015\/12\/rose-tinted-highlighter_383x680_jpg_center_ffffff_0.jpg\"><img data-recalc-dims=\"1\" loading=\"lazy\" decoding=\"async\" class=\"alignnone size-medium wp-image-6001\" src=\"https:\/\/i0.wp.com\/ohnis788407.de\/wp-content\/uploads\/2015\/12\/rose-tinted-highlighter_383x680_jpg_center_ffffff_0-208x300.jpg?resize=208%2C300\" alt=\"rose-tinted-highlighter_383x680_jpg_center_ffffff_0\" width=\"208\" height=\"300\" srcset=\"https:\/\/i0.wp.com\/ohnis788407.de\/wp-content\/uploads\/2015\/12\/rose-tinted-highlighter_383x680_jpg_center_ffffff_0.jpg?resize=208%2C300&amp;ssl=1 208w, https:\/\/i0.wp.com\/ohnis788407.de\/wp-content\/uploads\/2015\/12\/rose-tinted-highlighter_383x680_jpg_center_ffffff_0.jpg?w=310&amp;ssl=1 310w\" sizes=\"auto, (max-width: 208px) 100vw, 208px\" \/><\/a><\/div>\n<div class=\"productTeaser-price-sub\">\n<h3 class=\"productTeaser-hl\"><strong>Rose Tinted Highlighter<\/strong><\/h3>\n<div class=\"productTeaser-text\">\n<p>Mit dem Rose Tinted Highlighter lassen sich einfach und schnell sch\u00f6ne schimmernde Akzente setzen. Prinzessinnen erstrahlen und funkeln mit K\u00f6nigen um die Wette. Einfach auftragen und mit den Fingern sanft ausblenden.<\/p>\n<p>Nicht vegan.<\/p>\n<\/div>\n<div class=\"productTeaser-price-main\"><strong>10 ml kosten 2,95 \u20ac<\/strong><\/div>\n<div class=\"productTeaser-price-sub\">100 ml kosten 29,50 \u20ac<\/div>\n<\/div>\n<div class=\"productTeaser-price-sub\"><\/div>\n<div class=\"productTeaser-price-sub\"><\/div>\n<div class=\"productTeaser-price-main\"><\/div>\n<div class=\"productTeaser-price-main\"><\/div>\n<div class=\"productTeaser-price-main\">\n<h3 class=\"productTeaser-hl\"><strong>Schminkpinsel<\/strong><\/h3>\n<div class=\"productTeaser-text\">\n<p>Mit dem alverde Schminkpinsel lassen sich die farbenfrohen Schminkfarben und funkelnden Glittergele perfekt auftragen. Streiche daf\u00fcr mit dem Schminkpinsel \u00fcber die Farbe oder gib ein bisschen Glittergel direkt auf den Pinsel und kreiere dein individuelles Karnevals Make-up.<\/p>\n<p>Vegan.<\/p>\n<\/div>\n<div class=\"productTeaser-price-main\"><strong>Ein Pinsel kostet 1,95 \u20ac<\/strong><\/div>\n<\/div>\n<div class=\"productTeaser-price-main\"><\/div>\n<div class=\"productTeaser-price-main\"><\/div>\n<div class=\"productTeaser-price-main\"><\/div>\n<div class=\"productTeaser-price-main\">\n<h3 class=\"productTeaser-hl\"><strong>Highlighter-Stift<\/strong><\/h3>\n<div class=\"productTeaser-text\">\n<p>Der cremig-apricotfarbene Ton mit goldenem Schimmer verleiht ausdrucksvolle Highlights. Die weiche Textur gleitet angenehm sanft \u00fcber die Haut und l\u00e4sst sich optimal verblenden. Durch die praktische Stiftform lassen sich schnell und einfach schimmernde Highlights wie Kronen oder Sterne zeichnen.<\/p>\n<p>Vegan.<\/p>\n<\/div>\n<div class=\"productTeaser-price-main\"><strong>2,1 g kosten 2,75 \u20ac<\/strong><\/div>\n<p><span style=\"font-size: medium;\">\u00a0<\/span><\/p>\n<\/div>\n<div class=\"productTeaser-price-main\"><a href=\"https:\/\/i0.wp.com\/ohnis788407.de\/wp-content\/uploads\/2014\/05\/http___signatures.mylivesignature.com_54492_60_377ADCD7679D64BDCE764840903426A3.png\"><img data-recalc-dims=\"1\" loading=\"lazy\" decoding=\"async\" class=\"size-full wp-image-3497 aligncenter\" src=\"https:\/\/i0.wp.com\/ohnis788407.de\/wp-content\/uploads\/2014\/05\/http___signatures.mylivesignature.com_54492_60_377ADCD7679D64BDCE764840903426A3.png?resize=180%2C80\" alt=\"http___signatures.mylivesignature.com_54492_60_377ADCD7679D64BDCE764840903426A3\" width=\"180\" height=\"80\" \/><\/a><\/div>\n","protected":false},"excerpt":{"rendered":"<p>Heute kommt mal wieder der #dmMarkenInsider #Newsletter f\u00fcr Euch. Oh freue ich mich schon drauf \ud83d\ude42 Wie sieht es bei Euch aus freut ihr Euch auf die 5te Jahreszeit? Verratet mir doch mal seit ihr in einen Verein und lauft bei Umz\u00fcgen mit oder seit ihr nur Zuschauer? Also wir freuen uns schon drauf vor <a class=\"read-more\" href=\"https:\/\/ohnis788407.de\/?p=5992\">Read More<\/a><\/p>\n","protected":false},"author":1,"featured_media":0,"comment_status":"open","ping_status":"open","sticky":false,"template":"","format":"standard","meta":{"ngg_post_thumbnail":0,"_jetpack_memberships_contains_paid_content":false,"footnotes":"","jetpack_publicize_message":"","jetpack_publicize_feature_enabled":true,"jetpack_social_post_already_shared":true,"jetpack_social_options":{"image_generator_settings":{"template":"highway","default_image_id":0,"font":"","enabled":false},"version":2}},"categories":[142],"tags":[],"class_list":["post-5992","post","type-post","status-publish","format-standard","hentry","category-dm-marken-insider"],"jetpack_publicize_connections":[],"jetpack_featured_media_url":"","jetpack-related-posts":[],"jetpack_sharing_enabled":true,"_links":{"self":[{"href":"https:\/\/ohnis788407.de\/index.php?rest_route=\/wp\/v2\/posts\/5992","targetHints":{"allow":["GET"]}}],"collection":[{"href":"https:\/\/ohnis788407.de\/index.php?rest_route=\/wp\/v2\/posts"}],"about":[{"href":"https:\/\/ohnis788407.de\/index.php?rest_route=\/wp\/v2\/types\/post"}],"author":[{"embeddable":true,"href":"https:\/\/ohnis788407.de\/index.php?rest_route=\/wp\/v2\/users\/1"}],"replies":[{"embeddable":true,"href":"https:\/\/ohnis788407.de\/index.php?rest_route=%2Fwp%2Fv2%2Fcomments&post=5992"}],"version-history":[{"count":11,"href":"https:\/\/ohnis788407.de\/index.php?rest_route=\/wp\/v2\/posts\/5992\/revisions"}],"predecessor-version":[{"id":10160,"href":"https:\/\/ohnis788407.de\/index.php?rest_route=\/wp\/v2\/posts\/5992\/revisions\/10160"}],"wp:attachment":[{"href":"https:\/\/ohnis788407.de\/index.php?rest_route=%2Fwp%2Fv2%2Fmedia&parent=5992"}],"wp:term":[{"taxonomy":"category","embeddable":true,"href":"https:\/\/ohnis788407.de\/index.php?rest_route=%2Fwp%2Fv2%2Fcategories&post=5992"},{"taxonomy":"post_tag","embeddable":true,"href":"https:\/\/ohnis788407.de\/index.php?rest_route=%2Fwp%2Fv2%2Ftags&post=5992"}],"curies":[{"name":"wp","href":"https:\/\/api.w.org\/{rel}","templated":true}]}}