{"id":5968,"date":"2015-12-25T10:22:10","date_gmt":"2015-12-25T09:22:10","guid":{"rendered":"http:\/\/ohnis788407.de\/?p=5968"},"modified":"2015-12-26T10:58:33","modified_gmt":"2015-12-26T09:58:33","slug":"adventskalender-real-penny-auswertung","status":"publish","type":"post","link":"https:\/\/ohnis788407.de\/?p=5968","title":{"rendered":"Adventskalender REAL &#038; PENNY Auswertung"},"content":{"rendered":"<p><span style=\"font-size: medium;\">Hallo meine Lieben<\/span><\/p>\n<p><span style=\"font-size: medium;\">heute m\u00f6chte ich Euch noch schnell die Bilder von den Adventskalender REAL und PENNY zeigen. Bevor das Jahr wieder endet. Das waren die meinem Mann geh\u00f6rten und noch einen IKEA Kalender und einen gemischten S\u00fc\u00dfigkeit<\/span><span style=\"font-size: medium;\">enkalender hat er noch gehabt. \ud83d\ude42 Also er war diese<\/span><span style=\"font-size: medium;\">s Jahr sehr gut ausgestattet.<\/span><a href=\"https:\/\/i0.wp.com\/ohnis788407.de\/wp-content\/uploads\/2015\/12\/cats.jpg\"><img data-recalc-dims=\"1\" loading=\"lazy\" decoding=\"async\" class=\"size-medium wp-image-5969 aligncenter\" src=\"https:\/\/i0.wp.com\/ohnis788407.de\/wp-content\/uploads\/2015\/12\/cats-300x146.jpg?resize=300%2C146\" alt=\"cats\" width=\"300\" height=\"146\" srcset=\"https:\/\/i0.wp.com\/ohnis788407.de\/wp-content\/uploads\/2015\/12\/cats.jpg?resize=300%2C146&amp;ssl=1 300w, https:\/\/i0.wp.com\/ohnis788407.de\/wp-content\/uploads\/2015\/12\/cats.jpg?resize=624%2C304&amp;ssl=1 624w, https:\/\/i0.wp.com\/ohnis788407.de\/wp-content\/uploads\/2015\/12\/cats.jpg?w=814&amp;ssl=1 814w\" sizes=\"auto, (max-width: 300px) 100vw, 300px\" \/><\/a><span style=\"font-size: medium;\">Was in welchem T\u00fcrchen drin war kann ich Euch leider nicht mehr verraten aber ich habe mal ein paar Bilder gemacht und schreibe Euch einfach dazu was enthalten war.<\/span><\/p>\n<p><a href=\"https:\/\/i0.wp.com\/ohnis788407.de\/wp-content\/uploads\/2015\/12\/20151225_205520.jpg\"><img data-recalc-dims=\"1\" loading=\"lazy\" decoding=\"async\" class=\"size-medium wp-image-5970 aligncenter\" src=\"https:\/\/i0.wp.com\/ohnis788407.de\/wp-content\/uploads\/2015\/12\/20151225_205520-300x245.jpg?resize=300%2C245\" alt=\"?\" width=\"300\" height=\"245\" srcset=\"https:\/\/i0.wp.com\/ohnis788407.de\/wp-content\/uploads\/2015\/12\/20151225_205520.jpg?resize=300%2C245&amp;ssl=1 300w, https:\/\/i0.wp.com\/ohnis788407.de\/wp-content\/uploads\/2015\/12\/20151225_205520.jpg?w=428&amp;ssl=1 428w\" sizes=\"auto, (max-width: 300px) 100vw, 300px\" \/><\/a><\/p>\n<ul>\n<li><span style=\"font-size: medium;\">Tiger Balm &#8211; Nacken &amp; Schulter Balsam 5 g<br \/>\n<\/span><\/li>\n<li>Colgate Komplett Ultra Weiss 75 ml<\/li>\n<li>Wilkinson Sword XTreme 3 Sensitive 1 x Rasierer<\/li>\n<li>Wilkinson Sword Hydro 5 Rasierer + 2\u20ac Sofort Rabatt<\/li>\n<li>2 x Theramed Anti &#8211; Zahnstein 2 x ml<\/li>\n<li>Schwarzkopf MEN 3 &#8211; fach Effekt Zn 250 ml<\/li>\n<li>Today men Einweg Rasierer<\/li>\n<li>NIVEA Creme 30 ml<\/li>\n<li>Scholl Fuss Pflege Balsam 20 ml<\/li>\n<li>Argan\u00f6l Haarkur 25 ml<\/li>\n<li>Today Maske Q 10 2 x 7,5 ml<\/li>\n<li>Tetesept Entspannung &amp; Wohlgef\u00fchl 20 ml<\/li>\n<li>Tetesept Gelenk &amp; Muskel Bad 20 ml<\/li>\n<li>Tetesept AromaZauber Kaminabend 60 g ( haben wir schon verbraucht \ud83d\ude42 )<\/li>\n<\/ul>\n<p><a href=\"https:\/\/i0.wp.com\/ohnis788407.de\/wp-content\/uploads\/2015\/12\/20151225_205752.jpg\"><img data-recalc-dims=\"1\" loading=\"lazy\" decoding=\"async\" class=\"size-medium wp-image-5971 aligncenter\" src=\"https:\/\/i0.wp.com\/ohnis788407.de\/wp-content\/uploads\/2015\/12\/20151225_205752-300x195.jpg?resize=300%2C195\" alt=\"?\" width=\"300\" height=\"195\" srcset=\"https:\/\/i0.wp.com\/ohnis788407.de\/wp-content\/uploads\/2015\/12\/20151225_205752.jpg?resize=300%2C195&amp;ssl=1 300w, https:\/\/i0.wp.com\/ohnis788407.de\/wp-content\/uploads\/2015\/12\/20151225_205752.jpg?w=462&amp;ssl=1 462w\" sizes=\"auto, (max-width: 300px) 100vw, 300px\" \/><\/a><\/p>\n<ul>\n<li>fenjal Body Milk 30 ml<\/li>\n<li>Kneipp Pflege\u00f6lbad Mandelbl\u00fcten Hautzart 20 ml<\/li>\n<li>Listerine Zero Mundsp\u00fclung 95 ml<\/li>\n<li>Pantene Pro &#8211; V Repair &amp; Care 75 ml<\/li>\n<li>Dove oxygen Feuchtigkeitspflege f\u00fcr feines, kraftloses Haar 50 ml<\/li>\n<li>3 x NIVEA Creme Care Cremedusche a 50 ml<\/li>\n<li>AXE Black 50 ml<\/li>\n<li>NIVEA Men Strong Power Pflegeshampoo 50 ml<\/li>\n<li>Blend a med 3D white 15 ml<\/li>\n<li>fenjal Pflege Handcreme\u00a0 Sensitive 15 ml<\/li>\n<li>Lavera\u00a0 Handcreme 20 ml<\/li>\n<li>Kamill Hand &amp; Nagelcreme 20 ml<\/li>\n<li>NIVEA In &#8211; Dusch Body Milk 50 ml<\/li>\n<li>Kneipp Bade &#8211; Essenz Entspannung Pur 20 ml<\/li>\n<\/ul>\n<p><a href=\"https:\/\/i0.wp.com\/ohnis788407.de\/wp-content\/uploads\/2015\/12\/20151225_210123.jpg\"><img data-recalc-dims=\"1\" loading=\"lazy\" decoding=\"async\" class=\"size-medium wp-image-5972 aligncenter\" src=\"https:\/\/i0.wp.com\/ohnis788407.de\/wp-content\/uploads\/2015\/12\/20151225_210123-300x232.jpg?resize=300%2C232\" alt=\"?\" width=\"300\" height=\"232\" srcset=\"https:\/\/i0.wp.com\/ohnis788407.de\/wp-content\/uploads\/2015\/12\/20151225_210123.jpg?resize=300%2C232&amp;ssl=1 300w, https:\/\/i0.wp.com\/ohnis788407.de\/wp-content\/uploads\/2015\/12\/20151225_210123.jpg?w=453&amp;ssl=1 453w\" sizes=\"auto, (max-width: 300px) 100vw, 300px\" \/><\/a><\/p>\n<ul>\n<li>Garnier Miracle Skin Cream 5 ml<\/li>\n<li>SebaMed After Shave Balsam 10 ml<\/li>\n<li>Litamin wellness &amp; Care Zitrone &#8211; Buttermilch 50 ml<\/li>\n<li>Brillant weiss el &#8211; ce med 20 ml<\/li>\n<li>2 x Right Guard K\u00f6rper &amp; Haar Duschgel a 50 ml<\/li>\n<li>Blend a med 3D white 15 ml<\/li>\n<li>today Lippenpflege 4,8 g<\/li>\n<li>CD Milde Seife Avocado 35 g<\/li>\n<li>NIVEA Anti &#8211; Transpirant 35 ml<\/li>\n<li>Sagrotan proFresh Pfirsich &amp; Himbeere<\/li>\n<li>Palmolive Ultra Feuchtigkeitspflege 50 ml<\/li>\n<li>007 Shower Gel 50 ml + 2\u20ac Rabatt &#8211; Coupon<\/li>\n<li>Kappus Pink Rose Seife 25 g<\/li>\n<li>Palmolive Sanftes Vergn\u00fcgen 50 ml<\/li>\n<li>Syoss Men Shampoo 50 ml<\/li>\n<li>Listerine Cool Mint 95 ml<\/li>\n<li>Right Guard Anti &#8211; Transpirant 50 ml<\/li>\n<li>Axe Black 50 ml<\/li>\n<li>Men\u00b4s Health Power Shower Gel 30 ml<\/li>\n<li>Sagrotan proFresh Sanft &amp; Sensitiv<\/li>\n<li>Cliff Shower Gel 50 ml<\/li>\n<li>NIVEA Men Stress Protect 35 ml<\/li>\n<li>2 x Sensodyne MultiCare Original a 50 ml<\/li>\n<li>Sensodyne MultiCare Extra Fresh 50 ml<\/li>\n<li>Dr. Best Zahnb\u00fcrste mittel Kurzkopf<\/li>\n<li>Meridol &#8211; Balsam f\u00fcr Ihr Zahnfleisch 20 ml<\/li>\n<\/ul>\n<p><span style=\"font-size: medium;\">Also wenn man den Inhalt von beiden Kalendern zusammen stellt ist das schon eine Menge was da zusammen kommt. Der Penny Kalender hat 9,99 \u20ac gekostet und vollkommen in Ordnung weil der Inhalt ist wirklich gro\u00dfz\u00fcgig. Der Real Kalender f\u00fcr <strong>Ihn<\/strong> muss ich leider sagen das er nicht \u00fcberzeugt hat f\u00fcr den Preis von 14,99 \u20ac. Ich habe ja schon auf meinen f\u00fcr <strong>Sie<\/strong> Kalender verzichtet weil er mir f\u00fcr den Preis nicht zugesagt hat. Mein Mann hat auch das letzte mal den Real Kalender gekauft. Wenn ich mal zur\u00fcck denke hat der Kalender ziemlich zum Anfang mal 11,99 \u20ac gekostet und wurde \u00fcber die Jahre immer teurer aber der Inhalt konnte dann leider nicht mehr \u00fcberzeugen. Also Real Kalender kommt leider nicht mehr auf unsere Einkaufsliste. Der Penny Kalender ist wieder nach ganz oben auf die Liste geruscht f\u00fcr 2016. Ich wei\u00df nicht wie ihr das seht aber ihr k\u00f6nnt es mir gerne verraten. Ich freue mich auf Euren Besuch<\/span><\/p>\n<p><a href=\"https:\/\/i0.wp.com\/ohnis788407.de\/wp-content\/uploads\/2014\/05\/http___signatures.mylivesignature.com_54492_60_377ADCD7679D64BDCE764840903426A3.png\"><img data-recalc-dims=\"1\" loading=\"lazy\" decoding=\"async\" class=\"size-full wp-image-3497 aligncenter\" src=\"https:\/\/i0.wp.com\/ohnis788407.de\/wp-content\/uploads\/2014\/05\/http___signatures.mylivesignature.com_54492_60_377ADCD7679D64BDCE764840903426A3.png?resize=180%2C80\" alt=\"http___signatures.mylivesignature.com_54492_60_377ADCD7679D64BDCE764840903426A3\" width=\"180\" height=\"80\" \/><\/a><\/p>\n","protected":false},"excerpt":{"rendered":"<p>Hallo meine Lieben heute m\u00f6chte ich Euch noch schnell die Bilder von den Adventskalender REAL und PENNY zeigen. Bevor das Jahr wieder endet. Das waren die meinem Mann geh\u00f6rten und noch einen IKEA Kalender und einen gemischten S\u00fc\u00dfigkeitenkalender hat er noch gehabt. \ud83d\ude42 Also er war dieses Jahr sehr gut ausgestattet.Was in welchem T\u00fcrchen drin <a class=\"read-more\" href=\"https:\/\/ohnis788407.de\/?p=5968\">Read More<\/a><\/p>\n","protected":false},"author":1,"featured_media":0,"comment_status":"open","ping_status":"open","sticky":false,"template":"","format":"standard","meta":{"ngg_post_thumbnail":0,"_jetpack_memberships_contains_paid_content":false,"footnotes":"","jetpack_publicize_message":"","jetpack_publicize_feature_enabled":true,"jetpack_social_post_already_shared":true,"jetpack_social_options":{"image_generator_settings":{"template":"highway","default_image_id":0,"font":"","enabled":false},"version":2}},"categories":[102],"tags":[],"class_list":["post-5968","post","type-post","status-publish","format-standard","hentry","category-adventskalender"],"jetpack_publicize_connections":[],"jetpack_featured_media_url":"","jetpack-related-posts":[],"jetpack_sharing_enabled":true,"_links":{"self":[{"href":"https:\/\/ohnis788407.de\/index.php?rest_route=\/wp\/v2\/posts\/5968","targetHints":{"allow":["GET"]}}],"collection":[{"href":"https:\/\/ohnis788407.de\/index.php?rest_route=\/wp\/v2\/posts"}],"about":[{"href":"https:\/\/ohnis788407.de\/index.php?rest_route=\/wp\/v2\/types\/post"}],"author":[{"embeddable":true,"href":"https:\/\/ohnis788407.de\/index.php?rest_route=\/wp\/v2\/users\/1"}],"replies":[{"embeddable":true,"href":"https:\/\/ohnis788407.de\/index.php?rest_route=%2Fwp%2Fv2%2Fcomments&post=5968"}],"version-history":[{"count":2,"href":"https:\/\/ohnis788407.de\/index.php?rest_route=\/wp\/v2\/posts\/5968\/revisions"}],"predecessor-version":[{"id":5974,"href":"https:\/\/ohnis788407.de\/index.php?rest_route=\/wp\/v2\/posts\/5968\/revisions\/5974"}],"wp:attachment":[{"href":"https:\/\/ohnis788407.de\/index.php?rest_route=%2Fwp%2Fv2%2Fmedia&parent=5968"}],"wp:term":[{"taxonomy":"category","embeddable":true,"href":"https:\/\/ohnis788407.de\/index.php?rest_route=%2Fwp%2Fv2%2Fcategories&post=5968"},{"taxonomy":"post_tag","embeddable":true,"href":"https:\/\/ohnis788407.de\/index.php?rest_route=%2Fwp%2Fv2%2Ftags&post=5968"}],"curies":[{"name":"wp","href":"https:\/\/api.w.org\/{rel}","templated":true}]}}