{"id":5958,"date":"2015-12-24T17:25:12","date_gmt":"2015-12-24T16:25:12","guid":{"rendered":"http:\/\/ohnis788407.de\/?p=5958"},"modified":"2015-12-25T18:19:52","modified_gmt":"2015-12-25T17:19:52","slug":"balea-adventskalender-auswertung-iii-bewertung","status":"publish","type":"post","link":"https:\/\/ohnis788407.de\/?p=5958","title":{"rendered":"Balea Adventskalender Auswertung III &#038; Bewertung"},"content":{"rendered":"<p><a href=\"https:\/\/i0.wp.com\/ohnis788407.de\/wp-content\/uploads\/2015\/12\/baleatotesmeerbuehnestandard.png\"><img data-recalc-dims=\"1\" loading=\"lazy\" decoding=\"async\" class=\"alignnone size-medium wp-image-5966\" src=\"https:\/\/i0.wp.com\/ohnis788407.de\/wp-content\/uploads\/2015\/12\/baleatotesmeerbuehnestandard-300x133.png?resize=300%2C133\" alt=\"baleatotesmeerbuehnestandard\" width=\"300\" height=\"133\" srcset=\"https:\/\/i0.wp.com\/ohnis788407.de\/wp-content\/uploads\/2015\/12\/baleatotesmeerbuehnestandard.png?resize=300%2C133&amp;ssl=1 300w, https:\/\/i0.wp.com\/ohnis788407.de\/wp-content\/uploads\/2015\/12\/baleatotesmeerbuehnestandard.png?resize=624%2C277&amp;ssl=1 624w, https:\/\/i0.wp.com\/ohnis788407.de\/wp-content\/uploads\/2015\/12\/baleatotesmeerbuehnestandard.png?w=720&amp;ssl=1 720w\" sizes=\"auto, (max-width: 300px) 100vw, 300px\" \/><\/a>Hallo meine Lieben und was haben wir heute? Ja genau den 24. Dezember und das hei\u00dft das letzte T\u00fcrchen wird ge\u00f6ffnet. Ich m\u00f6chte Euch noch schnell die letzten 4 T\u00fcrchen zeigen und mein Urteil dazu abgeben.<\/p>\n<p>T\u00fcrchen 21<\/p>\n<h2>Intensivpflege Shampoo Vanille &amp; Mandel<\/h2>\n<p><a href=\"https:\/\/i0.wp.com\/ohnis788407.de\/wp-content\/uploads\/2015\/12\/20151225_115416.jpg\"><img data-recalc-dims=\"1\" loading=\"lazy\" decoding=\"async\" class=\"size-medium wp-image-5959 aligncenter\" src=\"https:\/\/i0.wp.com\/ohnis788407.de\/wp-content\/uploads\/2015\/12\/20151225_115416-240x300.jpg?resize=240%2C300\" alt=\"?\" width=\"240\" height=\"300\" srcset=\"https:\/\/i0.wp.com\/ohnis788407.de\/wp-content\/uploads\/2015\/12\/20151225_115416.jpg?resize=240%2C300&amp;ssl=1 240w, https:\/\/i0.wp.com\/ohnis788407.de\/wp-content\/uploads\/2015\/12\/20151225_115416.jpg?w=350&amp;ssl=1 350w\" sizes=\"auto, (max-width: 240px) 100vw, 240px\" \/><\/a>Balea Intensivpflege Shampoo Vanille &amp; Mandel verw\u00f6hnt beanspruchtes und gesch\u00e4digtes Haar und verleiht ihm strahlenden Glanz und Ausdrucksst\u00e4rke. Die besondere Pflegeformel sorgt f\u00fcr gl\u00e4nzendes, gepflegtes und regeneriertes Haar. Dank des Aufbaukomplexes mit Vitamin B3 und Provitamin B5 wird das Haar geschmeidiger. Das Shampoo in das feuchte Haar einmassieren und gr\u00fcndlich aussp\u00fclen.<\/p>\n<p>Vegan<\/p>\n<p><strong>Anwendungshinweise<\/strong><\/p>\n<p>In das feuchte Haar einmassieren. Gr\u00fcndlich aussp\u00fclen.<\/p>\n<p>T\u00fcrchen 22<\/p>\n<h2>Milch &amp; Honig Maske, 2 x 8 ml<\/h2>\n<p><a href=\"https:\/\/i0.wp.com\/ohnis788407.de\/wp-content\/uploads\/2015\/12\/20151225_115717.jpg\"><img data-recalc-dims=\"1\" loading=\"lazy\" decoding=\"async\" class=\"size-medium wp-image-5960 aligncenter\" src=\"https:\/\/i0.wp.com\/ohnis788407.de\/wp-content\/uploads\/2015\/12\/20151225_115717-201x300.jpg?resize=201%2C300\" alt=\"?\" width=\"201\" height=\"300\" srcset=\"https:\/\/i0.wp.com\/ohnis788407.de\/wp-content\/uploads\/2015\/12\/20151225_115717.jpg?resize=201%2C300&amp;ssl=1 201w, https:\/\/i0.wp.com\/ohnis788407.de\/wp-content\/uploads\/2015\/12\/20151225_115717.jpg?w=310&amp;ssl=1 310w\" sizes=\"auto, (max-width: 201px) 100vw, 201px\" \/><\/a>Die Erholung der gestressten Haut unterst\u00fctzen: Balea Milch &amp; Honig Maske mit Macadamianuss\u00f6l wirkt intensiv pflegend und sch\u00fctzt Ihre Haut vor Feuchtigkeitsverlust \u2013 sie f\u00fchlt sich samtig-weich an. Mandelmilch verbessert die Elastizit\u00e4t Ihrer Haut. Akazienhonig verw\u00f6hnt die Haut und bindet Feuchtigkeit. Vitamin E sch\u00fctzt Ihre Haut vor sch\u00e4digenden Umwelteinfl\u00fcssen.<\/p>\n<p><strong>Anwendungshinweise<\/strong><\/p>\n<p>Nach der Reinigung gro\u00dfz\u00fcgig und gleichm\u00e4\u00dfig im Gesicht auftragen, Augen- und Mundpartie aussparen. 10\u201315 Minuten einwirken lassen. Reste der Maske mit einem weichen Kosmetiktuch entfernen. Nicht abwaschen. Bei Bedarf 1\u20132 mal w\u00f6chentlich anwenden. Packung reicht f\u00fcr 2 Anwendungen.<\/p>\n<p>T\u00fcrchen 23<\/p>\n<h2>Dusche &amp; Creme<\/h2>\n<p><a href=\"https:\/\/i0.wp.com\/ohnis788407.de\/wp-content\/uploads\/2015\/12\/20151225_115649.jpg\"><img data-recalc-dims=\"1\" loading=\"lazy\" decoding=\"async\" class=\"size-medium wp-image-5961 aligncenter\" src=\"https:\/\/i0.wp.com\/ohnis788407.de\/wp-content\/uploads\/2015\/12\/20151225_115649-239x300.jpg?resize=239%2C300\" alt=\"?\" width=\"239\" height=\"300\" srcset=\"https:\/\/i0.wp.com\/ohnis788407.de\/wp-content\/uploads\/2015\/12\/20151225_115649.jpg?resize=239%2C300&amp;ssl=1 239w, https:\/\/i0.wp.com\/ohnis788407.de\/wp-content\/uploads\/2015\/12\/20151225_115649.jpg?w=350&amp;ssl=1 350w\" sizes=\"auto, (max-width: 239px) 100vw, 239px\" \/><\/a>Die Balea Dusche &amp; Creme Limette &amp; Aloe Vera mit wertvoller Pflegemilch sorgt f\u00fcr ein samtig-zartes Hautgef\u00fchl und verw\u00f6hnt Ihre Sinne mit ihrem belebenden Duft. Die innovative Feuchtigkeitspflegeformel Poly-Fructol bewahrt die Hautfeuchtigkeit und sch\u00fctzt vor dem Austrocknen. Diese besonders sanfte Pflege eignet sich optimal f\u00fcr die t\u00e4gliche Dusche.<\/p>\n<p>T\u00fcrchen 24<\/p>\n<h2>Balea Sense of Magic<\/h2>\n<p><a href=\"https:\/\/i0.wp.com\/ohnis788407.de\/wp-content\/uploads\/2015\/12\/20151225_115445.jpg\"><img data-recalc-dims=\"1\" loading=\"lazy\" decoding=\"async\" class=\"size-medium wp-image-5962 aligncenter\" src=\"https:\/\/i0.wp.com\/ohnis788407.de\/wp-content\/uploads\/2015\/12\/20151225_115445-230x300.jpg?resize=230%2C300\" alt=\"?\" width=\"230\" height=\"300\" srcset=\"https:\/\/i0.wp.com\/ohnis788407.de\/wp-content\/uploads\/2015\/12\/20151225_115445.jpg?resize=230%2C300&amp;ssl=1 230w, https:\/\/i0.wp.com\/ohnis788407.de\/wp-content\/uploads\/2015\/12\/20151225_115445.jpg?w=350&amp;ssl=1 350w\" sizes=\"auto, (max-width: 230px) 100vw, 230px\" \/><\/a>Zu dem Eau de Toilette finde ich leider keine Informationen nur das es 2014 produziert wurde.<\/p>\n<p><span style=\"font-size: medium;\">So jetzt m\u00f6chte ich Euch auch gerne meine Meinung zum Kalender verraten. Der Kalender war ein sch\u00f6ne Abwechslung zu den herk\u00f6mmlichen Adventskalendern. Ich habe auch 3 oder sogar 4 neue Produkte im Kalender entdeckt. Also ich fand den Balea Kalender wirklich klasse und das f\u00fcr 14,99 \u20ac wenn man berechnet das ein Wert von 0,62 \u20ac ( circa) hinter jedem T\u00fcrchen sich versteckt hat und es der erste von dm war bin ich wirklich zufrieden. Es geht in jede Kategorie wie Gesicht, Haare \u2026&#8230; ich hoffe 2016 wird es auch wieder einen geben. Und meine Lieben was sagt ihr zum Kalender? Hat der Inhalt \u00fcberzeugt? Lasst es mich wissen<\/span><\/p>\n<p><a href=\"https:\/\/i0.wp.com\/ohnis788407.de\/wp-content\/uploads\/2014\/05\/http___signatures.mylivesignature.com_54492_60_377ADCD7679D64BDCE764840903426A3.png\"><img data-recalc-dims=\"1\" loading=\"lazy\" decoding=\"async\" class=\"size-full wp-image-3497 aligncenter\" src=\"https:\/\/i0.wp.com\/ohnis788407.de\/wp-content\/uploads\/2014\/05\/http___signatures.mylivesignature.com_54492_60_377ADCD7679D64BDCE764840903426A3.png?resize=180%2C80\" alt=\"http___signatures.mylivesignature.com_54492_60_377ADCD7679D64BDCE764840903426A3\" width=\"180\" height=\"80\" \/><\/a><\/p>\n","protected":false},"excerpt":{"rendered":"<p>Hallo meine Lieben und was haben wir heute? Ja genau den 24. Dezember und das hei\u00dft das letzte T\u00fcrchen wird ge\u00f6ffnet. Ich m\u00f6chte Euch noch schnell die letzten 4 T\u00fcrchen zeigen und mein Urteil dazu abgeben. T\u00fcrchen 21 Intensivpflege Shampoo Vanille &amp; Mandel Balea Intensivpflege Shampoo Vanille &amp; Mandel verw\u00f6hnt beanspruchtes und gesch\u00e4digtes Haar und <a class=\"read-more\" href=\"https:\/\/ohnis788407.de\/?p=5958\">Read More<\/a><\/p>\n","protected":false},"author":1,"featured_media":0,"comment_status":"open","ping_status":"open","sticky":false,"template":"","format":"standard","meta":{"ngg_post_thumbnail":0,"_jetpack_memberships_contains_paid_content":false,"footnotes":"","jetpack_publicize_message":"","jetpack_publicize_feature_enabled":true,"jetpack_social_post_already_shared":true,"jetpack_social_options":{"image_generator_settings":{"template":"highway","default_image_id":0,"font":"","enabled":false},"version":2}},"categories":[102,180],"tags":[],"class_list":["post-5958","post","type-post","status-publish","format-standard","hentry","category-adventskalender","category-balea"],"jetpack_publicize_connections":[],"jetpack_featured_media_url":"","jetpack-related-posts":[],"jetpack_sharing_enabled":true,"_links":{"self":[{"href":"https:\/\/ohnis788407.de\/index.php?rest_route=\/wp\/v2\/posts\/5958","targetHints":{"allow":["GET"]}}],"collection":[{"href":"https:\/\/ohnis788407.de\/index.php?rest_route=\/wp\/v2\/posts"}],"about":[{"href":"https:\/\/ohnis788407.de\/index.php?rest_route=\/wp\/v2\/types\/post"}],"author":[{"embeddable":true,"href":"https:\/\/ohnis788407.de\/index.php?rest_route=\/wp\/v2\/users\/1"}],"replies":[{"embeddable":true,"href":"https:\/\/ohnis788407.de\/index.php?rest_route=%2Fwp%2Fv2%2Fcomments&post=5958"}],"version-history":[{"count":4,"href":"https:\/\/ohnis788407.de\/index.php?rest_route=\/wp\/v2\/posts\/5958\/revisions"}],"predecessor-version":[{"id":5967,"href":"https:\/\/ohnis788407.de\/index.php?rest_route=\/wp\/v2\/posts\/5958\/revisions\/5967"}],"wp:attachment":[{"href":"https:\/\/ohnis788407.de\/index.php?rest_route=%2Fwp%2Fv2%2Fmedia&parent=5958"}],"wp:term":[{"taxonomy":"category","embeddable":true,"href":"https:\/\/ohnis788407.de\/index.php?rest_route=%2Fwp%2Fv2%2Fcategories&post=5958"},{"taxonomy":"post_tag","embeddable":true,"href":"https:\/\/ohnis788407.de\/index.php?rest_route=%2Fwp%2Fv2%2Ftags&post=5958"}],"curies":[{"name":"wp","href":"https:\/\/api.w.org\/{rel}","templated":true}]}}