{"id":5944,"date":"2015-12-20T15:44:14","date_gmt":"2015-12-20T14:44:14","guid":{"rendered":"http:\/\/ohnis788407.de\/?p=5944"},"modified":"2015-12-25T17:19:49","modified_gmt":"2015-12-25T16:19:49","slug":"balea-adventskalender-auswertung-ii","status":"publish","type":"post","link":"https:\/\/ohnis788407.de\/?p=5944","title":{"rendered":"Balea Adventskalender Auswertung II"},"content":{"rendered":"<p>Hallo ihr Lieben<\/p>\n<p>die n\u00e4chsten 10 Tage sind schon wieder rum und ich m\u00f6chte Euch zeigen was mein #Balea #Kalender enthalten hat.<\/p>\n<p>T\u00fcrchen 11<\/p>\n<h2>Med Ultra Sensitive Intensivcreme<\/h2>\n<p><a href=\"https:\/\/i0.wp.com\/ohnis788407.de\/wp-content\/uploads\/2015\/12\/20151225_115543.jpg\"><img data-recalc-dims=\"1\" loading=\"lazy\" decoding=\"async\" class=\"size-medium wp-image-5945 aligncenter\" src=\"https:\/\/i0.wp.com\/ohnis788407.de\/wp-content\/uploads\/2015\/12\/20151225_115543-206x300.jpg?resize=206%2C300\" alt=\"?\" width=\"206\" height=\"300\" srcset=\"https:\/\/i0.wp.com\/ohnis788407.de\/wp-content\/uploads\/2015\/12\/20151225_115543.jpg?resize=206%2C300&amp;ssl=1 206w, https:\/\/i0.wp.com\/ohnis788407.de\/wp-content\/uploads\/2015\/12\/20151225_115543.jpg?w=318&amp;ssl=1 318w\" sizes=\"auto, (max-width: 206px) 100vw, 206px\" \/><\/a>Balea Med Ultra Sensitive 24h Intensivcreme enth\u00e4lt einen speziell entwickelten hochwertigen Wirkstoffkomplex. Die sanfte Formulierung mit Panthenol spendet der Haut intensive Feuchtigkeit. Mit Allantoin beruhigt selbst gestresste und irritierte Haut und hilft Hautirritationen vorzubeugen. Mit Sheabutter und Mandel\u00f6l hinterl\u00e4sst ein zartes und glattes Hautgef\u00fchl und unterst\u00fctzt die nat\u00fcrliche Hautschutzbarriere. Allergie getestet: Die Hautvertr\u00e4glichkeit wurde in dermatologischen Tests auf sehr empfindlicher, zu Allergien neigender Haut getestet und best\u00e4tigt.<br \/>\nvegan<\/p>\n<p><strong>Anwendungshinweise<\/strong><\/p>\n<p>Morgens und abends nach der Reinigung auf Gesicht, Hals und Dekollet\u00e9 auftragen und sanft einmassieren. Augenbereich aussparen. Ideal auch als Make-up-Unterlage.<\/p>\n<p>T\u00fcrchen 12<\/p>\n<h2>Professional Oil Repair Expresskur<\/h2>\n<p><a href=\"https:\/\/i0.wp.com\/ohnis788407.de\/wp-content\/uploads\/2015\/12\/20151225_115952.jpg\"><img data-recalc-dims=\"1\" loading=\"lazy\" decoding=\"async\" class=\"size-medium wp-image-5946 aligncenter\" src=\"https:\/\/i0.wp.com\/ohnis788407.de\/wp-content\/uploads\/2015\/12\/20151225_115952-241x300.jpg?resize=241%2C300\" alt=\"20151225_115952\" width=\"241\" height=\"300\" srcset=\"https:\/\/i0.wp.com\/ohnis788407.de\/wp-content\/uploads\/2015\/12\/20151225_115952.jpg?resize=241%2C300&amp;ssl=1 241w, https:\/\/i0.wp.com\/ohnis788407.de\/wp-content\/uploads\/2015\/12\/20151225_115952.jpg?w=350&amp;ssl=1 350w\" sizes=\"auto, (max-width: 241px) 100vw, 241px\" \/><\/a>Mit der Professional Oil Repair Expresskur von Balea bekommt das Haar eine Extraportion an Pflege. Dazu die Expresskur ins feuchte Haar einmassieren und kurz einwirken lassen. Sie enth\u00e4lt wertvolles Argan\u00f6l und ist die ultimative Soforthilfe f\u00fcr extrem strapaziertes Haar. Die Hautvertr\u00e4glichkeit der Professional Oil Repair Expresskur ist dermatologisch best\u00e4tigt.<\/p>\n<p><strong>Anwendungshinweise<\/strong><\/p>\n<p>Sanft ins feuchte Haar einmassierenund kurz einwirken lassen.<\/p>\n<p>T\u00fcrchen 13<\/p>\n<h2>Balea Badeherz &#8211; 15g<\/h2>\n<p><a href=\"https:\/\/i0.wp.com\/ohnis788407.de\/wp-content\/uploads\/2015\/12\/20151225_115915.jpg\"><img data-recalc-dims=\"1\" loading=\"lazy\" decoding=\"async\" class=\"size-medium wp-image-5947 aligncenter\" src=\"https:\/\/i0.wp.com\/ohnis788407.de\/wp-content\/uploads\/2015\/12\/20151225_115915-215x300.jpg?resize=215%2C300\" alt=\"20151225_115915\" width=\"215\" height=\"300\" srcset=\"https:\/\/i0.wp.com\/ohnis788407.de\/wp-content\/uploads\/2015\/12\/20151225_115915.jpg?resize=215%2C300&amp;ssl=1 215w, https:\/\/i0.wp.com\/ohnis788407.de\/wp-content\/uploads\/2015\/12\/20151225_115915.jpg?w=331&amp;ssl=1 331w\" sizes=\"auto, (max-width: 215px) 100vw, 215px\" \/><\/a>Leider keine Informationen dazu gefunden.<\/p>\n<p>T\u00fcrchen 14<\/p>\n<h2>Balea Pflegecreme<\/h2>\n<p><a href=\"https:\/\/i0.wp.com\/ohnis788407.de\/wp-content\/uploads\/2015\/12\/20151225_120018.jpg\"><img data-recalc-dims=\"1\" loading=\"lazy\" decoding=\"async\" class=\"size-medium wp-image-5948 aligncenter\" src=\"https:\/\/i0.wp.com\/ohnis788407.de\/wp-content\/uploads\/2015\/12\/20151225_120018-184x300.jpg?resize=184%2C300\" alt=\"?\" width=\"184\" height=\"300\" srcset=\"https:\/\/i0.wp.com\/ohnis788407.de\/wp-content\/uploads\/2015\/12\/20151225_120018.jpg?resize=184%2C300&amp;ssl=1 184w, https:\/\/i0.wp.com\/ohnis788407.de\/wp-content\/uploads\/2015\/12\/20151225_120018.jpg?w=284&amp;ssl=1 284w\" sizes=\"auto, (max-width: 184px) 100vw, 184px\" \/><\/a>Die Balea Pflegecreme pflegt Gesicht und K\u00f6rper zart und geschmeidig. Sie erh\u00f6ht das Feuchthalteverm\u00f6gen und sch\u00fctzt die Haut bei jeder Witterung. Wertvolle Sheabutter sowie Mandel\u00f6l und Panthenol bewahren die Haut vor dem Austrocknen und verbessern ihre Elastizit\u00e4t jeden Tag.<\/p>\n<p><strong>Anwendungshinweise<\/strong><\/p>\n<p>T\u00e4glich nach Bedarf sorgf\u00e4ltig einmassieren. F\u00fcr Gesicht und K\u00f6rper geeignet.<\/p>\n<p>T\u00fcrchen 15<\/p>\n<h2>Reinigende Maske, 2 x 8 ml<\/h2>\n<p><a href=\"https:\/\/i0.wp.com\/ohnis788407.de\/wp-content\/uploads\/2015\/12\/20151225_120006.jpg\"><img data-recalc-dims=\"1\" loading=\"lazy\" decoding=\"async\" class=\"size-medium wp-image-5949 aligncenter\" src=\"https:\/\/i0.wp.com\/ohnis788407.de\/wp-content\/uploads\/2015\/12\/20151225_120006-192x300.jpg?resize=192%2C300\" alt=\"?\" width=\"192\" height=\"300\" srcset=\"https:\/\/i0.wp.com\/ohnis788407.de\/wp-content\/uploads\/2015\/12\/20151225_120006.jpg?resize=192%2C300&amp;ssl=1 192w, https:\/\/i0.wp.com\/ohnis788407.de\/wp-content\/uploads\/2015\/12\/20151225_120006.jpg?w=296&amp;ssl=1 296w\" sizes=\"auto, (max-width: 192px) 100vw, 192px\" \/><\/a>Die Haut sanft verfeinern: Balea Reinigende Maske mit Zink entfernt wirksam abgestorbene Hautsch\u00fcppchen und mattiert. Unreinheiten wird vorgebeugt. Wei\u00dfe, mineralstoffreiche Tonerde absorbiert \u00fcbersch\u00fcssiges Hautfett. Zink wirkt Irritationen der Haut entgegen, mindert Unreinheiten und beruhigt sie f\u00fchlbar. Hyalurons\u00e4ure und Milchproteine spenden Feuchtigkeit.<\/p>\n<p><strong>Anwendungshinweise<\/strong><\/p>\n<p>Nach der Reinigung gro\u00dfz\u00fcgig und gleichm\u00e4\u00dfig im Gesicht auftragen, Augen- und Mundpartie aussparen. 10\u201315 Minuten einwirken lassen. Reste der Maske mit reichlich warmem Wasser gr\u00fcndlich abwaschen. Bei Bedarf 1\u20132 mal w\u00f6chentlich anwenden. Packung reicht f\u00fcr 2 Anwendungen.<\/p>\n<p>T\u00fcrchen 16<\/p>\n<h2>Professional Repair + Pflege Shampoo<\/h2>\n<p><a href=\"https:\/\/i0.wp.com\/ohnis788407.de\/wp-content\/uploads\/2015\/12\/20151225_115858.jpg\"><img data-recalc-dims=\"1\" loading=\"lazy\" decoding=\"async\" class=\"size-medium wp-image-5950 aligncenter\" src=\"https:\/\/i0.wp.com\/ohnis788407.de\/wp-content\/uploads\/2015\/12\/20151225_115858-219x300.jpg?resize=219%2C300\" alt=\"20151225_115858\" width=\"219\" height=\"300\" srcset=\"https:\/\/i0.wp.com\/ohnis788407.de\/wp-content\/uploads\/2015\/12\/20151225_115858.jpg?resize=219%2C300&amp;ssl=1 219w, https:\/\/i0.wp.com\/ohnis788407.de\/wp-content\/uploads\/2015\/12\/20151225_115858.jpg?w=337&amp;ssl=1 337w\" sizes=\"auto, (max-width: 219px) 100vw, 219px\" \/><\/a>Das Repair + Pflege Shampoo mit der leistungsstarken Pflegeformel reinigt das Haar sanft und dringt tief in die geschw\u00e4chte Haarstruktur ein &#8211; f\u00fcr sichtbar gesundes Haar voller Geschmeidigkeit.<\/p>\n<p>Vegan.<\/p>\n<p><strong>Anwendungshinweise<\/strong><\/p>\n<p>Sanft ins nasse Haar einmassieren, kurz einwirken lassen und sorgf\u00e4ltig mit lauwarmem Wasser aussp\u00fclen. Um das Haar optimal zu pflegen, empfehlen wir die Balea Professional Repair + Pflege Sp\u00fclung.<\/p>\n<p>T\u00fcrchen 17<\/p>\n<h2>Professional Beautiful Long 1-Minute Intensivkur<\/h2>\n<p><a href=\"https:\/\/i0.wp.com\/ohnis788407.de\/wp-content\/uploads\/2015\/12\/20151225_115558.jpg\"><img data-recalc-dims=\"1\" loading=\"lazy\" decoding=\"async\" class=\"size-medium wp-image-5951 aligncenter\" src=\"https:\/\/i0.wp.com\/ohnis788407.de\/wp-content\/uploads\/2015\/12\/20151225_115558-187x300.jpg?resize=187%2C300\" alt=\"?\" width=\"187\" height=\"300\" srcset=\"https:\/\/i0.wp.com\/ohnis788407.de\/wp-content\/uploads\/2015\/12\/20151225_115558.jpg?resize=187%2C300&amp;ssl=1 187w, https:\/\/i0.wp.com\/ohnis788407.de\/wp-content\/uploads\/2015\/12\/20151225_115558.jpg?w=288&amp;ssl=1 288w\" sizes=\"auto, (max-width: 187px) 100vw, 187px\" \/><\/a>Die Beautiful Long 1-Minute Intensiv-Kur mit der leistungsstarken Pflegeformel n\u00e4hrt und pflegt beanspruchtes und ausgelaugtes Haar und repariert strapaziertes langes Haar vom Ansatz bis in die Spitzen \u2013 f\u00fcr gesundes, langes Haar voller Geschmeidigkeit<\/p>\n<p><strong>Anwendungshinweise<\/strong><\/p>\n<p>2\u20133 mal w\u00f6chentlich sanft ins feuchte Haar einmassieren und 1 Minute einwirken lassen &#8211; bei stark gesch\u00e4digtem Haar die Dauer verl\u00e4ngern. Sorgf\u00e4ltig aussp\u00fclen. Um das Haar optimal auf die Pflege vorzubereiten, empfehlen wir das Balea Professional Beautiful Long Shampoo.<\/p>\n<p>T\u00fcrchen 18<\/p>\n<h2>After Shave Pflege-Gel Sensitive<\/h2>\n<p><a href=\"https:\/\/i0.wp.com\/ohnis788407.de\/wp-content\/uploads\/2015\/12\/20151225_115841.jpg\"><img data-recalc-dims=\"1\" loading=\"lazy\" decoding=\"async\" class=\"size-medium wp-image-5952 aligncenter\" src=\"https:\/\/i0.wp.com\/ohnis788407.de\/wp-content\/uploads\/2015\/12\/20151225_115841-208x300.jpg?resize=208%2C300\" alt=\"?\" width=\"208\" height=\"300\" srcset=\"https:\/\/i0.wp.com\/ohnis788407.de\/wp-content\/uploads\/2015\/12\/20151225_115841.jpg?resize=208%2C300&amp;ssl=1 208w, https:\/\/i0.wp.com\/ohnis788407.de\/wp-content\/uploads\/2015\/12\/20151225_115841.jpg?w=321&amp;ssl=1 321w\" sizes=\"auto, (max-width: 208px) 100vw, 208px\" \/><\/a>Das Balea After Shave Pflege-Gel Sensitive mit Sheanuss\u00f6l, Panthenol und Allantoin beruhigt gereizte Haut und mildert rasurbedingte Hautr\u00f6tungen. Ideal geeignet f\u00fcr empfindliche Hautpartien wie z.B. die Achselh\u00f6hlen und die Bikinizone. Das After Shave Pflege-Gel wirkt der Bildung von Rasierpickelchen entgegen. Zieht schnell ein &#8211; ohne zu fetten. Die Hautvertr\u00e4glichkeit ist dermatologisch best\u00e4tigt.<\/p>\n<p>Vegan.<\/p>\n<p>T\u00fcrchen 19<\/p>\n<h2>Hand &amp; Nagel Balsam<\/h2>\n<p><a href=\"https:\/\/i0.wp.com\/ohnis788407.de\/wp-content\/uploads\/2015\/12\/20151225_120034.jpg\"><img data-recalc-dims=\"1\" loading=\"lazy\" decoding=\"async\" class=\"size-medium wp-image-5953 aligncenter\" src=\"https:\/\/i0.wp.com\/ohnis788407.de\/wp-content\/uploads\/2015\/12\/20151225_120034-238x300.jpg?resize=238%2C300\" alt=\"?\" width=\"238\" height=\"300\" srcset=\"https:\/\/i0.wp.com\/ohnis788407.de\/wp-content\/uploads\/2015\/12\/20151225_120034.jpg?resize=238%2C300&amp;ssl=1 238w, https:\/\/i0.wp.com\/ohnis788407.de\/wp-content\/uploads\/2015\/12\/20151225_120034.jpg?w=350&amp;ssl=1 350w\" sizes=\"auto, (max-width: 238px) 100vw, 238px\" \/><\/a>Balea Hand &amp; Nagel Balsam mit Kamillen Extrakt spendet den H\u00e4nden wohltuende Feuchtigkeit. Trockene Haut beruhigt sich und f\u00fchlt sich wieder zart und geschmeidig an. Das feuchtigkeitsspendende Panthenol regeneriert die Haut und wirkt gl\u00e4ttend. Die Wirkformel gibt den N\u00e4geln zudem Elastizit\u00e4t.<\/p>\n<p>Vegan.<\/p>\n<p><strong>Anwendungshinweise<\/strong><\/p>\n<p>T\u00e4glich nach Bedarf sorgf\u00e4ltig einmassieren.<\/p>\n<p>T\u00fcrchen 20<\/p>\n<h2>Balea Badestern Bratapfel &#8211; 25 g<\/h2>\n<p><a href=\"https:\/\/i0.wp.com\/ohnis788407.de\/wp-content\/uploads\/2015\/12\/20151225_115930.jpg\"><img data-recalc-dims=\"1\" loading=\"lazy\" decoding=\"async\" class=\"size-medium wp-image-5954 aligncenter\" src=\"https:\/\/i0.wp.com\/ohnis788407.de\/wp-content\/uploads\/2015\/12\/20151225_115930-213x300.jpg?resize=213%2C300\" alt=\"?\" width=\"213\" height=\"300\" srcset=\"https:\/\/i0.wp.com\/ohnis788407.de\/wp-content\/uploads\/2015\/12\/20151225_115930.jpg?resize=213%2C300&amp;ssl=1 213w, https:\/\/i0.wp.com\/ohnis788407.de\/wp-content\/uploads\/2015\/12\/20151225_115930.jpg?w=328&amp;ssl=1 328w\" sizes=\"auto, (max-width: 213px) 100vw, 213px\" \/><\/a>Leider keinen Informationen zu dem Produkt.<\/p>\n<p>So meine Lieben das waren die n\u00e4chsten 10 T\u00fcrchen jetzt fehlen nur noch 4 T\u00fcrchen und dann kommt schon der Weihnachtsmann. Ich w\u00fcnsche Euch einen sch\u00f6nen Sonntag<\/p>\n<p><a href=\"https:\/\/i0.wp.com\/ohnis788407.de\/wp-content\/uploads\/2014\/05\/http___signatures.mylivesignature.com_54492_60_377ADCD7679D64BDCE764840903426A3.png\"><img data-recalc-dims=\"1\" loading=\"lazy\" decoding=\"async\" class=\"size-full wp-image-3497 aligncenter\" src=\"https:\/\/i0.wp.com\/ohnis788407.de\/wp-content\/uploads\/2014\/05\/http___signatures.mylivesignature.com_54492_60_377ADCD7679D64BDCE764840903426A3.png?resize=180%2C80\" alt=\"http___signatures.mylivesignature.com_54492_60_377ADCD7679D64BDCE764840903426A3\" width=\"180\" height=\"80\" \/><\/a><\/p>\n","protected":false},"excerpt":{"rendered":"<p>Hallo ihr Lieben die n\u00e4chsten 10 Tage sind schon wieder rum und ich m\u00f6chte Euch zeigen was mein #Balea #Kalender enthalten hat. T\u00fcrchen 11 Med Ultra Sensitive Intensivcreme Balea Med Ultra Sensitive 24h Intensivcreme enth\u00e4lt einen speziell entwickelten hochwertigen Wirkstoffkomplex. Die sanfte Formulierung mit Panthenol spendet der Haut intensive Feuchtigkeit. Mit Allantoin beruhigt selbst gestresste <a class=\"read-more\" href=\"https:\/\/ohnis788407.de\/?p=5944\">Read More<\/a><\/p>\n","protected":false},"author":1,"featured_media":0,"comment_status":"open","ping_status":"open","sticky":false,"template":"","format":"standard","meta":{"ngg_post_thumbnail":0,"_jetpack_memberships_contains_paid_content":false,"footnotes":"","jetpack_publicize_message":"","jetpack_publicize_feature_enabled":true,"jetpack_social_post_already_shared":true,"jetpack_social_options":{"image_generator_settings":{"template":"highway","default_image_id":0,"font":"","enabled":false},"version":2}},"categories":[102,180],"tags":[],"class_list":["post-5944","post","type-post","status-publish","format-standard","hentry","category-adventskalender","category-balea"],"jetpack_publicize_connections":[],"jetpack_featured_media_url":"","jetpack-related-posts":[],"jetpack_sharing_enabled":true,"_links":{"self":[{"href":"https:\/\/ohnis788407.de\/index.php?rest_route=\/wp\/v2\/posts\/5944","targetHints":{"allow":["GET"]}}],"collection":[{"href":"https:\/\/ohnis788407.de\/index.php?rest_route=\/wp\/v2\/posts"}],"about":[{"href":"https:\/\/ohnis788407.de\/index.php?rest_route=\/wp\/v2\/types\/post"}],"author":[{"embeddable":true,"href":"https:\/\/ohnis788407.de\/index.php?rest_route=\/wp\/v2\/users\/1"}],"replies":[{"embeddable":true,"href":"https:\/\/ohnis788407.de\/index.php?rest_route=%2Fwp%2Fv2%2Fcomments&post=5944"}],"version-history":[{"count":3,"href":"https:\/\/ohnis788407.de\/index.php?rest_route=\/wp\/v2\/posts\/5944\/revisions"}],"predecessor-version":[{"id":5957,"href":"https:\/\/ohnis788407.de\/index.php?rest_route=\/wp\/v2\/posts\/5944\/revisions\/5957"}],"wp:attachment":[{"href":"https:\/\/ohnis788407.de\/index.php?rest_route=%2Fwp%2Fv2%2Fmedia&parent=5944"}],"wp:term":[{"taxonomy":"category","embeddable":true,"href":"https:\/\/ohnis788407.de\/index.php?rest_route=%2Fwp%2Fv2%2Fcategories&post=5944"},{"taxonomy":"post_tag","embeddable":true,"href":"https:\/\/ohnis788407.de\/index.php?rest_route=%2Fwp%2Fv2%2Ftags&post=5944"}],"curies":[{"name":"wp","href":"https:\/\/api.w.org\/{rel}","templated":true}]}}