{"id":5929,"date":"2015-12-14T11:50:09","date_gmt":"2015-12-14T10:50:09","guid":{"rendered":"http:\/\/ohnis788407.de\/?p=5929"},"modified":"2015-12-25T15:36:43","modified_gmt":"2015-12-25T14:36:43","slug":"balea-adventskalender-auswertung","status":"publish","type":"post","link":"https:\/\/ohnis788407.de\/?p=5929","title":{"rendered":"Balea Adventskalender Auswertung"},"content":{"rendered":"<p>Hallo ihr Lieben<\/p>\n<p><span style=\"font-size: medium;\">heute m\u00f6chte ich Euch die ersten 10 T\u00fcrchen von meinem #Balea #Kalender vorstellen. <\/span>Es ist der Erste (wie ich geh\u00f6rt habe) von dm gewesen. Viele haben ihn vieleicht gar nicht mehr bekommen weil es wirklich eine begrenzte Anzahl gab. Aber lange Rede &#8230;.. ich fange mal an. \ud83d\ude42<\/p>\n<p><span style=\"color: #800080;\">T\u00fcrchen 1<\/span><\/p>\n<h2>erfrischendes Waschgel<\/h2>\n<p><a href=\"https:\/\/i0.wp.com\/ohnis788407.de\/wp-content\/uploads\/2015\/12\/20151225_115120.jpg\"><img data-recalc-dims=\"1\" loading=\"lazy\" decoding=\"async\" class=\"size-medium wp-image-5930 aligncenter\" src=\"https:\/\/i0.wp.com\/ohnis788407.de\/wp-content\/uploads\/2015\/12\/20151225_115120-219x300.jpg?resize=219%2C300\" alt=\"?\" width=\"219\" height=\"300\" srcset=\"https:\/\/i0.wp.com\/ohnis788407.de\/wp-content\/uploads\/2015\/12\/20151225_115120.jpg?resize=219%2C300&amp;ssl=1 219w, https:\/\/i0.wp.com\/ohnis788407.de\/wp-content\/uploads\/2015\/12\/20151225_115120.jpg?w=338&amp;ssl=1 338w\" sizes=\"auto, (max-width: 219px) 100vw, 219px\" \/><\/a><\/p>\n<p><span style=\"font-size: medium;\">Balea Erfrischendes Waschgel verf\u00fcgt \u00fcber eine leicht sch\u00e4umende Rezeptur. Die Formel ist mit Lotusbl\u00fcten- und Bambus-Extrakt angereichert und hilft, die nat\u00fcrliche Balance zu wahren. Provitamin B5 spendet Feuchtigkeit und beugt dem Austrocknen vor. Die Formulierung befreit besonders sanft von Make-up, Schmutzpartikeln und Hautablagerungen. Eine milde Reinigung f\u00fcr jeden Tag.<\/span><\/p>\n<p>Vegan.<\/p>\n<p><strong><span style=\"font-size: medium;\">Anwendungshinweise<\/span><\/strong><\/p>\n<p>Morgens und abends Waschgel auf die angefeuchtete Haut auftragen. Mit etwas Wasser aufsch\u00e4umen. Mit warmem Wasser absp\u00fclen.<\/p>\n<p><span style=\"color: #800080;\">T\u00fcrchen 2<\/span><\/p>\n<h2>reichhaltige Bodymilk<\/h2>\n<p><a href=\"https:\/\/i0.wp.com\/ohnis788407.de\/wp-content\/uploads\/2015\/12\/20151225_115134.jpg\"><img data-recalc-dims=\"1\" loading=\"lazy\" decoding=\"async\" class=\"size-medium wp-image-5931 aligncenter\" src=\"https:\/\/i0.wp.com\/ohnis788407.de\/wp-content\/uploads\/2015\/12\/20151225_115134-205x300.jpg?resize=205%2C300\" alt=\"?\" width=\"205\" height=\"300\" srcset=\"https:\/\/i0.wp.com\/ohnis788407.de\/wp-content\/uploads\/2015\/12\/20151225_115134.jpg?resize=205%2C300&amp;ssl=1 205w, https:\/\/i0.wp.com\/ohnis788407.de\/wp-content\/uploads\/2015\/12\/20151225_115134.jpg?w=315&amp;ssl=1 315w\" sizes=\"auto, (max-width: 205px) 100vw, 205px\" \/><\/a><\/p>\n<p>Die Balea Bodymilk gibt trockener Haut wichtige Feuchtigkeit zur\u00fcck. Gleichzeitig wirkt die Rezeptur r\u00fcckfettend- f\u00fcr ein streichelzartes Hautgef\u00fchl. Mit ausgew\u00e4hlten Lipiden, Vitamin E und Sheabutter. Die Moisture Care 24h Polyol Formel unterst\u00fctzt die nat\u00fcrliche Feuchtigkeitsversorgung Ihrer Haut. Die reichhaltige Emulsion l\u00e4sst sich gut verteilen und verleiht eine weiche und gepflegte Haut.<\/p>\n<p><strong>Anwendungshinweise<\/strong><\/p>\n<p>T\u00e4glich sanft mit kreisenden Bewegungen einmassieren<\/p>\n<p><span style=\"color: #800080;\">T\u00fcrchen 3<\/span><\/p>\n<h2>Q10 Anti-Falten Tagescreme<\/h2>\n<p><a href=\"https:\/\/i0.wp.com\/ohnis788407.de\/wp-content\/uploads\/2015\/12\/20151225_115154.jpg\"><img data-recalc-dims=\"1\" loading=\"lazy\" decoding=\"async\" class=\"size-medium wp-image-5932 aligncenter\" src=\"https:\/\/i0.wp.com\/ohnis788407.de\/wp-content\/uploads\/2015\/12\/20151225_115154-199x300.jpg?resize=199%2C300\" alt=\"?\" width=\"199\" height=\"300\" srcset=\"https:\/\/i0.wp.com\/ohnis788407.de\/wp-content\/uploads\/2015\/12\/20151225_115154.jpg?resize=199%2C300&amp;ssl=1 199w, https:\/\/i0.wp.com\/ohnis788407.de\/wp-content\/uploads\/2015\/12\/20151225_115154.jpg?w=307&amp;ssl=1 307w\" sizes=\"auto, (max-width: 199px) 100vw, 199px\" \/><\/a><\/p>\n<p>Die Balea Q10 Anti-Falten Tagescreme mit Omega-Komplex mildert bei regelm\u00e4\u00dfiger Anwendung die Faltentiefe sowie erste F\u00e4ltchen und steigert die Hautelastizit\u00e4t. Die Creme wird morgens nach der Reinigung auf Gesicht, Hals und Dekollet\u00e9 aufgetragen und sanft einmassiert. Den Augenbereich aussparen. Die Tagescreme eignet sich ideal als Make-up-Unterlage.<\/p>\n<p><strong>Anwendungshinweise<\/strong><\/p>\n<p>Q10 Tagescreme morgens nach der Reinigung auf Gesicht, Hals und Dekollet\u00e9 auftragen. Augenbereich aussparen. Sanft einmassieren. Ideal als Make-up-Unterlage.<\/p>\n<p><span style=\"color: #800080;\">T\u00fcrchen 4<\/span><\/p>\n<h2>Q10 Anti-Falten Nachtcreme<\/h2>\n<p><a href=\"https:\/\/i0.wp.com\/ohnis788407.de\/wp-content\/uploads\/2015\/12\/20151225_115214.jpg\"><img data-recalc-dims=\"1\" loading=\"lazy\" decoding=\"async\" class=\"size-medium wp-image-5933 aligncenter\" src=\"https:\/\/i0.wp.com\/ohnis788407.de\/wp-content\/uploads\/2015\/12\/20151225_115214-194x300.jpg?resize=194%2C300\" alt=\"?\" width=\"194\" height=\"300\" srcset=\"https:\/\/i0.wp.com\/ohnis788407.de\/wp-content\/uploads\/2015\/12\/20151225_115214.jpg?resize=194%2C300&amp;ssl=1 194w, https:\/\/i0.wp.com\/ohnis788407.de\/wp-content\/uploads\/2015\/12\/20151225_115214.jpg?w=298&amp;ssl=1 298w\" sizes=\"auto, (max-width: 194px) 100vw, 194px\" \/><\/a><\/p>\n<p>Hocheffiziente Regeneration w\u00e4hrend der Nacht: Balea Q10 Anti-Falten Nachtcreme mit Omega-Komplex liefert Ihrer Haut neue Energie. Bei regelm\u00e4\u00dfiger Anwendung werden die Faltentiefe und erste F\u00e4ltchen nachweisbar gemildert,* die Hautelastizit\u00e4t wird gesteigert.<br \/>\n\u2022Das hauteigene Q10 ist ein wirkungsvoller Energielieferant der Zellen. Das in der Nachtcreme enthaltene Q10 tr\u00e4gt aktiv zur Hautregeneration bei.<br \/>\n\u2022Der Omega-Komplex ist reich an essenziellen Fetts\u00e4uren und st\u00e4rkt die Widerstandsf\u00e4higkeit der Haut.<br \/>\n* Innerhalb von 4 Wochen, belegt durch wissenschaftliche Tests<\/p>\n<p><strong>Anwendungshinweise<\/strong><\/p>\n<p>Q10 Nachtcreme abends nach der Reinigung auf Gesicht, Hals und Dekollet\u00e9 auftragen. Augenbereich aussparen. Sanft einmassieren.<\/p>\n<p><span style=\"color: #800080;\">T\u00fcrchen 5<\/span><\/p>\n<h2>Dusche &amp; Creme Vanille und Cocos<\/h2>\n<p><a href=\"https:\/\/i0.wp.com\/ohnis788407.de\/wp-content\/uploads\/2015\/12\/20151225_115427.jpg\"><img data-recalc-dims=\"1\" loading=\"lazy\" decoding=\"async\" class=\"size-medium wp-image-5935 aligncenter\" src=\"https:\/\/i0.wp.com\/ohnis788407.de\/wp-content\/uploads\/2015\/12\/20151225_115427-199x300.jpg?resize=199%2C300\" alt=\"?\" width=\"199\" height=\"300\" srcset=\"https:\/\/i0.wp.com\/ohnis788407.de\/wp-content\/uploads\/2015\/12\/20151225_115427.jpg?resize=199%2C300&amp;ssl=1 199w, https:\/\/i0.wp.com\/ohnis788407.de\/wp-content\/uploads\/2015\/12\/20151225_115427.jpg?w=306&amp;ssl=1 306w\" sizes=\"auto, (max-width: 199px) 100vw, 199px\" \/><\/a><\/p>\n<p>Die Balea Dusche &amp; Creme Vanille und Cocos mit wertvoller Pflegemilch spendet der Haut eine angenehme Pflege. Gleichzeitig bewahrt die wirksame Feuchtigkeitspflegeformel die hauteigene Feuchtigkeit und sch\u00fctzt so vor dem Austrocknen. Die Hautvertr\u00e4glichkeit ist dermatologisch best\u00e4tigt.<\/p>\n<p><span style=\"color: #800080;\">T\u00fcrchen 6<\/span><\/p>\n<p><a href=\"https:\/\/i0.wp.com\/ohnis788407.de\/wp-content\/uploads\/2015\/12\/20151225_115335.jpg\"><img data-recalc-dims=\"1\" loading=\"lazy\" decoding=\"async\" class=\"size-medium wp-image-5934 aligncenter\" src=\"https:\/\/i0.wp.com\/ohnis788407.de\/wp-content\/uploads\/2015\/12\/20151225_115335-173x300.jpg?resize=173%2C300\" alt=\"?\" width=\"173\" height=\"300\" srcset=\"https:\/\/i0.wp.com\/ohnis788407.de\/wp-content\/uploads\/2015\/12\/20151225_115335.jpg?resize=173%2C300&amp;ssl=1 173w, https:\/\/i0.wp.com\/ohnis788407.de\/wp-content\/uploads\/2015\/12\/20151225_115335.jpg?w=266&amp;ssl=1 266w\" sizes=\"auto, (max-width: 173px) 100vw, 173px\" \/><\/a><\/p>\n<p><span style=\"font-size: medium;\">Leider kann ich Euch keine Informationen zur Tannenbaum Seife geben weil ich nichts dazu finde. Aber bei einer Seife kann man nicht viel falsch machen oder?<\/span><\/p>\n<p><span style=\"color: #800080;\">T\u00fcrchen 7<\/span><\/p>\n<h2>Fu\u00df Balsam<\/h2>\n<p><a href=\"https:\/\/i0.wp.com\/ohnis788407.de\/wp-content\/uploads\/2015\/12\/20151225_115257.jpg\"><img data-recalc-dims=\"1\" loading=\"lazy\" decoding=\"async\" class=\"size-medium wp-image-5937 aligncenter\" src=\"https:\/\/i0.wp.com\/ohnis788407.de\/wp-content\/uploads\/2015\/12\/20151225_115257-205x300.jpg?resize=205%2C300\" alt=\"?\" width=\"205\" height=\"300\" srcset=\"https:\/\/i0.wp.com\/ohnis788407.de\/wp-content\/uploads\/2015\/12\/20151225_115257.jpg?resize=205%2C300&amp;ssl=1 205w, https:\/\/i0.wp.com\/ohnis788407.de\/wp-content\/uploads\/2015\/12\/20151225_115257.jpg?w=315&amp;ssl=1 315w\" sizes=\"auto, (max-width: 205px) 100vw, 205px\" \/><\/a><\/p>\n<p>Regeneriert und sch\u00fctzt. Nat\u00fcrliche Sheabutter und ein Feuchtigskeitskomplex sorgen bei Hornhaut und Schwielen f\u00fcr sp\u00fcrbar weichere Haut. Enth\u00e4lt wertvolles Jojoba- und Avocado\u00f6l sowie die Vitamine E und B5. Mit Balea Fu\u00dfbalsam gepflegte, weichere Haut neigt weniger zu Blasen und Druckstellen. Hautvertr\u00e4glichkeit dermatologisch best\u00e4tigt. Balea Fuss Balsam ist vegan.<\/p>\n<p><strong>Anwendungshinweise<\/strong><\/p>\n<p>Balsam gleichm\u00e4\u00dfig auf die F\u00fc\u00dfe auftragen und leicht einmassieren.<\/p>\n<p><span style=\"color: #800080;\">T\u00fcrchen 8<\/span><\/p>\n<h2>Feuchtigkeits Shampoo<\/h2>\n<p><a href=\"https:\/\/i0.wp.com\/ohnis788407.de\/wp-content\/uploads\/2015\/12\/20151225_115740.jpg\"><img data-recalc-dims=\"1\" loading=\"lazy\" decoding=\"async\" class=\"size-medium wp-image-5938 aligncenter\" src=\"https:\/\/i0.wp.com\/ohnis788407.de\/wp-content\/uploads\/2015\/12\/20151225_115740-233x300.jpg?resize=233%2C300\" alt=\"?\" width=\"233\" height=\"300\" srcset=\"https:\/\/i0.wp.com\/ohnis788407.de\/wp-content\/uploads\/2015\/12\/20151225_115740.jpg?resize=233%2C300&amp;ssl=1 233w, https:\/\/i0.wp.com\/ohnis788407.de\/wp-content\/uploads\/2015\/12\/20151225_115740.jpg?w=350&amp;ssl=1 350w\" sizes=\"auto, (max-width: 233px) 100vw, 233px\" \/><\/a><\/p>\n<p>Das Balea Feuchtigkeits Shampoo Pfirsich &amp; Cocos mit Anti-Trocken-Effekt verleiht strapaziertem Haar ein gesundes, strahlendes Aussehen &#8211; ganz ohne es zu beschweren. Die Rezeptur pflegt dank des Aufbaukomplexes mit Vitamin B3 und Provitamin B5 auch strapaziertes Haar geschmeidig und l\u00e4sst stumpfes, trockenes Haar strahlen. Die Hautvertr\u00e4glichkeit ist dermatologisch best\u00e4tigt.<\/p>\n<p>Vegan.<\/p>\n<p><strong>Anwendungshinweise<\/strong><\/p>\n<p>In das feuchte Haar einmassieren. Gr\u00fcndlich aussp\u00fclen.<\/p>\n<p><span style=\"color: #800080;\">T\u00fcrchen 9<\/span><\/p>\n<h2>Feuchtigkeits-Aufbaukur Haarkur<\/h2>\n<p><a href=\"https:\/\/i0.wp.com\/ohnis788407.de\/wp-content\/uploads\/2015\/12\/20151225_115705.jpg\"><img data-recalc-dims=\"1\" loading=\"lazy\" decoding=\"async\" class=\"size-medium wp-image-5939 aligncenter\" src=\"https:\/\/i0.wp.com\/ohnis788407.de\/wp-content\/uploads\/2015\/12\/20151225_115705-195x300.jpg?resize=195%2C300\" alt=\"?\" width=\"195\" height=\"300\" srcset=\"https:\/\/i0.wp.com\/ohnis788407.de\/wp-content\/uploads\/2015\/12\/20151225_115705.jpg?resize=195%2C300&amp;ssl=1 195w, https:\/\/i0.wp.com\/ohnis788407.de\/wp-content\/uploads\/2015\/12\/20151225_115705.jpg?w=301&amp;ssl=1 301w\" sizes=\"auto, (max-width: 195px) 100vw, 195px\" \/><\/a><\/p>\n<p>Die Balea Feuchtigkeits-Aufbaukur Pfirsich &amp; Cocos mit Anti-Trocken-Effekt gl\u00e4ttet die Haaroberfl\u00e4che von trockenem und strapaziertem Haar. Das Haar gewinnt sichtlich an Glanz und ist leichter k\u00e4mmbar. Der Aufbaukomplex mit Vitamin B3 und Provitamin B5 pflegt das Haar geschmeidig. Die Hautvertr\u00e4glichkeit ist dermatologisch best\u00e4tigt. Nach der Haarw\u00e4sche kurz einwirken lassen und aussp\u00fclen.<\/p>\n<p><strong>Anwendungshinweise<\/strong><\/p>\n<p>Nach der Haarw\u00e4sche im handtuchtrockenen Haar verteilen. Bis in die Spitzen einmasssieren und 3 &#8211; 5 Minuten einwirken lassen. Gr\u00fcndlich aussp\u00fclen. Je nach Haarl\u00e4nge reicht die Packung f\u00fcr bis zu 2 Anwendungen.<\/p>\n<p><span style=\"color: #800080;\">T\u00fcrchen 10<\/span><\/p>\n<h2>Lippenpflege Sensitive<\/h2>\n<p><a href=\"https:\/\/i0.wp.com\/ohnis788407.de\/wp-content\/uploads\/2015\/12\/20151225_115823.jpg\"><img data-recalc-dims=\"1\" loading=\"lazy\" decoding=\"async\" class=\"size-medium wp-image-5940 aligncenter\" src=\"https:\/\/i0.wp.com\/ohnis788407.de\/wp-content\/uploads\/2015\/12\/20151225_115823-197x300.jpg?resize=197%2C300\" alt=\"?\" width=\"197\" height=\"300\" srcset=\"https:\/\/i0.wp.com\/ohnis788407.de\/wp-content\/uploads\/2015\/12\/20151225_115823.jpg?resize=197%2C300&amp;ssl=1 197w, https:\/\/i0.wp.com\/ohnis788407.de\/wp-content\/uploads\/2015\/12\/20151225_115823.jpg?w=303&amp;ssl=1 303w\" sizes=\"auto, (max-width: 197px) 100vw, 197px\" \/><\/a><\/p>\n<p>Die Balea Lippenpflege Sensitive mit milder Pflegeformel sch\u00fctzt trockene, spr\u00f6de Lippen vor K\u00e4lte und trockener Luft. Candelilla- und Bienenwachs pflegen die Lippen zart, pflanzliches Avocado- und Mandel\u00f6l spenden zus\u00e4tzliche Geschmeidigkeit. Die Hautvertr\u00e4glichkeit der Balea Lippenpflege Sensitive ist dermatologisch best\u00e4tigt.<\/p>\n<p><span style=\"font-size: medium;\">Die n\u00e4chsten 10 T\u00fcrchen kommen dann in 10 Tage ( plus minus auf den Tag kommt es nicht so genau an oder? ) wieder auf den Blog. Ich w\u00fcnsche Euch einen sch\u00f6nen Montag<\/span><\/p>\n<p><a href=\"https:\/\/i0.wp.com\/ohnis788407.de\/wp-content\/uploads\/2014\/05\/http___signatures.mylivesignature.com_54492_60_377ADCD7679D64BDCE764840903426A3.png\"><img data-recalc-dims=\"1\" loading=\"lazy\" decoding=\"async\" class=\"size-full wp-image-3497 aligncenter\" src=\"https:\/\/i0.wp.com\/ohnis788407.de\/wp-content\/uploads\/2014\/05\/http___signatures.mylivesignature.com_54492_60_377ADCD7679D64BDCE764840903426A3.png?resize=180%2C80\" alt=\"http___signatures.mylivesignature.com_54492_60_377ADCD7679D64BDCE764840903426A3\" width=\"180\" height=\"80\" \/><\/a><\/p>\n<p>&nbsp;<\/p>\n<p>&nbsp;<\/p>\n","protected":false},"excerpt":{"rendered":"<p>Hallo ihr Lieben heute m\u00f6chte ich Euch die ersten 10 T\u00fcrchen von meinem #Balea #Kalender vorstellen. Es ist der Erste (wie ich geh\u00f6rt habe) von dm gewesen. Viele haben ihn vieleicht gar nicht mehr bekommen weil es wirklich eine begrenzte Anzahl gab. Aber lange Rede &#8230;.. ich fange mal an. \ud83d\ude42 T\u00fcrchen 1 erfrischendes Waschgel <a class=\"read-more\" href=\"https:\/\/ohnis788407.de\/?p=5929\">Read More<\/a><\/p>\n","protected":false},"author":1,"featured_media":0,"comment_status":"open","ping_status":"open","sticky":false,"template":"","format":"standard","meta":{"ngg_post_thumbnail":0,"_jetpack_memberships_contains_paid_content":false,"footnotes":"","jetpack_publicize_message":"","jetpack_publicize_feature_enabled":true,"jetpack_social_post_already_shared":true,"jetpack_social_options":{"image_generator_settings":{"template":"highway","default_image_id":0,"font":"","enabled":false},"version":2}},"categories":[102,180],"tags":[],"class_list":["post-5929","post","type-post","status-publish","format-standard","hentry","category-adventskalender","category-balea"],"jetpack_publicize_connections":[],"jetpack_featured_media_url":"","jetpack-related-posts":[],"jetpack_sharing_enabled":true,"_links":{"self":[{"href":"https:\/\/ohnis788407.de\/index.php?rest_route=\/wp\/v2\/posts\/5929","targetHints":{"allow":["GET"]}}],"collection":[{"href":"https:\/\/ohnis788407.de\/index.php?rest_route=\/wp\/v2\/posts"}],"about":[{"href":"https:\/\/ohnis788407.de\/index.php?rest_route=\/wp\/v2\/types\/post"}],"author":[{"embeddable":true,"href":"https:\/\/ohnis788407.de\/index.php?rest_route=\/wp\/v2\/users\/1"}],"replies":[{"embeddable":true,"href":"https:\/\/ohnis788407.de\/index.php?rest_route=%2Fwp%2Fv2%2Fcomments&post=5929"}],"version-history":[{"count":4,"href":"https:\/\/ohnis788407.de\/index.php?rest_route=\/wp\/v2\/posts\/5929\/revisions"}],"predecessor-version":[{"id":5943,"href":"https:\/\/ohnis788407.de\/index.php?rest_route=\/wp\/v2\/posts\/5929\/revisions\/5943"}],"wp:attachment":[{"href":"https:\/\/ohnis788407.de\/index.php?rest_route=%2Fwp%2Fv2%2Fmedia&parent=5929"}],"wp:term":[{"taxonomy":"category","embeddable":true,"href":"https:\/\/ohnis788407.de\/index.php?rest_route=%2Fwp%2Fv2%2Fcategories&post=5929"},{"taxonomy":"post_tag","embeddable":true,"href":"https:\/\/ohnis788407.de\/index.php?rest_route=%2Fwp%2Fv2%2Ftags&post=5929"}],"curies":[{"name":"wp","href":"https:\/\/api.w.org\/{rel}","templated":true}]}}