{"id":5916,"date":"2016-01-03T14:06:50","date_gmt":"2016-01-03T13:06:50","guid":{"rendered":"http:\/\/ohnis788407.de\/?p=5916"},"modified":"2017-01-14T17:08:59","modified_gmt":"2017-01-14T16:08:59","slug":"best-of-halbjahr-2-2015","status":"publish","type":"post","link":"https:\/\/ohnis788407.de\/?p=5916","title":{"rendered":"Best of Halbjahr 2 \/ 2015"},"content":{"rendered":"<p><a href=\"https:\/\/i0.wp.com\/ohnis788407.de\/wp-content\/uploads\/2015\/06\/Blogparade-Fotoparade.png\"><span style=\"color: #000080;\"><img data-recalc-dims=\"1\" loading=\"lazy\" decoding=\"async\" src=\"https:\/\/i0.wp.com\/ohnis788407.de\/wp-content\/uploads\/2015\/06\/Blogparade-Fotoparade-300x99.png?resize=300%2C99\" alt=\"\" width=\"300\" height=\"99\" name=\"Grafik1\" align=\"BOTTOM\" border=\"2\" \/><\/span><\/a><\/p>\n<p><strong><span style=\"font-family: Calibri,sans-serif;\"><span style=\"font-size: medium;\"><span lang=\"de-DE\">Hall\u00f6chen ihr Lieben <\/span><\/span><\/span><\/strong><\/p>\n<p><span style=\"font-family: Calibri,sans-serif;\"><span style=\"font-size: medium;\"><span lang=\"de-DE\">mein erster Artikel in diesem Jahr m\u00f6chte ich einer Fotoparade widmen die noch bis zum 17.01.2016 l\u00e4uft. K\u00f6nnt ihr Euch noch an die <\/span><\/span><\/span><span style=\"font-family: Calibri,sans-serif;\"><span style=\"font-size: medium;\"><a href=\"http:\/\/ohnis788407.de\/wp-admin\/post.php?post=5112&amp;action=edit\">Fotoparade \u2013 Best of Halbjahr 1\/2015<\/a> erinnern? Da hatte Michael von <a href=\"http:\/\/www.erkunde-die-welt.de\/\">Erkunde die Welt<\/a> aufgerufen:<\/span><\/span><\/p>\n<p><span style=\"font-family: Calibri,sans-serif;\"><span style=\"font-size: medium;\">Gestaltet einen Blogartikel mit Euren sch\u00f6nsten Fotos aus dem ersten <a href=\"http:\/\/ohnis788407.de\/Archive\/category\/fotoparade-best-of-halbjahr\">Halbjahr 2015<\/a> und zwar zu folgenden Themen<\/span><\/span><\/p>\n<p><span style=\"font-size: medium;\"><span style=\"font-family: Calibri,sans-serif;\"><strong>Sch\u00f6nste Landschaftsaufnahme, Sch\u00f6nstes Tierfoto, Sch\u00f6nste St\u00e4dteaufnahme, Sch\u00f6nstes Winterfoto, Sch\u00f6nstes Fr\u00fchlingsbild, Absolutes Lieblingsbild aus dem 1. Halbjahr 2015<\/strong> <\/span><\/span><\/p>\n<p><span style=\"font-family: Calibri,sans-serif;\"><span style=\"font-size: medium;\">Jetzt kommt das Best of Halbjahr 2\/2015 ( #FopaNet ) und das lasse ich mir doch nicht entgehen. \ud83d\ude42 Im 2. Halbjahr m\u00f6chte Michael aus den Themenbereichen<\/span><\/span><\/p>\n<p><strong><span style=\"font-family: Calibri,sans-serif;\"><span style=\"font-size: medium;\">Sch\u00f6nstes Sommerfoto <\/span><\/span><\/strong><\/p>\n<p><strong><span style=\"font-family: Calibri,sans-serif;\"><span style=\"font-size: medium;\">Sch\u00f6nstes Herbstbild <\/span><\/span><\/strong><\/p>\n<p><strong><span style=\"font-family: Calibri,sans-serif;\"><span style=\"font-size: medium;\">Sch\u00f6nste Wasseraufnahme<\/span><\/span><\/strong><\/p>\n<p><strong><span style=\"font-family: Calibri,sans-serif;\"><span style=\"font-size: medium;\">Sch\u00f6nstes Heimatfoto <\/span><\/span><\/strong><\/p>\n<p><strong><span style=\"font-family: Calibri,sans-serif;\"><span style=\"font-size: medium;\">Sch\u00f6nste Landschaftsaufnahme <\/span><\/span><\/strong><\/p>\n<p><strong><span style=\"font-family: Calibri,sans-serif;\"><span style=\"font-size: medium;\">Absolutes Lieblingsbild<\/span><\/span><\/strong><\/p>\n<p><span style=\"font-size: medium;\">was sehen. Bevor es auf der Festplatte einstaubt habe ich doch mal ein paar Bilder zusammen gesucht. Das war gar nicht so einfach. Also mein <\/span><\/p>\n<p><strong><span style=\"font-family: Calibri,sans-serif;\"><span style=\"font-size: medium;\">Sch\u00f6nstes Sommerfoto <\/span><\/span><\/strong><span style=\"font-family: Calibri,sans-serif;\"><span style=\"font-size: medium;\">f\u00fcr 2015 ist<\/span><\/span><\/p>\n<p><a href=\"https:\/\/i0.wp.com\/ohnis788407.de\/wp-content\/uploads\/2016\/01\/sommerbild.jpg\"><span style=\"color: #000080;\"><img data-recalc-dims=\"1\" loading=\"lazy\" decoding=\"async\" class=\"aligncenter\" src=\"https:\/\/i0.wp.com\/ohnis788407.de\/wp-content\/uploads\/2016\/01\/sommerbild-300x206.jpg?resize=300%2C206\" alt=\"\" width=\"300\" height=\"206\" name=\"Grafik2\" align=\"BOTTOM\" border=\"2\" \/><\/span><\/a><span style=\"font-size: medium;\">entstanden ist es bei einem sommerlichen Spaziergang.<\/span><\/p>\n<p><strong><span style=\"font-family: Calibri,sans-serif;\"><span style=\"font-size: medium;\">Sch\u00f6nstes Herbstbild <\/span><\/span><\/strong><span style=\"font-size: medium;\">kommt vom Rhein<\/span><\/p>\n<p><a href=\"https:\/\/i0.wp.com\/ohnis788407.de\/wp-content\/uploads\/2016\/01\/Herbstbild.jpg\"><span style=\"color: #000080;\"><img data-recalc-dims=\"1\" loading=\"lazy\" decoding=\"async\" class=\"aligncenter\" src=\"https:\/\/i0.wp.com\/ohnis788407.de\/wp-content\/uploads\/2016\/01\/Herbstbild-300x173.jpg?resize=300%2C173\" alt=\"Herbstbild\" width=\"300\" height=\"173\" name=\"Grafik3\" align=\"BOTTOM\" border=\"2\" \/><\/span><\/a><span style=\"font-size: medium;\">als ich von der Arbeit gekommen bin und das sch\u00f6ne rot am Himmel gesehen habe musste ich glatt mal durch fahren zum Rhein.<\/span><\/p>\n<p><strong><span style=\"font-family: Calibri,sans-serif;\"><span style=\"font-size: medium;\">Sch\u00f6nste Wasseraufnahme <\/span><\/span><\/strong><span style=\"font-family: Calibri,sans-serif;\"><span style=\"font-size: medium;\">kommt von der Ostsee.<\/span><\/span><\/p>\n<p><a href=\"https:\/\/i0.wp.com\/ohnis788407.de\/wp-content\/uploads\/2016\/01\/Wasseraufnahme.jpg\"><span style=\"color: #000080;\"><img data-recalc-dims=\"1\" loading=\"lazy\" decoding=\"async\" class=\"aligncenter\" src=\"https:\/\/i0.wp.com\/ohnis788407.de\/wp-content\/uploads\/2016\/01\/Wasseraufnahme-300x204.jpg?resize=300%2C204\" alt=\"Wasseraufnahme\" width=\"300\" height=\"204\" name=\"Grafik4\" align=\"BOTTOM\" border=\"2\" \/><\/span><\/a><strong><span style=\"font-family: Calibri,sans-serif;\"><span style=\"font-size: medium;\">Sch\u00f6nstes Heimatfoto <\/span><\/span><\/strong><span style=\"font-family: Calibri,sans-serif;\"><span style=\"font-size: medium;\">kommt aus meiner Heimat wo ich bis zu meinem 10. Lebensjahr gewohnt habe<\/span><\/span><\/p>\n<p><a href=\"https:\/\/i0.wp.com\/ohnis788407.de\/wp-content\/uploads\/2016\/01\/Heimat.jpg\"><span style=\"color: #000080;\"><img data-recalc-dims=\"1\" loading=\"lazy\" decoding=\"async\" class=\"aligncenter\" src=\"https:\/\/i0.wp.com\/ohnis788407.de\/wp-content\/uploads\/2016\/01\/Heimat-300x177.jpg?resize=300%2C177\" alt=\"Heimat\" width=\"300\" height=\"177\" name=\"Grafik5\" align=\"BOTTOM\" border=\"2\" \/><\/span><\/a><span style=\"font-size: medium;\">und jetzt immer meinen Papa besuche. Es ist ein kleiner Ort aber immer noch sch\u00f6n dort mit vielen Erinnerungen.<\/span><\/p>\n<p><strong><span style=\"font-family: Calibri,sans-serif;\"><span style=\"font-size: medium;\">Sch\u00f6nste Landschaftsaufnahme <\/span><\/span><\/strong><\/p>\n<p><a href=\"https:\/\/i0.wp.com\/ohnis788407.de\/wp-content\/uploads\/2016\/01\/Landschaftsaufnahme.jpg\"><span style=\"color: #000080;\"><img data-recalc-dims=\"1\" loading=\"lazy\" decoding=\"async\" class=\"aligncenter\" src=\"https:\/\/i0.wp.com\/ohnis788407.de\/wp-content\/uploads\/2016\/01\/Landschaftsaufnahme-300x201.jpg?resize=300%2C201\" alt=\"Landschaftsaufnahme\" width=\"300\" height=\"201\" name=\"Grafik6\" align=\"BOTTOM\" border=\"2\" \/><\/span><\/a><\/p>\n<p><span style=\"font-size: medium;\">entstanden bei einem Spaziergang in der Heimat.<\/span><\/p>\n<p><strong><span style=\"font-family: Calibri,sans-serif;\"><span style=\"font-size: medium;\">Absolutes Lieblingsbild<\/span><\/span><\/strong><span style=\"font-size: medium;\"> f\u00fcr das zweite Halb Jahr 2015 war gar nicht so einfach zu finden aber ich habe mich f\u00fcr dieses entschieden<\/span><\/p>\n<p><a href=\"https:\/\/i0.wp.com\/ohnis788407.de\/wp-content\/uploads\/2016\/01\/Lieblingsbild.jpg\"><span style=\"color: #000080;\"><img data-recalc-dims=\"1\" loading=\"lazy\" decoding=\"async\" class=\"aligncenter\" src=\"https:\/\/i0.wp.com\/ohnis788407.de\/wp-content\/uploads\/2016\/01\/Lieblingsbild-300x213.jpg?resize=300%2C213\" alt=\"Lieblingsbild\" width=\"300\" height=\"213\" name=\"Grafik7\" align=\"BOTTOM\" border=\"2\" \/><\/span><\/a><span style=\"font-size: medium;\">Das ist die junge H\u00fcndin Caro von meinem Papa so verspielt die kleine. Das waren meine Highlights f\u00fcr das zweite Halbjahr 2015. Wie sahen Eure sch\u00f6nsten Aufnahmen aus? Habt ihr schon bei der Fotoparade mitgemacht? Lasst es mich wissen<\/span><\/p>\n<p><a href=\"https:\/\/i0.wp.com\/ohnis788407.de\/wp-content\/uploads\/2014\/05\/http___signatures.mylivesignature.com_54492_60_377ADCD7679D64BDCE764840903426A3.png\"><img data-recalc-dims=\"1\" loading=\"lazy\" decoding=\"async\" class=\"size-full wp-image-3497 aligncenter\" src=\"https:\/\/i0.wp.com\/ohnis788407.de\/wp-content\/uploads\/2014\/05\/http___signatures.mylivesignature.com_54492_60_377ADCD7679D64BDCE764840903426A3.png?resize=180%2C80\" alt=\"http___signatures.mylivesignature.com_54492_60_377ADCD7679D64BDCE764840903426A3\" width=\"180\" height=\"80\" \/><\/a><\/p>\n","protected":false},"excerpt":{"rendered":"<p>Hall\u00f6chen ihr Lieben mein erster Artikel in diesem Jahr m\u00f6chte ich einer Fotoparade widmen die noch bis zum 17.01.2016 l\u00e4uft. K\u00f6nnt ihr Euch noch an die Fotoparade \u2013 Best of Halbjahr 1\/2015 erinnern? Da hatte Michael von Erkunde die Welt aufgerufen: Gestaltet einen Blogartikel mit Euren sch\u00f6nsten Fotos aus dem ersten Halbjahr 2015 und zwar <a class=\"read-more\" href=\"https:\/\/ohnis788407.de\/?p=5916\">Read More<\/a><\/p>\n","protected":false},"author":1,"featured_media":0,"comment_status":"open","ping_status":"open","sticky":false,"template":"","format":"standard","meta":{"ngg_post_thumbnail":0,"_jetpack_memberships_contains_paid_content":false,"footnotes":"","jetpack_publicize_message":"","jetpack_publicize_feature_enabled":true,"jetpack_social_post_already_shared":true,"jetpack_social_options":{"image_generator_settings":{"template":"highway","default_image_id":0,"font":"","enabled":false},"version":2}},"categories":[113,159],"tags":[],"class_list":["post-5916","post","type-post","status-publish","format-standard","hentry","category-blogparaden","category-fotoparade-best-of-halbjahr"],"jetpack_publicize_connections":[],"jetpack_featured_media_url":"","jetpack-related-posts":[],"jetpack_sharing_enabled":true,"_links":{"self":[{"href":"https:\/\/ohnis788407.de\/index.php?rest_route=\/wp\/v2\/posts\/5916","targetHints":{"allow":["GET"]}}],"collection":[{"href":"https:\/\/ohnis788407.de\/index.php?rest_route=\/wp\/v2\/posts"}],"about":[{"href":"https:\/\/ohnis788407.de\/index.php?rest_route=\/wp\/v2\/types\/post"}],"author":[{"embeddable":true,"href":"https:\/\/ohnis788407.de\/index.php?rest_route=\/wp\/v2\/users\/1"}],"replies":[{"embeddable":true,"href":"https:\/\/ohnis788407.de\/index.php?rest_route=%2Fwp%2Fv2%2Fcomments&post=5916"}],"version-history":[{"count":7,"href":"https:\/\/ohnis788407.de\/index.php?rest_route=\/wp\/v2\/posts\/5916\/revisions"}],"predecessor-version":[{"id":7759,"href":"https:\/\/ohnis788407.de\/index.php?rest_route=\/wp\/v2\/posts\/5916\/revisions\/7759"}],"wp:attachment":[{"href":"https:\/\/ohnis788407.de\/index.php?rest_route=%2Fwp%2Fv2%2Fmedia&parent=5916"}],"wp:term":[{"taxonomy":"category","embeddable":true,"href":"https:\/\/ohnis788407.de\/index.php?rest_route=%2Fwp%2Fv2%2Fcategories&post=5916"},{"taxonomy":"post_tag","embeddable":true,"href":"https:\/\/ohnis788407.de\/index.php?rest_route=%2Fwp%2Fv2%2Ftags&post=5916"}],"curies":[{"name":"wp","href":"https:\/\/api.w.org\/{rel}","templated":true}]}}