{"id":5552,"date":"2015-10-06T14:03:51","date_gmt":"2015-10-06T12:03:51","guid":{"rendered":"http:\/\/ohnis788407.de\/?p=5552"},"modified":"2015-10-08T14:48:08","modified_gmt":"2015-10-08T12:48:08","slug":"dienstag-gehts-rund-29","status":"publish","type":"post","link":"https:\/\/ohnis788407.de\/?p=5552","title":{"rendered":"Dienstag geht\u00b4s rund # 29"},"content":{"rendered":"<p><a href=\"https:\/\/i0.wp.com\/ohnis788407.de\/wp-content\/uploads\/2015\/02\/LogoRund.jpg\"><img data-recalc-dims=\"1\" loading=\"lazy\" decoding=\"async\" class=\"alignnone size-full wp-image-4481\" src=\"https:\/\/i0.wp.com\/ohnis788407.de\/wp-content\/uploads\/2015\/02\/LogoRund.jpg?resize=284%2C284\" alt=\"LogoRund\" width=\"284\" height=\"284\" srcset=\"https:\/\/i0.wp.com\/ohnis788407.de\/wp-content\/uploads\/2015\/02\/LogoRund.jpg?w=284&amp;ssl=1 284w, https:\/\/i0.wp.com\/ohnis788407.de\/wp-content\/uploads\/2015\/02\/LogoRund.jpg?resize=100%2C100&amp;ssl=1 100w, https:\/\/i0.wp.com\/ohnis788407.de\/wp-content\/uploads\/2015\/02\/LogoRund.jpg?resize=176%2C176&amp;ssl=1 176w, https:\/\/i0.wp.com\/ohnis788407.de\/wp-content\/uploads\/2015\/02\/LogoRund.jpg?resize=60%2C60&amp;ssl=1 60w, https:\/\/i0.wp.com\/ohnis788407.de\/wp-content\/uploads\/2015\/02\/LogoRund.jpg?resize=150%2C150&amp;ssl=1 150w\" sizes=\"auto, (max-width: 284px) 100vw, 284px\" \/><\/a><\/p>\n<p>Der Herbst ist nun angebrochen und ich schwelge noch in Urlaubserinnerungen. Schaut einfach selbst<\/p>\n<p><a href=\"https:\/\/i0.wp.com\/ohnis788407.de\/wp-content\/uploads\/2015\/10\/29.jpg\"><img data-recalc-dims=\"1\" loading=\"lazy\" decoding=\"async\" class=\" size-medium wp-image-5553 aligncenter\" src=\"https:\/\/i0.wp.com\/ohnis788407.de\/wp-content\/uploads\/2015\/10\/29-300x205.jpg?resize=300%2C205\" alt=\"# 29\" width=\"300\" height=\"205\" srcset=\"https:\/\/i0.wp.com\/ohnis788407.de\/wp-content\/uploads\/2015\/10\/29.jpg?resize=300%2C205&amp;ssl=1 300w, https:\/\/i0.wp.com\/ohnis788407.de\/wp-content\/uploads\/2015\/10\/29.jpg?resize=624%2C426&amp;ssl=1 624w, https:\/\/i0.wp.com\/ohnis788407.de\/wp-content\/uploads\/2015\/10\/29.jpg?w=841&amp;ssl=1 841w\" sizes=\"auto, (max-width: 300px) 100vw, 300px\" \/><\/a>Das wird es in den n\u00e4chsten Wochen dann immer weniger geben. Aber eine sehr sch\u00f6ne Erinnerung an unseren Sommerurlaub. Ich w\u00fcnsche Euch einen sch\u00f6nen runden Dienstag.<\/p>\n<p><a href=\"https:\/\/i0.wp.com\/ohnis788407.de\/wp-content\/uploads\/2014\/01\/http___signatures.mylivesignature.com_54492_60_377ADCD7679D64BDCE764840903426A31.png\"><img data-recalc-dims=\"1\" loading=\"lazy\" decoding=\"async\" class=\" size-full wp-image-3113 aligncenter\" src=\"https:\/\/i0.wp.com\/ohnis788407.de\/wp-content\/uploads\/2014\/01\/http___signatures.mylivesignature.com_54492_60_377ADCD7679D64BDCE764840903426A31.png?resize=180%2C80\" alt=\"http___signatures.mylivesignature.com_54492_60_377ADCD7679D64BDCE764840903426A3\" width=\"180\" height=\"80\" \/><\/a>Das Fotoprojekt kommt von der lieben <a href=\"http:\/\/www.alltagmalanders.de\/fotoblog\/\">Vera <\/a>schaut doch mal bei ihr vorbei.<\/p>\n","protected":false},"excerpt":{"rendered":"<p>Der Herbst ist nun angebrochen und ich schwelge noch in Urlaubserinnerungen. Schaut einfach selbst Das wird es in den n\u00e4chsten Wochen dann immer weniger geben. Aber eine sehr sch\u00f6ne Erinnerung an unseren Sommerurlaub. Ich w\u00fcnsche Euch einen sch\u00f6nen runden Dienstag. Das Fotoprojekt kommt von der lieben Vera schaut doch mal bei ihr vorbei.<\/p>\n","protected":false},"author":1,"featured_media":0,"comment_status":"open","ping_status":"open","sticky":false,"template":"","format":"standard","meta":{"ngg_post_thumbnail":0,"_jetpack_memberships_contains_paid_content":false,"footnotes":"","jetpack_publicize_message":"","jetpack_publicize_feature_enabled":true,"jetpack_social_post_already_shared":true,"jetpack_social_options":{"image_generator_settings":{"template":"highway","default_image_id":0,"font":"","enabled":false},"version":2}},"categories":[140],"tags":[],"class_list":["post-5552","post","type-post","status-publish","format-standard","hentry","category-dienstag-gehts-rund"],"jetpack_publicize_connections":[],"jetpack_featured_media_url":"","jetpack-related-posts":[],"jetpack_sharing_enabled":true,"_links":{"self":[{"href":"https:\/\/ohnis788407.de\/index.php?rest_route=\/wp\/v2\/posts\/5552","targetHints":{"allow":["GET"]}}],"collection":[{"href":"https:\/\/ohnis788407.de\/index.php?rest_route=\/wp\/v2\/posts"}],"about":[{"href":"https:\/\/ohnis788407.de\/index.php?rest_route=\/wp\/v2\/types\/post"}],"author":[{"embeddable":true,"href":"https:\/\/ohnis788407.de\/index.php?rest_route=\/wp\/v2\/users\/1"}],"replies":[{"embeddable":true,"href":"https:\/\/ohnis788407.de\/index.php?rest_route=%2Fwp%2Fv2%2Fcomments&post=5552"}],"version-history":[{"count":1,"href":"https:\/\/ohnis788407.de\/index.php?rest_route=\/wp\/v2\/posts\/5552\/revisions"}],"predecessor-version":[{"id":5554,"href":"https:\/\/ohnis788407.de\/index.php?rest_route=\/wp\/v2\/posts\/5552\/revisions\/5554"}],"wp:attachment":[{"href":"https:\/\/ohnis788407.de\/index.php?rest_route=%2Fwp%2Fv2%2Fmedia&parent=5552"}],"wp:term":[{"taxonomy":"category","embeddable":true,"href":"https:\/\/ohnis788407.de\/index.php?rest_route=%2Fwp%2Fv2%2Fcategories&post=5552"},{"taxonomy":"post_tag","embeddable":true,"href":"https:\/\/ohnis788407.de\/index.php?rest_route=%2Fwp%2Fv2%2Ftags&post=5552"}],"curies":[{"name":"wp","href":"https:\/\/api.w.org\/{rel}","templated":true}]}}