{"id":5523,"date":"2015-09-29T09:30:28","date_gmt":"2015-09-29T07:30:28","guid":{"rendered":"http:\/\/ohnis788407.de\/?p=5523"},"modified":"2015-10-01T10:24:41","modified_gmt":"2015-10-01T08:24:41","slug":"ruehrei-mal-anders","status":"publish","type":"post","link":"https:\/\/ohnis788407.de\/?p=5523","title":{"rendered":"R\u00fchrei mal anders &#038; Dienstag geht\u00b4s rund # 29"},"content":{"rendered":"<p><span style=\"font-size: medium;\"><a href=\"https:\/\/i0.wp.com\/ohnis788407.de\/wp-content\/uploads\/2015\/02\/LogoRund.jpg\"><img data-recalc-dims=\"1\" loading=\"lazy\" decoding=\"async\" class=\"alignnone size-full wp-image-4481\" src=\"https:\/\/i0.wp.com\/ohnis788407.de\/wp-content\/uploads\/2015\/02\/LogoRund.jpg?resize=284%2C284\" alt=\"LogoRund\" width=\"284\" height=\"284\" srcset=\"https:\/\/i0.wp.com\/ohnis788407.de\/wp-content\/uploads\/2015\/02\/LogoRund.jpg?w=284&amp;ssl=1 284w, https:\/\/i0.wp.com\/ohnis788407.de\/wp-content\/uploads\/2015\/02\/LogoRund.jpg?resize=100%2C100&amp;ssl=1 100w, https:\/\/i0.wp.com\/ohnis788407.de\/wp-content\/uploads\/2015\/02\/LogoRund.jpg?resize=176%2C176&amp;ssl=1 176w, https:\/\/i0.wp.com\/ohnis788407.de\/wp-content\/uploads\/2015\/02\/LogoRund.jpg?resize=60%2C60&amp;ssl=1 60w, https:\/\/i0.wp.com\/ohnis788407.de\/wp-content\/uploads\/2015\/02\/LogoRund.jpg?resize=150%2C150&amp;ssl=1 150w\" sizes=\"auto, (max-width: 284px) 100vw, 284px\" \/><\/a>Heute m\u00f6chte ich Euch mal unser R\u00fchrei zeigen was wir am Sonntag ausprobiert haben. Ich hatte am Sonntag ein Video in Facebook gesehen und das musste ich einfach ausprobieren. Kommen wir erst mal zu den<\/span><\/p>\n<p><strong><span style=\"font-size: medium;\"><u>Zutaten:<\/u><\/span><\/strong><\/p>\n<p><span style=\"font-size: medium;\">Eier<\/span><\/p>\n<p><span style=\"font-size: medium;\">Tomaten<\/span><\/p>\n<p><span style=\"font-size: medium;\">Zucchini<\/span><\/p>\n<p><span style=\"font-size: medium;\">Zwiebeln<\/span><\/p>\n<p><span style=\"font-size: medium;\">Kochschinken<\/span><\/p>\n<p><span style=\"font-size: medium;\">Salz &amp; Pfeffer und ein Schluck Milch<\/span><\/p>\n<p><span style=\"font-size: medium;\">Ich habe noch ein paar Kr\u00e4uterlinge bei gef\u00fcgt k\u00f6nnt nat\u00fcrlich auch Petersilie benutzen oder was Euch grade schmeckt.<\/span><\/p>\n<p><a href=\"https:\/\/i0.wp.com\/ohnis788407.de\/wp-content\/uploads\/2015\/09\/20150927_115013.jpg\"><img data-recalc-dims=\"1\" loading=\"lazy\" decoding=\"async\" class=\" size-medium wp-image-5524 aligncenter\" src=\"https:\/\/i0.wp.com\/ohnis788407.de\/wp-content\/uploads\/2015\/09\/20150927_115013-265x300.jpg?resize=265%2C300\" alt=\"20150927_115013\" width=\"265\" height=\"300\" srcset=\"https:\/\/i0.wp.com\/ohnis788407.de\/wp-content\/uploads\/2015\/09\/20150927_115013.jpg?resize=265%2C300&amp;ssl=1 265w, https:\/\/i0.wp.com\/ohnis788407.de\/wp-content\/uploads\/2015\/09\/20150927_115013.jpg?resize=624%2C707&amp;ssl=1 624w, https:\/\/i0.wp.com\/ohnis788407.de\/wp-content\/uploads\/2015\/09\/20150927_115013.jpg?w=841&amp;ssl=1 841w\" sizes=\"auto, (max-width: 265px) 100vw, 265px\" \/><\/a><\/p>\n<p><strong><span style=\"font-size: medium;\"><u>Zubereitung:<\/u><\/span><\/strong><\/p>\n<p><span style=\"font-size: medium;\">Eier in einem Messbecher oder Schl\u00fcssel aufschlagen.<\/span><\/p>\n<p><a href=\"https:\/\/i0.wp.com\/ohnis788407.de\/wp-content\/uploads\/2015\/09\/20150927_114910.jpg\"><img data-recalc-dims=\"1\" loading=\"lazy\" decoding=\"async\" class=\" size-medium wp-image-5525 aligncenter\" src=\"https:\/\/i0.wp.com\/ohnis788407.de\/wp-content\/uploads\/2015\/09\/20150927_114910-253x300.jpg?resize=253%2C300\" alt=\"20150927_114910\" width=\"253\" height=\"300\" srcset=\"https:\/\/i0.wp.com\/ohnis788407.de\/wp-content\/uploads\/2015\/09\/20150927_114910.jpg?resize=253%2C300&amp;ssl=1 253w, https:\/\/i0.wp.com\/ohnis788407.de\/wp-content\/uploads\/2015\/09\/20150927_114910.jpg?resize=624%2C740&amp;ssl=1 624w, https:\/\/i0.wp.com\/ohnis788407.de\/wp-content\/uploads\/2015\/09\/20150927_114910.jpg?w=841&amp;ssl=1 841w\" sizes=\"auto, (max-width: 253px) 100vw, 253px\" \/><\/a><span style=\"font-size: medium;\">Die Tomaten, Zwiebeln &amp; Zucchini in kleine W\u00fcrfel schneiden. <\/span><\/p>\n<p><a href=\"https:\/\/i0.wp.com\/ohnis788407.de\/wp-content\/uploads\/2015\/09\/20150927_114501.jpg\"><img data-recalc-dims=\"1\" loading=\"lazy\" decoding=\"async\" class=\" size-medium wp-image-5526 aligncenter\" src=\"https:\/\/i0.wp.com\/ohnis788407.de\/wp-content\/uploads\/2015\/09\/20150927_114501-257x300.jpg?resize=257%2C300\" alt=\"20150927_114501\" width=\"257\" height=\"300\" srcset=\"https:\/\/i0.wp.com\/ohnis788407.de\/wp-content\/uploads\/2015\/09\/20150927_114501.jpg?resize=257%2C300&amp;ssl=1 257w, https:\/\/i0.wp.com\/ohnis788407.de\/wp-content\/uploads\/2015\/09\/20150927_114501.jpg?resize=624%2C727&amp;ssl=1 624w, https:\/\/i0.wp.com\/ohnis788407.de\/wp-content\/uploads\/2015\/09\/20150927_114501.jpg?w=841&amp;ssl=1 841w\" sizes=\"auto, (max-width: 257px) 100vw, 257px\" \/><\/a>Nat\u00fcrlich k\u00f6nnt ihr auch die Zucchini weg lassen. \ud83d\ude42 Jedenfalls die klein gew\u00fcrfelten Tomaten, Zwiebeln und Zucchini in eine Sch\u00fcssel geben und vermengen. Den Kochschinken klein schneiden und dazu mengen. Die vermengten Zutaten in Muffinf\u00f6rmchen verteilen und mit etwas K\u00e4se bestreuen.<\/p>\n<p><a href=\"https:\/\/i0.wp.com\/ohnis788407.de\/wp-content\/uploads\/2015\/09\/20150927_120543.jpg\"><img data-recalc-dims=\"1\" loading=\"lazy\" decoding=\"async\" class=\" size-medium wp-image-5527 aligncenter\" src=\"https:\/\/i0.wp.com\/ohnis788407.de\/wp-content\/uploads\/2015\/09\/20150927_120543-300x222.jpg?resize=300%2C222\" alt=\"20150927_120543\" width=\"300\" height=\"222\" srcset=\"https:\/\/i0.wp.com\/ohnis788407.de\/wp-content\/uploads\/2015\/09\/20150927_120543.jpg?resize=300%2C222&amp;ssl=1 300w, https:\/\/i0.wp.com\/ohnis788407.de\/wp-content\/uploads\/2015\/09\/20150927_120543.jpg?resize=624%2C461&amp;ssl=1 624w, https:\/\/i0.wp.com\/ohnis788407.de\/wp-content\/uploads\/2015\/09\/20150927_120543.jpg?w=841&amp;ssl=1 841w\" sizes=\"auto, (max-width: 300px) 100vw, 300px\" \/><\/a><span style=\"font-size: medium;\">Und zum Schluss das verquirlte Ei dar\u00fcber gie\u00dfen so das die Muffinform gut voll ist. <\/span><\/p>\n<p><a href=\"https:\/\/i0.wp.com\/ohnis788407.de\/wp-content\/uploads\/2015\/09\/20150927_120552.jpg\"><img data-recalc-dims=\"1\" loading=\"lazy\" decoding=\"async\" class=\" size-medium wp-image-5528 aligncenter\" src=\"https:\/\/i0.wp.com\/ohnis788407.de\/wp-content\/uploads\/2015\/09\/20150927_120552-290x300.jpg?resize=290%2C300\" alt=\"20150927_120552\" width=\"290\" height=\"300\" srcset=\"https:\/\/i0.wp.com\/ohnis788407.de\/wp-content\/uploads\/2015\/09\/20150927_120552.jpg?resize=290%2C300&amp;ssl=1 290w, https:\/\/i0.wp.com\/ohnis788407.de\/wp-content\/uploads\/2015\/09\/20150927_120552.jpg?resize=624%2C646&amp;ssl=1 624w, https:\/\/i0.wp.com\/ohnis788407.de\/wp-content\/uploads\/2015\/09\/20150927_120552.jpg?w=841&amp;ssl=1 841w\" sizes=\"auto, (max-width: 290px) 100vw, 290px\" \/><\/a>Und dann ab in den Backofen also so 20 &#8211; 25 min w\u00fcrde ich sie backen lassen.<\/p>\n<p><a href=\"https:\/\/i0.wp.com\/ohnis788407.de\/wp-content\/uploads\/2015\/09\/20150927_132823.jpg\"><img data-recalc-dims=\"1\" loading=\"lazy\" decoding=\"async\" class=\" size-medium wp-image-5529 aligncenter\" src=\"https:\/\/i0.wp.com\/ohnis788407.de\/wp-content\/uploads\/2015\/09\/20150927_132823-300x210.jpg?resize=300%2C210\" alt=\"20150927_132823\" width=\"300\" height=\"210\" srcset=\"https:\/\/i0.wp.com\/ohnis788407.de\/wp-content\/uploads\/2015\/09\/20150927_132823.jpg?resize=300%2C210&amp;ssl=1 300w, https:\/\/i0.wp.com\/ohnis788407.de\/wp-content\/uploads\/2015\/09\/20150927_132823.jpg?resize=624%2C438&amp;ssl=1 624w, https:\/\/i0.wp.com\/ohnis788407.de\/wp-content\/uploads\/2015\/09\/20150927_132823.jpg?w=841&amp;ssl=1 841w\" sizes=\"auto, (max-width: 300px) 100vw, 300px\" \/><\/a>Und was kann ich noch zum Schluss sagen lasst es Euch schmecken. Lasst es mich wissen wenn ihr es mal ausprobiert habt. W\u00fcrde mich freuen Feedback zu bekommen ob es Euch geschmeckt hat.<\/p>\n<p><span style=\"font-size: medium;\">Und da ich ja einiges rundes dabei habe kann ich auch gleich dem Dienstagsprojekt von <a href=\"http:\/\/www.alltagmalanders.de\/fotoblog\/foto-projekte\/dienstags-gehts-rund\/\">Vera<\/a> widmen. <\/span><\/p>\n<p><a href=\"https:\/\/i0.wp.com\/ohnis788407.de\/wp-content\/uploads\/2014\/05\/http___signatures.mylivesignature.com_54492_60_377ADCD7679D64BDCE764840903426A3.png\"><img data-recalc-dims=\"1\" loading=\"lazy\" decoding=\"async\" class=\" size-full wp-image-3497 aligncenter\" src=\"https:\/\/i0.wp.com\/ohnis788407.de\/wp-content\/uploads\/2014\/05\/http___signatures.mylivesignature.com_54492_60_377ADCD7679D64BDCE764840903426A3.png?resize=180%2C80\" alt=\"http___signatures.mylivesignature.com_54492_60_377ADCD7679D64BDCE764840903426A3\" width=\"180\" height=\"80\" \/><\/a><\/p>\n","protected":false},"excerpt":{"rendered":"<p>Heute m\u00f6chte ich Euch mal unser R\u00fchrei zeigen was wir am Sonntag ausprobiert haben. Ich hatte am Sonntag ein Video in Facebook gesehen und das musste ich einfach ausprobieren. Kommen wir erst mal zu den Zutaten: Eier Tomaten Zucchini Zwiebeln Kochschinken Salz &amp; Pfeffer und ein Schluck Milch Ich habe noch ein paar Kr\u00e4uterlinge bei <a class=\"read-more\" href=\"https:\/\/ohnis788407.de\/?p=5523\">Read More<\/a><\/p>\n","protected":false},"author":1,"featured_media":0,"comment_status":"open","ping_status":"open","sticky":false,"template":"","format":"standard","meta":{"ngg_post_thumbnail":0,"_jetpack_memberships_contains_paid_content":false,"footnotes":"","jetpack_publicize_message":"","jetpack_publicize_feature_enabled":true,"jetpack_social_post_already_shared":true,"jetpack_social_options":{"image_generator_settings":{"template":"highway","default_image_id":0,"font":"","enabled":false},"version":2}},"categories":[98,3],"tags":[],"class_list":["post-5523","post","type-post","status-publish","format-standard","hentry","category-getestet","category-rezepte"],"jetpack_publicize_connections":[],"jetpack_featured_media_url":"","jetpack-related-posts":[],"jetpack_sharing_enabled":true,"_links":{"self":[{"href":"https:\/\/ohnis788407.de\/index.php?rest_route=\/wp\/v2\/posts\/5523","targetHints":{"allow":["GET"]}}],"collection":[{"href":"https:\/\/ohnis788407.de\/index.php?rest_route=\/wp\/v2\/posts"}],"about":[{"href":"https:\/\/ohnis788407.de\/index.php?rest_route=\/wp\/v2\/types\/post"}],"author":[{"embeddable":true,"href":"https:\/\/ohnis788407.de\/index.php?rest_route=\/wp\/v2\/users\/1"}],"replies":[{"embeddable":true,"href":"https:\/\/ohnis788407.de\/index.php?rest_route=%2Fwp%2Fv2%2Fcomments&post=5523"}],"version-history":[{"count":4,"href":"https:\/\/ohnis788407.de\/index.php?rest_route=\/wp\/v2\/posts\/5523\/revisions"}],"predecessor-version":[{"id":5533,"href":"https:\/\/ohnis788407.de\/index.php?rest_route=\/wp\/v2\/posts\/5523\/revisions\/5533"}],"wp:attachment":[{"href":"https:\/\/ohnis788407.de\/index.php?rest_route=%2Fwp%2Fv2%2Fmedia&parent=5523"}],"wp:term":[{"taxonomy":"category","embeddable":true,"href":"https:\/\/ohnis788407.de\/index.php?rest_route=%2Fwp%2Fv2%2Fcategories&post=5523"},{"taxonomy":"post_tag","embeddable":true,"href":"https:\/\/ohnis788407.de\/index.php?rest_route=%2Fwp%2Fv2%2Ftags&post=5523"}],"curies":[{"name":"wp","href":"https:\/\/api.w.org\/{rel}","templated":true}]}}