{"id":5520,"date":"2015-09-28T18:06:38","date_gmt":"2015-09-28T16:06:38","guid":{"rendered":"http:\/\/ohnis788407.de\/?p=5520"},"modified":"2020-05-14T17:48:32","modified_gmt":"2020-05-14T15:48:32","slug":"balea-neuheiten-fuer-deine-taegliche-gesichtspflege","status":"publish","type":"post","link":"https:\/\/ohnis788407.de\/?p=5520","title":{"rendered":"Balea Neuheiten f\u00fcr deine t\u00e4gliche Gesichtspflege"},"content":{"rendered":"<div class=\"widthLimit\">\n<h2 class=\"contentView-title\"><\/h2>\n<h2 class=\"contentView-title\">Balea Neuheiten f\u00fcr deine t\u00e4gliche Gesichtspflege<\/h2>\n<div class=\"subline contentView-description\">\n<p>Wie sieht deine t\u00e4gliche Gesichtspflege aus? Welches sind deine Lieblingsprodukte, auf die du keinen Tag verzichten k\u00f6nntest? Diesen Herbst f\u00fchrt Balea aktuell eine ganze Reihe an neuen Produkten ein, f\u00fcr die die Chancen gut stehen, dass sie vielleicht dein neuer Liebling im Bad werden. Die Produkte sind teilweise bereits in deinem dm-Markt verf\u00fcgbar. Auf andere musst du noch ein paar Tage warten.<\/p>\n<p>Und jetzt Vorhang auf f\u00fcr unsere neuen Balea Gesichtspflegelieblinge.<\/p>\n<\/div>\n<\/div>\n<div class=\"widthLimit\">\n<div class=\"contentList\">\n<div class=\"teaser1-3\">\n<div class=\"productTeaser\">\n<div class=\"productTeaser-content clearfix\">\n<div class=\"productTeaser-imgContainer\">\n<ul>\n<li>\n<div class=\"productTeaser-img-single\">\n<div><\/div>\n<\/div>\n<\/li>\n<\/ul>\n<\/div>\n<h3 class=\"productTeaser-hl\">Teint Perfektion Wimpernserum<\/h3>\n<div class=\"productTeaser-text\">\n<p>F\u00fcr Wimpern mit WOW-Effekt! Strahlend sch\u00f6ner Augenaufschlag: Balea Teint Perfektion Wimpernserum verleiht l\u00e4nger und dichter wirkende Wimpern f\u00fcr eine perfekte Ausstrahlung! Das Balea Teint Perfektion Wimpernserum enth\u00e4lt einen Peptid-Aktiv-Komplex, der speziell entwickelt wurde, um die L\u00e4nge und die Dicke der Wimpern zu steigern. Das Pflegefluid f\u00f6rdert die Haarst\u00e4rke und Wimperndichte. Mit Allantoin und dem Pflegevitamin Biotin. Bereits nach 6-8 Wochen werden sichtbare Erfolge erzielt*. F\u00fcr sch\u00f6ne, l\u00e4nger und dichter wirkende Wimpern!<\/p>\n<p>*Selbstbewertung von 30 Frauen<\/p>\n<p>Erh\u00e4ltlich ab sofort!<\/p>\n<p>Vegan.<\/p>\n<\/div>\n<div class=\"productTeaser-price-main\">4,5 ml: 4,95 \u20ac<\/div>\n<\/div>\n<\/div>\n<\/div>\n<div class=\"teaser1-3\">\n<div class=\"productTeaser\">\n<div class=\"productTeaser-content clearfix\">\n<div class=\"productTeaser-imgContainer\">\n<ul>\n<li>\n<div class=\"productTeaser-img-single\">\n<div><\/div>\n<\/div>\n<\/li>\n<\/ul>\n<\/div>\n<h3 class=\"productTeaser-hl\">Creme-\u00d6l Maske mit Traubenkern\u00f6l und wertvollen Vitaminen<\/h3>\n<div class=\"productTeaser-text\">\n<p>Die Balea Creme-\u00d6l Maske ist geeignet f\u00fcr jeden Hauttyp. Hochwertige Lipide aus Argan\u00f6l, Traubenkern\u00f6l und Sheabutter pflegen Ihre Haut besonders geschmeidig und bewahren sie vor dem Austrocknen. Provitamin B5 spendet Feuchtigkeit, beruhigt und f\u00f6rdert den Erholungsprozess der Haut. Vitamin E sch\u00fctzt die Haut vor lichtbedingter Hautalterung.<\/p>\n<p><strong>\u00dcbrigens:<\/strong> Bald gibt es auch eine Lavendelmousse-Maske, eine Himbeer Vanille Maske und eine Feuchtigkeitsmaske mit Thermalwasser.<\/p>\n<p>Erh\u00e4ltlich ab Mitte Oktober.<\/p>\n<p>Vegan.<\/p>\n<\/div>\n<div class=\"productTeaser-price-main\">2x 8 ml (= 16 ml): 0,45 \u20ac<\/div>\n<div class=\"productTeaser-price-sub\">100 ml: 2,81 \u20ac<\/div>\n<\/div>\n<\/div>\n<\/div>\n<\/div>\n<div class=\"contentList\">\n<div class=\"teaser1-3\">\n<div class=\"productTeaser\">\n<div class=\"productTeaser-content clearfix\">\n<div class=\"productTeaser-imgContainer\">\n<ul>\n<li>\n<div class=\"productTeaser-img-single\">\n<div><\/div>\n<\/div>\n<\/li>\n<\/ul>\n<\/div>\n<h3 class=\"productTeaser-hl\">Reinigungs-\u00d6l<\/h3>\n<div class=\"productTeaser-text\">\n<p>Schnelle Reinigung auch bei wasserfestem Make-up. Mit Argan\u00f6l. Das reinigende \u00d6l befreit die Haut besonders schonend von Make-up, Verschmutzungen und Ablagerungen. Reinigt und pflegt die Haut besonders sanft, ohne einen \u00f6ligen Film zu hinterlassen &#8211; f\u00fcr Gesicht, Augen und Lippen. Die seidig-weiche Pflegeformel hilft, die nat\u00fcrliche Feuchtigkeitsbalance der Haut zu bewahren. Parf\u00fcmfrei. Auch f\u00fcr wasserfestes Make-up geeignet.<\/p>\n<p>Erh\u00e4ltlich ab sofort!<\/p>\n<p>Vegan.<\/p>\n<\/div>\n<div class=\"productTeaser-price-main\">100 ml: 2,45 \u20ac<\/div>\n<\/div>\n<\/div>\n<\/div>\n<div class=\"teaser1-3\">\n<div class=\"productTeaser\">\n<div class=\"productTeaser-content clearfix\">\n<div class=\"productTeaser-imgContainer\">\n<ul>\n<li>\n<div class=\"productTeaser-img-single\">\n<div><\/div>\n<\/div>\n<\/li>\n<\/ul>\n<\/div>\n<h3 class=\"productTeaser-hl\">Multitalent Creme-Gel &amp; Maske mit fruchtigem Pfirsich-Duft<\/h3>\n<div class=\"productTeaser-text\">\n<p>Balea Multitalent Creme-Gel &amp; Maske versorgt als t\u00e4gliche Gesichtspflege deine Haut f\u00fcr 24h mit Feuchtigkeit. F\u00fcr eine frische Ausstrahlung. Mit Provitamin B5 und Vitamin E. Als Gesichtsmaske angewandt erh\u00e4lt deine Haut einen zus\u00e4tzlichen Feuchtigkeits-Kick. Der fruchtig-frische Duft des wei\u00dfen Pfirsichs verleiht ein rundum entspanntes Gef\u00fchl. Perfekt f\u00fcr deine junge Haut.<\/p>\n<p>Erh\u00e4ltlich ab Ende September.<\/p>\n<p>Vegan.<\/p>\n<\/div>\n<div class=\"productTeaser-price-main\">50 ml: 2,45 \u20ac<\/div>\n<div class=\"productTeaser-price-sub\">100 ml: 4,90 \u20ac<\/div>\n<\/div>\n<\/div>\n<\/div>\n<\/div>\n<div class=\"contentList\">\n<div class=\"teaser2-3\">\n<div class=\"productTeaser\">\n<div class=\"productTeaser-content clearfix\">\n<div class=\"productTeaser-imgContainer\">\n<ul>\n<li>\n<div class=\"productTeaser-img-single\">\n<div><\/div>\n<\/div>\n<\/li>\n<\/ul>\n<\/div>\n<h3 class=\"productTeaser-hl\">Mizellen Reinigungswasser<\/h3>\n<div class=\"productTeaser-text\">\n<p>Wirksame Reinigung f\u00fcr Gesicht, Augen und Lippen. Das Balea Mizellen-Reinigungswasser vereint drei Produkte in nur einem Schritt: Reinigung, Make-up-Entferner und Gesichtswasser!<\/p>\n<ul>\n<li>Die Formulierung mit Mizellen entfernt schonend Make-up und \u00fcbersch\u00fcssigen Talg.<\/li>\n<li>Kl\u00e4rt, pflegt und bewahrt die Haut vor dem Austrocknen.<\/li>\n<li>Kein Reiben und kein Absp\u00fclen mit Wasser notwendig.<\/li>\n<\/ul>\n<p>Trockene und sensible Haut:<\/p>\n<ul>\n<li>Mit Glycerin und Orangenbl\u00fctenwasser.<\/li>\n<li>Parf\u00fcmfrei. Ohne Alkohol*.<\/li>\n<\/ul>\n<p>*Ohne Ethanol.<\/p>\n<p>Erh\u00e4ltlich ab Mitte Oktober.<\/p>\n<p>Mischhaut und sensible Haut<\/p>\n<ul>\n<li>Mit Panthenol, Glycerin und Hamameliswasser.<\/li>\n<li>Parf\u00fcmfrei.<\/li>\n<\/ul>\n<p>Erh\u00e4ltlich ab Ende Oktober.<\/p>\n<p>Beide Varianten sind vegan.<\/p>\n<\/div>\n<div class=\"productTeaser-price-main\">400 ml: 3,45 \u20ac<\/div>\n<div class=\"productTeaser-price-sub\">1 l: 8,63 \u20ac<\/div>\n<\/div>\n<\/div>\n<\/div>\n<\/div>\n<\/div>\n<div class=\"productTeaser-price-sub\"><\/div>\n<div class=\"productTeaser-price-sub\">Oh das h\u00f6rt sich gut an. Ich habe mir vor kurzem das Mizellen Reinigungswasser von <span class=\"ict\">Garnier geholt und bin zu frieden aber dann werde ich auch mal das von dm ausprobieren und ihr? <\/span><\/div>\n<div class=\"productTeaser-price-sub\"><\/div>\n<div class=\"productTeaser-price-sub\"><a href=\"https:\/\/i0.wp.com\/ohnis788407.de\/wp-content\/uploads\/2014\/05\/http___signatures.mylivesignature.com_54492_60_377ADCD7679D64BDCE764840903426A3.png\"><img data-recalc-dims=\"1\" loading=\"lazy\" decoding=\"async\" class=\" size-full wp-image-3497 aligncenter\" src=\"https:\/\/i0.wp.com\/ohnis788407.de\/wp-content\/uploads\/2014\/05\/http___signatures.mylivesignature.com_54492_60_377ADCD7679D64BDCE764840903426A3.png?resize=180%2C80\" alt=\"http___signatures.mylivesignature.com_54492_60_377ADCD7679D64BDCE764840903426A3\" width=\"180\" height=\"80\" \/><\/a><\/div>\n","protected":false},"excerpt":{"rendered":"<p>Balea Neuheiten f\u00fcr deine t\u00e4gliche Gesichtspflege Wie sieht deine t\u00e4gliche Gesichtspflege aus? Welches sind deine Lieblingsprodukte, auf die du keinen Tag verzichten k\u00f6nntest? Diesen Herbst f\u00fchrt Balea aktuell eine ganze Reihe an neuen Produkten ein, f\u00fcr die die Chancen gut stehen, dass sie vielleicht dein neuer Liebling im Bad werden. Die Produkte sind teilweise bereits <a class=\"read-more\" href=\"https:\/\/ohnis788407.de\/?p=5520\">Read More<\/a><\/p>\n","protected":false},"author":1,"featured_media":0,"comment_status":"open","ping_status":"open","sticky":false,"template":"","format":"standard","meta":{"ngg_post_thumbnail":0,"_jetpack_memberships_contains_paid_content":false,"footnotes":"","jetpack_publicize_message":"","jetpack_publicize_feature_enabled":true,"jetpack_social_post_already_shared":true,"jetpack_social_options":{"image_generator_settings":{"template":"highway","default_image_id":0,"font":"","enabled":false},"version":2}},"categories":[142],"tags":[],"class_list":["post-5520","post","type-post","status-publish","format-standard","hentry","category-dm-marken-insider"],"jetpack_publicize_connections":[],"jetpack_featured_media_url":"","jetpack-related-posts":[],"jetpack_sharing_enabled":true,"_links":{"self":[{"href":"https:\/\/ohnis788407.de\/index.php?rest_route=\/wp\/v2\/posts\/5520","targetHints":{"allow":["GET"]}}],"collection":[{"href":"https:\/\/ohnis788407.de\/index.php?rest_route=\/wp\/v2\/posts"}],"about":[{"href":"https:\/\/ohnis788407.de\/index.php?rest_route=\/wp\/v2\/types\/post"}],"author":[{"embeddable":true,"href":"https:\/\/ohnis788407.de\/index.php?rest_route=\/wp\/v2\/users\/1"}],"replies":[{"embeddable":true,"href":"https:\/\/ohnis788407.de\/index.php?rest_route=%2Fwp%2Fv2%2Fcomments&post=5520"}],"version-history":[{"count":7,"href":"https:\/\/ohnis788407.de\/index.php?rest_route=\/wp\/v2\/posts\/5520\/revisions"}],"predecessor-version":[{"id":10078,"href":"https:\/\/ohnis788407.de\/index.php?rest_route=\/wp\/v2\/posts\/5520\/revisions\/10078"}],"wp:attachment":[{"href":"https:\/\/ohnis788407.de\/index.php?rest_route=%2Fwp%2Fv2%2Fmedia&parent=5520"}],"wp:term":[{"taxonomy":"category","embeddable":true,"href":"https:\/\/ohnis788407.de\/index.php?rest_route=%2Fwp%2Fv2%2Fcategories&post=5520"},{"taxonomy":"post_tag","embeddable":true,"href":"https:\/\/ohnis788407.de\/index.php?rest_route=%2Fwp%2Fv2%2Ftags&post=5520"}],"curies":[{"name":"wp","href":"https:\/\/api.w.org\/{rel}","templated":true}]}}