{"id":5471,"date":"2015-09-03T10:56:29","date_gmt":"2015-09-03T08:56:29","guid":{"rendered":"http:\/\/ohnis788407.de\/?p=5471"},"modified":"2017-02-22T08:55:13","modified_gmt":"2017-02-22T07:55:13","slug":"50-tage-der-sommer-meines-lebens-maya-shepherd","status":"publish","type":"post","link":"https:\/\/ohnis788407.de\/?p=5471","title":{"rendered":"50 Tage: Der Sommer meines Lebens &#8211; Maya Shepherd"},"content":{"rendered":"<p><span style=\"font-size: medium;\">K\u00f6nnt ihr Euch noch an das <a href=\"http:\/\/ohnis788407.de\/Archive\/5044\">Vorableser Projekt<\/a> von Maya Shepherd erinnern?<\/span><\/p>\n<p><img loading=\"lazy\" decoding=\"async\" class=\" aligncenter\" src=\"http:\/\/i1.wp.com\/2.bp.blogspot.com\/-yt7HzdHD7q4\/VW7eTqRooJI\/AAAAAAAABv8\/tRi5O0mVJIM\/s640\/Vorableser%2Bgesucht%2BBanner%2B50%2BTage.jpg?resize=640%2C316\" alt=\"\" width=\"556\" height=\"275\" name=\"Grafik1\" align=\"BOTTOM\" border=\"0\" \/><\/p>\n<p><span style=\"font-size: medium;\">Ich hatte mich daf\u00fcr beworben und wurde auch zum Vorablesen ausgew\u00e4hlt. Was mich auch riesig gefreut hat weil das Buch mich wirklich interessiert hat. Leider komme ich jetzt erst zu meiner Rezi was mir auch wirklich sehr Leid tut liebe Maya.<\/span><\/p>\n<p><span style=\"font-size: medium;\">Im Urlaub hatte ich endlich die Zeit es auf meinem Ebook Reader zu lesen oder besser gesagt ich habe sie mir genommen. Aber jetzt erst mal zum Buch<\/span><img data-recalc-dims=\"1\" loading=\"lazy\" decoding=\"async\" class=\" aligncenter\" src=\"https:\/\/i0.wp.com\/ecx.images-amazon.com\/images\/I\/51yr1Pj-9mL._SX311_BO1%2C204%2C203%2C200_.jpg?resize=313%2C499\" alt=\"\" width=\"313\" height=\"499\" name=\"Grafik2\" align=\"BOTTOM\" border=\"0\" \/><\/p>\n<p><strong><span style=\"font-size: medium;\">Autor:<\/span><\/strong><span style=\"font-size: medium;\"> Maya Shepherd<\/span><\/p>\n<p><strong><span style=\"font-size: medium;\">Format:<\/span><\/strong><span style=\"font-size: medium;\"> eBook<\/span><\/p>\n<p><strong><span style=\"font-size: medium;\">Verlag:<\/span><\/strong><span style=\"font-size: medium;\"> Books on Demand; Auflage: 1 (27. Juli 2015)<\/span><\/p>\n<p><strong><span style=\"font-size: medium;\">Seitenzahl: <\/span><\/strong><span style=\"font-size: medium;\">388 Seiten<\/span><\/p>\n<p><strong><span style=\"font-size: medium;\">ISBN:<\/span><\/strong><span style=\"font-size: medium;\"> 3738625933<\/span><\/p>\n<p><strong><span style=\"font-size: medium;\">zu kaufen bei:<\/span><\/strong><span style=\"font-size: medium;\"> <a href=\"http:\/\/www.amazon.de\/50-Tage-Sommer-meines-Lebens\/dp\/3738625933\/ref=sr_1_4?s=books&amp;ie=UTF8&amp;qid=1441268618&amp;sr=1-4&amp;keywords=maya+shepherd\" target=\"_blank\">Amazon<\/a><\/span><\/p>\n<p><strong><span style=\"font-size: medium;\">Kurzbeschreibung:<\/span><\/strong><span style=\"font-size: medium;\"> (Quelle : <a href=\"http:\/\/www.amazon.de\/50-Tage-Sommer-meines-Lebens\/dp\/3738625933\/ref=sr_1_4?s=books&amp;ie=UTF8&amp;qid=1441268618&amp;sr=1-4&amp;keywords=maya+shepherd\" target=\"_blank\">Amazon <\/a>)<\/span><\/p>\n<p><span style=\"font-size: medium;\">Der Sommer 1965 ist der letzte vor Jades 18.Geburtstag. Die Beatles regieren die Charts, Blue Jeans erobern den Modehimmel und Jade erwischt ihren Freund dabei wie er ausgerechnet ihre beste Freundin Katie k\u00fcsst. Ihre Welt zerspringt in tausend Teile und der Sommer scheint ins Wasser zu fallen. Ihre Eltern haben \u00fcberhaupt kein Verst\u00e4ndnis f\u00fcr den Liebeskummer ihrer Tochter und bestehen darauf, dass sie trotz allem im Sommer gemeinsam mit Katie ins Camp f\u00e4hrt. Doch Jade schmiedet eigene Pl\u00e4ne. Ein abenteuerlicher Roadtrip entlang der Route 66 beginnt und w\u00e4hrend Jade versucht vor ihren Problemen davonzulaufen, wartet die gro\u00dfe Liebe bereits an der n\u00e4chsten Kreuzung auf sie. Ein Sommer voller Tr\u00e4ume, Hoffnungen und Herzklopfen, doch dann stellt sich das Schicksal ihr mit aller Macht in den Weg\u2026<\/span><\/p>\n<p><strong><span style=\"font-size: medium;\">Mein Fazit zum Buch:<\/span><\/strong><\/p>\n<p><span style=\"font-size: medium;\">Ich habe das Buch innerhalb von 2 Tagen quasi verschlungen, ich konnte es kaum aus der Hand legen weil es mich so gefesselt hat. Als ich die ersten Seiten gelesen habe, habe ich mir schon gedacht das es in der Geschichte ein trauriges Ende geben wird. Ich finde das Jade schon wirklich mutig war einfach in Jasons Auto zu springen. Also ich konnte mich in die Geschichte so rein versetzen als w\u00e4re ich selbst auf der Reise mit dabei gewesen . (lief wie ein Kinofilm vor meinen Augen ab vor allem das mit der Klapperschlange ) Die Geschichte hatte viele H\u00f6hen und Tiefen aber nimmt ein \u00dcberraschendes Ende das mich sehr gefreut hat. Ich habe mitgefiebert und auch geweint wirklich ein tolles Buch was ich auf jedenfall empfehlen kann. Das war mein erstes Buch von Maya Shepherd aber ich bin mir sehr sicher das es nicht das letzte gewesen sein wird. Ich habe eine neue Schriftstellerin gefunden weil ich es liebe B\u00fccher zu lesen wo man sich rein versetzen kann. <\/span><\/p>\n<p><span style=\"font-size: medium;\">Ich bedanke mich recht herzlich bei dir liebe Maya das ich es lesen durfte und auch gleichzeitig entschuldige ich mich noch mal das es so lange gedauert hat mit meiner Rezi. Habt ihr das Buch auch schon gelesen? Lasst es mich wissen wie es Euch gefallen hat.<br \/>\n<\/span><\/p>\n<p><a href=\"https:\/\/i0.wp.com\/ohnis788407.de\/wp-content\/uploads\/2014\/05\/http___signatures.mylivesignature.com_54492_60_377ADCD7679D64BDCE764840903426A3.png\"><img data-recalc-dims=\"1\" loading=\"lazy\" decoding=\"async\" class=\" size-full wp-image-3497 aligncenter\" src=\"https:\/\/i0.wp.com\/ohnis788407.de\/wp-content\/uploads\/2014\/05\/http___signatures.mylivesignature.com_54492_60_377ADCD7679D64BDCE764840903426A3.png?resize=180%2C80\" alt=\"http___signatures.mylivesignature.com_54492_60_377ADCD7679D64BDCE764840903426A3\" width=\"180\" height=\"80\" \/><\/a><\/p>\n","protected":false},"excerpt":{"rendered":"<p>K\u00f6nnt ihr Euch noch an das Vorableser Projekt von Maya Shepherd erinnern? Ich hatte mich daf\u00fcr beworben und wurde auch zum Vorablesen ausgew\u00e4hlt. Was mich auch riesig gefreut hat weil das Buch mich wirklich interessiert hat. Leider komme ich jetzt erst zu meiner Rezi was mir auch wirklich sehr Leid tut liebe Maya. Im Urlaub <a class=\"read-more\" href=\"https:\/\/ohnis788407.de\/?p=5471\">Read More<\/a><\/p>\n","protected":false},"author":1,"featured_media":0,"comment_status":"open","ping_status":"open","sticky":false,"template":"","format":"standard","meta":{"ngg_post_thumbnail":0,"_jetpack_memberships_contains_paid_content":false,"footnotes":"","jetpack_publicize_message":"","jetpack_publicize_feature_enabled":true,"jetpack_social_post_already_shared":true,"jetpack_social_options":{"image_generator_settings":{"template":"highway","default_image_id":0,"font":"","enabled":false},"version":2}},"categories":[87],"tags":[],"class_list":["post-5471","post","type-post","status-publish","format-standard","hentry","category-gelesene-bucher"],"jetpack_publicize_connections":[],"jetpack_featured_media_url":"","jetpack-related-posts":[],"jetpack_sharing_enabled":true,"_links":{"self":[{"href":"https:\/\/ohnis788407.de\/index.php?rest_route=\/wp\/v2\/posts\/5471","targetHints":{"allow":["GET"]}}],"collection":[{"href":"https:\/\/ohnis788407.de\/index.php?rest_route=\/wp\/v2\/posts"}],"about":[{"href":"https:\/\/ohnis788407.de\/index.php?rest_route=\/wp\/v2\/types\/post"}],"author":[{"embeddable":true,"href":"https:\/\/ohnis788407.de\/index.php?rest_route=\/wp\/v2\/users\/1"}],"replies":[{"embeddable":true,"href":"https:\/\/ohnis788407.de\/index.php?rest_route=%2Fwp%2Fv2%2Fcomments&post=5471"}],"version-history":[{"count":2,"href":"https:\/\/ohnis788407.de\/index.php?rest_route=\/wp\/v2\/posts\/5471\/revisions"}],"predecessor-version":[{"id":7984,"href":"https:\/\/ohnis788407.de\/index.php?rest_route=\/wp\/v2\/posts\/5471\/revisions\/7984"}],"wp:attachment":[{"href":"https:\/\/ohnis788407.de\/index.php?rest_route=%2Fwp%2Fv2%2Fmedia&parent=5471"}],"wp:term":[{"taxonomy":"category","embeddable":true,"href":"https:\/\/ohnis788407.de\/index.php?rest_route=%2Fwp%2Fv2%2Fcategories&post=5471"},{"taxonomy":"post_tag","embeddable":true,"href":"https:\/\/ohnis788407.de\/index.php?rest_route=%2Fwp%2Fv2%2Ftags&post=5471"}],"curies":[{"name":"wp","href":"https:\/\/api.w.org\/{rel}","templated":true}]}}