{"id":4486,"date":"2015-02-25T12:52:59","date_gmt":"2015-02-25T11:52:59","guid":{"rendered":"http:\/\/ohnis788407.de\/?p=4486"},"modified":"2015-02-25T12:58:29","modified_gmt":"2015-02-25T11:58:29","slug":"zebrakuchen-mit-guss","status":"publish","type":"post","link":"https:\/\/ohnis788407.de\/?p=4486","title":{"rendered":"Zebrakuchen mit Guss"},"content":{"rendered":"<p>Da ihr alle meinen Kuchen bewundert habt und fragt ob er schmeckt da kann ich nur sagen einfach lecker und einfach zu zubereiten. Hier verrate ich Euch das Rezept.<\/p>\n<p><a href=\"https:\/\/i0.wp.com\/ohnis788407.de\/wp-content\/uploads\/2015\/02\/20150223_144537.jpg\"><img data-recalc-dims=\"1\" loading=\"lazy\" decoding=\"async\" class=\" size-medium wp-image-4487 aligncenter\" src=\"https:\/\/i0.wp.com\/ohnis788407.de\/wp-content\/uploads\/2015\/02\/20150223_144537-300x208.jpg?resize=300%2C208\" alt=\"20150223_144537\" width=\"300\" height=\"208\" srcset=\"https:\/\/i0.wp.com\/ohnis788407.de\/wp-content\/uploads\/2015\/02\/20150223_144537.jpg?resize=300%2C208&amp;ssl=1 300w, https:\/\/i0.wp.com\/ohnis788407.de\/wp-content\/uploads\/2015\/02\/20150223_144537.jpg?resize=624%2C433&amp;ssl=1 624w, https:\/\/i0.wp.com\/ohnis788407.de\/wp-content\/uploads\/2015\/02\/20150223_144537.jpg?w=841&amp;ssl=1 841w\" sizes=\"auto, (max-width: 300px) 100vw, 300px\" \/><\/a><span style=\"text-decoration: underline;\"><strong><span style=\"color: #800080; text-decoration: underline;\">F\u00fcr den Teig:<\/span><\/strong><\/span><\/p>\n<ul>\n<li>375 g Mehl<\/li>\n<li>1 P\u00e4ckchen Backpulver<\/li>\n<li>250 g Zucker<\/li>\n<li>1 P\u00e4ckchen V<b><i>anillezucker<\/i><\/b><\/li>\n<li>5 Eier<\/li>\n<li>125 ml lauwarmes Wasser<\/li>\n<li>250 ml Speise\u00f6l<\/li>\n<li>2 EL Kakaopulver<\/li>\n<\/ul>\n<p><span style=\"text-decoration: underline; color: #800080;\"><strong>Zubereitung:<\/strong><\/span><\/p>\n<p>Mehl mit Backpulver in einer R\u00fchrsch\u00fcssel vermischen.<\/p>\n<p>\u00dcbrige Zutaten: bis auf das Kakaopulver mit dem Mehl\/ Backpulvermischung mit einen Handr\u00fchrger\u00e4t kurz auf niedrigster Stufe, dann auf h\u00f6chster Stufe 2 Minuten zu einem glatten Teig verarbeiten.<\/p>\n<p><a href=\"https:\/\/i0.wp.com\/ohnis788407.de\/wp-content\/uploads\/2015\/02\/20150223_145837.jpg\"><img data-recalc-dims=\"1\" loading=\"lazy\" decoding=\"async\" class=\" size-medium wp-image-4488 aligncenter\" src=\"https:\/\/i0.wp.com\/ohnis788407.de\/wp-content\/uploads\/2015\/02\/20150223_145837-204x300.jpg?resize=204%2C300\" alt=\"20150223_145837\" width=\"204\" height=\"300\" srcset=\"https:\/\/i0.wp.com\/ohnis788407.de\/wp-content\/uploads\/2015\/02\/20150223_145837.jpg?resize=204%2C300&amp;ssl=1 204w, https:\/\/i0.wp.com\/ohnis788407.de\/wp-content\/uploads\/2015\/02\/20150223_145837.jpg?resize=698%2C1024&amp;ssl=1 698w, https:\/\/i0.wp.com\/ohnis788407.de\/wp-content\/uploads\/2015\/02\/20150223_145837.jpg?resize=624%2C916&amp;ssl=1 624w, https:\/\/i0.wp.com\/ohnis788407.de\/wp-content\/uploads\/2015\/02\/20150223_145837.jpg?w=841&amp;ssl=1 841w\" sizes=\"auto, (max-width: 204px) 100vw, 204px\" \/><\/a>Teigmenge halbieren und die eine H\u00e4lfte mit dem Kakaopulver vermengen.<\/p>\n<p><a href=\"https:\/\/i0.wp.com\/ohnis788407.de\/wp-content\/uploads\/2015\/02\/20150223_150217.jpg\"><img data-recalc-dims=\"1\" loading=\"lazy\" decoding=\"async\" class=\" size-medium wp-image-4489 aligncenter\" src=\"https:\/\/i0.wp.com\/ohnis788407.de\/wp-content\/uploads\/2015\/02\/20150223_150217-231x300.jpg?resize=231%2C300\" alt=\"20150223_150217\" width=\"231\" height=\"300\" srcset=\"https:\/\/i0.wp.com\/ohnis788407.de\/wp-content\/uploads\/2015\/02\/20150223_150217.jpg?resize=231%2C300&amp;ssl=1 231w, https:\/\/i0.wp.com\/ohnis788407.de\/wp-content\/uploads\/2015\/02\/20150223_150217.jpg?resize=787%2C1024&amp;ssl=1 787w, https:\/\/i0.wp.com\/ohnis788407.de\/wp-content\/uploads\/2015\/02\/20150223_150217.jpg?resize=624%2C812&amp;ssl=1 624w, https:\/\/i0.wp.com\/ohnis788407.de\/wp-content\/uploads\/2015\/02\/20150223_150217.jpg?w=841&amp;ssl=1 841w\" sizes=\"auto, (max-width: 231px) 100vw, 231px\" \/><\/a>Die Springform ( F\u00fcr die Springform empfehle ich Euch nehmt eine mit dem Durchmesser 26 cm) einfetten und dann kann es losgehen den Teig in die Form zugeben. 1 &#8211; 2 Essl\u00f6ffel hellen Teig in die Form geben und dann 1 &#8211; 2 Essl\u00f6ffel dunklen Teig in in den hellen Teig geben.<\/p>\n<p><a href=\"https:\/\/i0.wp.com\/ohnis788407.de\/wp-content\/uploads\/2015\/02\/teig.jpg\"><img data-recalc-dims=\"1\" loading=\"lazy\" decoding=\"async\" class=\" size-medium wp-image-4490 aligncenter\" src=\"https:\/\/i0.wp.com\/ohnis788407.de\/wp-content\/uploads\/2015\/02\/teig-300x268.jpg?resize=300%2C268\" alt=\"teig\" width=\"300\" height=\"268\" srcset=\"https:\/\/i0.wp.com\/ohnis788407.de\/wp-content\/uploads\/2015\/02\/teig.jpg?resize=300%2C268&amp;ssl=1 300w, https:\/\/i0.wp.com\/ohnis788407.de\/wp-content\/uploads\/2015\/02\/teig.jpg?resize=624%2C558&amp;ssl=1 624w, https:\/\/i0.wp.com\/ohnis788407.de\/wp-content\/uploads\/2015\/02\/teig.jpg?w=841&amp;ssl=1 841w\" sizes=\"auto, (max-width: 300px) 100vw, 300px\" \/><\/a>Und das wird bis zum letzten Teig Tropfen gemacht und immer sch\u00f6n abwechseln. Und so sieht es aus wenn der letzte Tropfen in der Springform ist.<\/p>\n<p><a href=\"https:\/\/i0.wp.com\/ohnis788407.de\/wp-content\/uploads\/2015\/02\/20150223_151440.jpg\"><img data-recalc-dims=\"1\" loading=\"lazy\" decoding=\"async\" class=\" size-medium wp-image-4491 aligncenter\" src=\"https:\/\/i0.wp.com\/ohnis788407.de\/wp-content\/uploads\/2015\/02\/20150223_151440-281x300.jpg?resize=281%2C300\" alt=\"20150223_151440\" width=\"281\" height=\"300\" srcset=\"https:\/\/i0.wp.com\/ohnis788407.de\/wp-content\/uploads\/2015\/02\/20150223_151440.jpg?resize=281%2C300&amp;ssl=1 281w, https:\/\/i0.wp.com\/ohnis788407.de\/wp-content\/uploads\/2015\/02\/20150223_151440.jpg?resize=624%2C667&amp;ssl=1 624w, https:\/\/i0.wp.com\/ohnis788407.de\/wp-content\/uploads\/2015\/02\/20150223_151440.jpg?w=841&amp;ssl=1 841w\" sizes=\"auto, (max-width: 281px) 100vw, 281px\" \/><\/a>Bevor ich den Kuchen in den Ofen schiebe verziere ich ihn noch mit einem Muster das sieht so aus<\/p>\n<p><a href=\"https:\/\/i0.wp.com\/ohnis788407.de\/wp-content\/uploads\/2015\/02\/verieren.jpg\"><img data-recalc-dims=\"1\" loading=\"lazy\" decoding=\"async\" class=\" size-medium wp-image-4492 aligncenter\" src=\"https:\/\/i0.wp.com\/ohnis788407.de\/wp-content\/uploads\/2015\/02\/verieren-300x268.jpg?resize=300%2C268\" alt=\"verieren\" width=\"300\" height=\"268\" srcset=\"https:\/\/i0.wp.com\/ohnis788407.de\/wp-content\/uploads\/2015\/02\/verieren.jpg?resize=300%2C268&amp;ssl=1 300w, https:\/\/i0.wp.com\/ohnis788407.de\/wp-content\/uploads\/2015\/02\/verieren.jpg?resize=624%2C558&amp;ssl=1 624w, https:\/\/i0.wp.com\/ohnis788407.de\/wp-content\/uploads\/2015\/02\/verieren.jpg?w=841&amp;ssl=1 841w\" sizes=\"auto, (max-width: 300px) 100vw, 300px\" \/><\/a>Dann geht es in den Backofen f\u00fcr ca. 50 Minuten bei 180 \u00b0 C aber die nutze ich nie aus weil es kommt immer auf den Backofen an weil ich habe ein Umluft Herd. Also immer mal mit einer Rouladennadel nach pr\u00fcfen ob kein Teig mehr dran kleben bleibt. Ich habe leider kein Bild nach dem er fertig ist nur dekoriert. Aber man kann die Struktur erkennen.<a href=\"https:\/\/i0.wp.com\/ohnis788407.de\/wp-content\/uploads\/2015\/02\/20150223_175520.jpg\"><img data-recalc-dims=\"1\" loading=\"lazy\" decoding=\"async\" class=\" size-medium wp-image-4477 aligncenter\" src=\"https:\/\/i0.wp.com\/ohnis788407.de\/wp-content\/uploads\/2015\/02\/20150223_175520-298x300.jpg?resize=298%2C300\" alt=\"20150223_175520\" width=\"298\" height=\"300\" srcset=\"https:\/\/i0.wp.com\/ohnis788407.de\/wp-content\/uploads\/2015\/02\/20150223_175520.jpg?resize=298%2C300&amp;ssl=1 298w, https:\/\/i0.wp.com\/ohnis788407.de\/wp-content\/uploads\/2015\/02\/20150223_175520.jpg?resize=100%2C100&amp;ssl=1 100w, https:\/\/i0.wp.com\/ohnis788407.de\/wp-content\/uploads\/2015\/02\/20150223_175520.jpg?resize=1018%2C1024&amp;ssl=1 1018w, https:\/\/i0.wp.com\/ohnis788407.de\/wp-content\/uploads\/2015\/02\/20150223_175520.jpg?resize=624%2C628&amp;ssl=1 624w, https:\/\/i0.wp.com\/ohnis788407.de\/wp-content\/uploads\/2015\/02\/20150223_175520.jpg?resize=176%2C176&amp;ssl=1 176w, https:\/\/i0.wp.com\/ohnis788407.de\/wp-content\/uploads\/2015\/02\/20150223_175520.jpg?resize=60%2C60&amp;ssl=1 60w, https:\/\/i0.wp.com\/ohnis788407.de\/wp-content\/uploads\/2015\/02\/20150223_175520.jpg?resize=150%2C150&amp;ssl=1 150w, https:\/\/i0.wp.com\/ohnis788407.de\/wp-content\/uploads\/2015\/02\/20150223_175520.jpg?w=1600&amp;ssl=1 1600w, https:\/\/i0.wp.com\/ohnis788407.de\/wp-content\/uploads\/2015\/02\/20150223_175520.jpg?w=2400&amp;ssl=1 2400w\" sizes=\"auto, (max-width: 298px) 100vw, 298px\" \/><\/a><\/p>\n<p>Ich nehme f\u00fcr die Glasur immer Puderzucker mit Wasser oder mit Zitronensaft das zusammen mischen ( aber aufpassen das es nicht zu fl\u00fcssig wird) und auf den Kuchen verteilen.<\/p>\n<p>Ich w\u00fcnsche Euch viel Spa\u00df beim nach backen und lasst mich es wissen ob er Euch geschmeckt hat.<\/p>\n<p><a href=\"https:\/\/i0.wp.com\/ohnis788407.de\/wp-content\/uploads\/2014\/05\/http___signatures.mylivesignature.com_54492_60_377ADCD7679D64BDCE764840903426A3.png\"><img data-recalc-dims=\"1\" loading=\"lazy\" decoding=\"async\" class=\" size-full wp-image-3497 aligncenter\" src=\"https:\/\/i0.wp.com\/ohnis788407.de\/wp-content\/uploads\/2014\/05\/http___signatures.mylivesignature.com_54492_60_377ADCD7679D64BDCE764840903426A3.png?resize=180%2C80\" alt=\"http___signatures.mylivesignature.com_54492_60_377ADCD7679D64BDCE764840903426A3\" width=\"180\" height=\"80\" \/><\/a><\/p>\n","protected":false},"excerpt":{"rendered":"<p>Da ihr alle meinen Kuchen bewundert habt und fragt ob er schmeckt da kann ich nur sagen einfach lecker und einfach zu zubereiten. Hier verrate ich Euch das Rezept. F\u00fcr den Teig: 375 g Mehl 1 P\u00e4ckchen Backpulver 250 g Zucker 1 P\u00e4ckchen Vanillezucker 5 Eier 125 ml lauwarmes Wasser 250 ml Speise\u00f6l 2 EL <a class=\"read-more\" href=\"https:\/\/ohnis788407.de\/?p=4486\">Read More<\/a><\/p>\n","protected":false},"author":1,"featured_media":0,"comment_status":"open","ping_status":"open","sticky":false,"template":"","format":"standard","meta":{"ngg_post_thumbnail":0,"_jetpack_memberships_contains_paid_content":false,"footnotes":"","jetpack_publicize_message":"","jetpack_publicize_feature_enabled":true,"jetpack_social_post_already_shared":true,"jetpack_social_options":{"image_generator_settings":{"template":"highway","default_image_id":0,"font":"","enabled":false},"version":2}},"categories":[3],"tags":[],"class_list":["post-4486","post","type-post","status-publish","format-standard","hentry","category-rezepte"],"jetpack_publicize_connections":[],"jetpack_featured_media_url":"","jetpack-related-posts":[],"jetpack_sharing_enabled":true,"_links":{"self":[{"href":"https:\/\/ohnis788407.de\/index.php?rest_route=\/wp\/v2\/posts\/4486","targetHints":{"allow":["GET"]}}],"collection":[{"href":"https:\/\/ohnis788407.de\/index.php?rest_route=\/wp\/v2\/posts"}],"about":[{"href":"https:\/\/ohnis788407.de\/index.php?rest_route=\/wp\/v2\/types\/post"}],"author":[{"embeddable":true,"href":"https:\/\/ohnis788407.de\/index.php?rest_route=\/wp\/v2\/users\/1"}],"replies":[{"embeddable":true,"href":"https:\/\/ohnis788407.de\/index.php?rest_route=%2Fwp%2Fv2%2Fcomments&post=4486"}],"version-history":[{"count":4,"href":"https:\/\/ohnis788407.de\/index.php?rest_route=\/wp\/v2\/posts\/4486\/revisions"}],"predecessor-version":[{"id":4496,"href":"https:\/\/ohnis788407.de\/index.php?rest_route=\/wp\/v2\/posts\/4486\/revisions\/4496"}],"wp:attachment":[{"href":"https:\/\/ohnis788407.de\/index.php?rest_route=%2Fwp%2Fv2%2Fmedia&parent=4486"}],"wp:term":[{"taxonomy":"category","embeddable":true,"href":"https:\/\/ohnis788407.de\/index.php?rest_route=%2Fwp%2Fv2%2Fcategories&post=4486"},{"taxonomy":"post_tag","embeddable":true,"href":"https:\/\/ohnis788407.de\/index.php?rest_route=%2Fwp%2Fv2%2Ftags&post=4486"}],"curies":[{"name":"wp","href":"https:\/\/api.w.org\/{rel}","templated":true}]}}