{"id":3756,"date":"2014-11-15T20:47:28","date_gmt":"2014-11-15T19:47:28","guid":{"rendered":"http:\/\/ohnis788407.de\/?p=3756"},"modified":"2015-06-27T21:27:07","modified_gmt":"2015-06-27T19:27:07","slug":"albtherme-waldbronn-nachtraegliche-geburtstagsfeier","status":"publish","type":"post","link":"https:\/\/ohnis788407.de\/?p=3756","title":{"rendered":"Albtherme Waldbronn &#038; nachtr\u00e4gliche Geburtstagsfeier"},"content":{"rendered":"<p>So die Tasche<\/p>\n<p><a href=\"https:\/\/i0.wp.com\/ohnis788407.de\/wp-content\/uploads\/2014\/11\/20141115_091256.jpg\"><img data-recalc-dims=\"1\" loading=\"lazy\" decoding=\"async\" class=\"size-medium wp-image-3758 aligncenter\" src=\"https:\/\/i0.wp.com\/ohnis788407.de\/wp-content\/uploads\/2014\/11\/20141115_091256-262x300.jpg?resize=262%2C300\" alt=\"20141115_091256\" width=\"262\" height=\"300\" \/><\/a>ist fertig gepackt und es kann los gehen zur Albtherme Waldbronn (Gutschein von der Offerta einl\u00f6sen)<\/p>\n<p><a href=\"https:\/\/i0.wp.com\/ohnis788407.de\/wp-content\/uploads\/2014\/11\/20141115_134612.jpg\"><img data-recalc-dims=\"1\" loading=\"lazy\" decoding=\"async\" class=\"size-medium wp-image-3759 aligncenter\" src=\"https:\/\/i0.wp.com\/ohnis788407.de\/wp-content\/uploads\/2014\/11\/20141115_134612-300x168.jpg?resize=300%2C168\" alt=\"20141115_134612\" width=\"300\" height=\"168\" \/><\/a>mit Mann und Kind kann es los gehen. Endlich mal wieder etwas entspannen. Dort angekommen haben wir im Parkhaus geparkt was kostenlos ist. ( Pluspunkt) An der Kasse wurden wir h\u00f6fflich begr\u00fc\u00dft und auch gefragt ob wir uns aus kennen. Da wir noch nie da waren wurde uns erkl\u00e4rt wo wir was finden unten die Schwimmb\u00e4der oben die Sauna. ( Pluspunkt) Na dann ab in die Umkleidekabinen und rein ins Vergn\u00fcgen.<\/p>\n<p><a href=\"https:\/\/i0.wp.com\/ohnis788407.de\/wp-content\/uploads\/2014\/11\/20141115_134256.jpg\"><img data-recalc-dims=\"1\" loading=\"lazy\" decoding=\"async\" class=\"size-medium wp-image-3757 aligncenter\" src=\"https:\/\/i0.wp.com\/ohnis788407.de\/wp-content\/uploads\/2014\/11\/20141115_134256-300x168.jpg?resize=300%2C168\" alt=\"20141115_134256\" width=\"300\" height=\"168\" \/><\/a>Die Umkleidekabinen f\u00fcr zwei man etwas zu klein finde ich als ich war nur mit Lucy in einer Kabine zum umziehen aber das war schon etwas eng. Okay ob es Familienumkleiden oder gr\u00f6\u00dfere gibt habe ich leider nicht geschaut. Aber gleich zum Anfang bei den Kabinen behinderten gerechte Kabinen. (Pluspunkt) So jetzt mal rein ins Bad. Man kann \u00fcber die Duschen Herren und Damen rein gehen oder dann \u00fcber eine gr\u00f6\u00dfere Fl\u00fcgelt\u00fcr.<\/p>\n<p>Wenn man ins Bad reinkommt ist sehr angenehm warm. Man hat die Auswahl zwischen Innenbecken (30\u00b0 C), Au\u00dfenbecken (35\u00b0 C), Spa\u00dfbecken (32\u00b0 C) und dem Therapiebecken (32\u00b0 C). (<a href=\"http:\/\/www.albtherme-waldbronn.de\/Badelandschaft\">Bilder dazu<\/a>)<\/p>\n<p>Wir haben mit dem Innenbecken angefangen das wir unsere Bahnen schwimmen k\u00f6nnen, leider als wir ankamen war grade eine Aqua Gymnastik Stunde angesagt aber da h\u00e4tten wir als G\u00e4ste kostenlos mitmachen k\u00f6nnen (Pluspunkt). Aber wir hatten 10 min sp\u00e4ter unsere Zeit zum schwimmen. Lucy und ich haben dann als n\u00e4chstes das Spa\u00dfbecken ausprobiert. Temperatur m\u00e4\u00dfig einfach himmlisch wie in der Badewanne f\u00fcr mich genau das richtige da ich ja eine Frostbeule bin.<\/p>\n<p><span style=\"text-decoration: underline;\"><strong>Was kann das Innenbecken?<\/strong><\/span><\/p>\n<p>Gro\u00dfes Innenbecken mit<b>\u00a025 m<\/b> L\u00e4nge zum entspannenden Schwimmen und Baden. Zus\u00e4tzlich\u00a0Massaged\u00fcsen,\u00a0Nackenduschen\u00a0und stimmungsvolle Unterwasserbeleuchtung.<\/p>\n<p><span style=\"text-decoration: underline;\"><strong>Was kann das Spa\u00dfbecken?<\/strong><\/span><\/p>\n<p>Massaged\u00fcsen, Brodelbuchten, Nackenduschen und sprudelnde Massageliegen f\u00f6rdern Ihren Kreislauf, entspannen und beleben. Also wir haben alles durch gemacht und einfach klasse und entspannend. Und Lucy hatte auch ihren Spa\u00df mit den Massaged\u00fcsen.<\/p>\n<p><strong><span style=\"text-decoration: underline;\">Was kann das Au\u00dfenbecken?<\/span><\/strong><\/p>\n<p>Massaged\u00fcsen, Ruheb\u00e4nke, Brodelbucht, erreichbar mit Durchschwimm-Kanal. Gepflegte Liegewiese l\u00e4dt bei sch\u00f6nem Wetter zum Sonnen ein.<\/p>\n<p>Das Wetter war zwar einladend zum raus schwimmen aber zum hinlegen leider zu kalt aber wir hatten Sonnenschein. Also ich wollte nicht mehr raus aus diesem Becken. Aber nach 1 \u00bd Stunden Bade Spa\u00df musste ich mal raus.<\/p>\n<p><span style=\"text-decoration: underline;\"><strong>Was kann das Therapiebecken?<\/strong><\/span><\/p>\n<p>Mit Gegenstromanlage, Unterwassermusik f\u00fcr Aqua-Fitness, therapeutische Anwendungen und Gymnastik der Rheuma-Liga. Hier waren wir nicht dinne weil wir nicht wussten ob wir da auch rein durften.<\/p>\n<p>Mein Schatz ist dann in der Zeit als Lucy und ich eine Pause eingelegt haben in die Sauna verschwunden. Da ich keine Sauna mag musste er alleine testen gehen. Lucy und ich habe dann mal das Restaurant angeschaut und sie ein Butterbrezel gegessen und ich ein Milchkaffee getrunken. Preise sind vollkommen in Ordnung nicht \u00fcberteuert. Nach unserem Snack kurze Pause und nochmal verw\u00f6hnen lassen bis mein Mann wieder kommt.<\/p>\n<p>Also <strong>Sauna<\/strong> gibt es 3 verschiedene die gemischte, f\u00fcr Herren und f\u00fcr Damen. Mein Mann hat sich 30 min geg\u00f6nnt aber das hat ihm auch schon vollkommen gereicht meinte er. Nach den ersten 20 min musste er erst mal raus an die frische Luft und dann die n\u00e4chsten 10 min noch mal locker geschlagen. Wir haben dann zusammen noch etwas im Spa\u00dfbecken verbracht und dann haben wir wieder zusammen gepackt. Also 3,5 Stunden haben uns schon vollkommen ausgereicht.<\/p>\n<p>Ausstattung wenn man raus geht an Spiegel und F\u00f6n wirklich ausreichend.<\/p>\n<p><a href=\"https:\/\/i0.wp.com\/ohnis788407.de\/wp-content\/uploads\/2014\/11\/20141115_134246.jpg\"><img data-recalc-dims=\"1\" loading=\"lazy\" decoding=\"async\" class=\"size-medium wp-image-3760 aligncenter\" src=\"https:\/\/i0.wp.com\/ohnis788407.de\/wp-content\/uploads\/2014\/11\/20141115_134246-168x300.jpg?resize=168%2C300\" alt=\"20141115_134246\" width=\"168\" height=\"300\" \/><\/a>Optisch wirklich gut aufgebaut und farblich angepasst. So sieht man es das wir entspannt sind \ud83d\ude42<\/p>\n<p><a href=\"https:\/\/i0.wp.com\/ohnis788407.de\/wp-content\/uploads\/2014\/11\/20141115_134335.jpg\"><img data-recalc-dims=\"1\" loading=\"lazy\" decoding=\"async\" class=\"size-medium wp-image-3761 aligncenter\" src=\"https:\/\/i0.wp.com\/ohnis788407.de\/wp-content\/uploads\/2014\/11\/20141115_134335-300x276.jpg?resize=300%2C276\" alt=\"20141115_134335\" width=\"300\" height=\"276\" \/><\/a>Die Albtherme bietet noch mehr n\u00e4mlich Massagen oder auch <a href=\"http:\/\/www.albtherme-waldbronn.de\/Beauty-DaySpa\">Beauty &amp; DaySpa<\/a> an mehr k\u00f6nnt ihr hier finden.<\/p>\n<p><a href=\"https:\/\/i0.wp.com\/ohnis788407.de\/wp-content\/uploads\/2014\/11\/20141115_134725.jpg\"><img data-recalc-dims=\"1\" loading=\"lazy\" decoding=\"async\" class=\"size-medium wp-image-3762 aligncenter\" src=\"https:\/\/i0.wp.com\/ohnis788407.de\/wp-content\/uploads\/2014\/11\/20141115_134725-300x168.jpg?resize=300%2C168\" alt=\"20141115_134725\" width=\"300\" height=\"168\" \/><\/a>Also wirklich zum erholen empfehlenswert zum erholen. Jetzt geht es nach Hause und alle Vorbereitungen treffen f\u00fcr heute Abend weil ab 18 Uhr die G\u00e4ste kommen. Tanja kam schon vorher und hat mir beim schnippeln und vorbereiten geholfen. Ein dickes DANKE auf diesem Weg an dich S\u00fc\u00dfe. Mein Mann hat sich um die Deko gek\u00fcmmert was ich ganz toll fand.<\/p>\n<p><a href=\"https:\/\/i0.wp.com\/ohnis788407.de\/wp-content\/uploads\/2014\/11\/20141115_173058.jpg\"><img data-recalc-dims=\"1\" loading=\"lazy\" decoding=\"async\" class=\"size-medium wp-image-3763 aligncenter\" src=\"https:\/\/i0.wp.com\/ohnis788407.de\/wp-content\/uploads\/2014\/11\/20141115_173058-204x300.jpg?resize=204%2C300\" alt=\"20141115_173058\" width=\"204\" height=\"300\" \/><\/a>Drau\u00dfen hat mein Mann aus Teelichtern eine 30 aufgebaut leider hat es geregnet aber er hatte die beste L\u00f6sung abschirmen das die G\u00e4ste auch den Weg finden. Der Tisch ist auch fertig best\u00fcckt<\/p>\n<p><a href=\"https:\/\/i0.wp.com\/ohnis788407.de\/wp-content\/uploads\/2014\/11\/cats8.jpg\"><img data-recalc-dims=\"1\" loading=\"lazy\" decoding=\"async\" class=\"size-medium wp-image-3764 aligncenter\" src=\"https:\/\/i0.wp.com\/ohnis788407.de\/wp-content\/uploads\/2014\/11\/cats8-300x129.jpg?resize=300%2C129\" alt=\"cats\" width=\"300\" height=\"129\" \/><\/a>jetzt k\u00f6nne Tanja und ich mal durch atmen. Na dann mal st\u00f6\u00dfchen<\/p>\n<p><a href=\"https:\/\/i0.wp.com\/ohnis788407.de\/wp-content\/uploads\/2014\/11\/20141115_180136.jpg\"><img data-recalc-dims=\"1\" loading=\"lazy\" decoding=\"async\" class=\"size-medium wp-image-3765 aligncenter\" src=\"https:\/\/i0.wp.com\/ohnis788407.de\/wp-content\/uploads\/2014\/11\/20141115_180136-286x300.jpg?resize=286%2C300\" alt=\"20141115_180136\" width=\"286\" height=\"300\" \/><\/a>So jetzt kann es los gehen die G\u00e4ste k\u00f6nnen kommen und wir haben reichlich zum Essen. Ich bedanke mich auf diesem Weg nochmals dass ihr alle gekommen seid und auch f\u00fcr Eure tollen Geschenke. Es war ein super sch\u00f6ner Abend und super gem\u00fctlich. DANKE DANKE besser k\u00f6nnte eine Feier nicht sein.<\/p>\n<p><a href=\"https:\/\/i0.wp.com\/ohnis788407.de\/wp-content\/uploads\/2014\/05\/http___signatures.mylivesignature.com_54492_60_377ADCD7679D64BDCE764840903426A3.png\"><img data-recalc-dims=\"1\" loading=\"lazy\" decoding=\"async\" class=\"size-full wp-image-3497 aligncenter\" src=\"https:\/\/i0.wp.com\/ohnis788407.de\/wp-content\/uploads\/2014\/05\/http___signatures.mylivesignature.com_54492_60_377ADCD7679D64BDCE764840903426A3.png?resize=180%2C80\" alt=\"http___signatures.mylivesignature.com_54492_60_377ADCD7679D64BDCE764840903426A3\" width=\"180\" height=\"80\" \/><\/a><\/p>\n","protected":false},"excerpt":{"rendered":"<p>So die Tasche ist fertig gepackt und es kann los gehen zur Albtherme Waldbronn (Gutschein von der Offerta einl\u00f6sen) mit Mann und Kind kann es los gehen. Endlich mal wieder etwas entspannen. Dort angekommen haben wir im Parkhaus geparkt was kostenlos ist. ( Pluspunkt) An der Kasse wurden wir h\u00f6fflich begr\u00fc\u00dft und auch gefragt ob <a class=\"read-more\" href=\"https:\/\/ohnis788407.de\/?p=3756\">Read More<\/a><\/p>\n","protected":false},"author":1,"featured_media":0,"comment_status":"open","ping_status":"open","sticky":false,"template":"","format":"standard","meta":{"ngg_post_thumbnail":0,"_jetpack_memberships_contains_paid_content":false,"footnotes":"","jetpack_publicize_message":"","jetpack_publicize_feature_enabled":true,"jetpack_social_post_already_shared":false,"jetpack_social_options":{"image_generator_settings":{"template":"highway","default_image_id":0,"font":"","enabled":false},"version":2}},"categories":[26,11,98,79],"tags":[],"class_list":["post-3756","post","type-post","status-publish","format-standard","hentry","category-ausfluge","category-geburtstage","category-getestet","category-party-spas"],"jetpack_publicize_connections":[],"jetpack_featured_media_url":"","jetpack-related-posts":[],"jetpack_sharing_enabled":true,"_links":{"self":[{"href":"https:\/\/ohnis788407.de\/index.php?rest_route=\/wp\/v2\/posts\/3756","targetHints":{"allow":["GET"]}}],"collection":[{"href":"https:\/\/ohnis788407.de\/index.php?rest_route=\/wp\/v2\/posts"}],"about":[{"href":"https:\/\/ohnis788407.de\/index.php?rest_route=\/wp\/v2\/types\/post"}],"author":[{"embeddable":true,"href":"https:\/\/ohnis788407.de\/index.php?rest_route=\/wp\/v2\/users\/1"}],"replies":[{"embeddable":true,"href":"https:\/\/ohnis788407.de\/index.php?rest_route=%2Fwp%2Fv2%2Fcomments&post=3756"}],"version-history":[{"count":5,"href":"https:\/\/ohnis788407.de\/index.php?rest_route=\/wp\/v2\/posts\/3756\/revisions"}],"predecessor-version":[{"id":5211,"href":"https:\/\/ohnis788407.de\/index.php?rest_route=\/wp\/v2\/posts\/3756\/revisions\/5211"}],"wp:attachment":[{"href":"https:\/\/ohnis788407.de\/index.php?rest_route=%2Fwp%2Fv2%2Fmedia&parent=3756"}],"wp:term":[{"taxonomy":"category","embeddable":true,"href":"https:\/\/ohnis788407.de\/index.php?rest_route=%2Fwp%2Fv2%2Fcategories&post=3756"},{"taxonomy":"post_tag","embeddable":true,"href":"https:\/\/ohnis788407.de\/index.php?rest_route=%2Fwp%2Fv2%2Ftags&post=3756"}],"curies":[{"name":"wp","href":"https:\/\/api.w.org\/{rel}","templated":true}]}}