{"id":3435,"date":"2014-05-03T13:44:31","date_gmt":"2014-05-03T11:44:31","guid":{"rendered":"http:\/\/ohnis788407.de\/?p=3435"},"modified":"2021-06-07T18:50:26","modified_gmt":"2021-06-07T16:50:26","slug":"3435","status":"publish","type":"post","link":"https:\/\/ohnis788407.de\/?p=3435","title":{"rendered":"Rezension zu &#8222;Die Schattenbande legt los!&#8220;"},"content":{"rendered":"<p>Na jetzt aber schnell\u00a0 der Monat ist\u00a0 schon wieder rum als ich das Buch <a href=\"http:\/\/ohnis788407.de\/?p=3377\"><strong>Die Schattenbande legt los! <\/strong><\/a>von Blogg dein Buch zugesendet bekommen habe. Ich bedanke mich rechtherzlich beim Verlag <a href=\"http:\/\/www.bloomoon-verlag.de\/\">bloomoon<\/a> die es erm\u00f6glicht haben.<\/p>\n<p>Um dieses Buch handelt es sich<\/p>\n<p><a href=\"https:\/\/i0.wp.com\/ohnis788407.de\/wp-content\/uploads\/2014\/04\/20140409_115313.jpg\"><img data-recalc-dims=\"1\" loading=\"lazy\" decoding=\"async\" class=\"size-medium wp-image-3379 aligncenter\" src=\"https:\/\/i0.wp.com\/ohnis788407.de\/wp-content\/uploads\/2014\/04\/20140409_115313-225x300.jpg?resize=225%2C300\" alt=\"20140409_115313\" width=\"225\" height=\"300\" \/><\/a><\/p>\n<ul>\n<li><strong>Autoren: <\/strong>Frank M. Reifenberg &amp; Gina Mayer<\/li>\n<li><strong>Gebundene Ausgabe:<\/strong>\u00a0240 Seiten<\/li>\n<li><strong>Verlag:<\/strong>\u00a0bloomoon; Auflage: 1., verb. Aufl. (10. Januar 2014)<\/li>\n<li><strong>Sprache:<\/strong>\u00a0Deutsch<\/li>\n<li><strong>ISBN-10:<\/strong>\u00a03760799361<\/li>\n<li><strong>ISBN-13:<\/strong>\u00a0978-3760799360<\/li>\n<li><strong>Vom Hersteller empfohlenes Alter:<\/strong>\u00a010 &#8211; 12 Jahre<\/li>\n<\/ul>\n<p><span style=\"text-decoration: underline;\"><strong>Darum geht es im Buch:<\/strong><\/span><\/p>\n<p>Klara, Otto, Paule, Lina sind: Die Schattenbande!Neugierig, flink und furchtlos sind sie immer da, wo ein Verbrechen Aufkl\u00e4rung fordert \u2026<\/p>\n<p>Als Otto verd\u00e4chtigt wird, eine ehrw\u00fcrdige Gro\u00dff\u00fcrstin umgebracht zu haben, m\u00fcssen die Schatten handeln! Wer steckt wirklich hinter dem Mord? Welche Bedeutung hat das letzte Wort, das die Gro\u00dff\u00fcrstin mit M\u00fche \u00fcber die Lippen brachte: Soljanka? Und was sind die sagenumwobenen \u00bbTr\u00e4nen der Zarin\u00ab, von denen die Schatten bei ihrer Spurensuche erfahren?<\/p>\n<p>Immer tiefer geraten die Kinder in eine Welt voller zwielichtiger Gestalten, wovon eine ihnen letztlich den Weg aus dem Dunkel zeigt: Madame Fatale aus der \u00bbSchwarzen Katze\u00ab &#8230;( Quelle : bloomoon)<\/p>\n<p><span style=\"text-decoration: underline;\"><strong>Meine Meinung zum Buch:<\/strong><\/span><\/p>\n<p>Ich bedanke mich erstmals das ich auch weiter hin bei Blogg dein Buch neue Exemplare lesen darf und nat\u00fcrlich beim <a href=\"http:\/\/www.bloomoon-verlag.de\/\">bloomoon<\/a> Verlag die mir die M\u00f6glichkeit geben ein Leseexemplar zubekommen und eine Rezension dazu abgeben darf. Aber jetzt zum eigentlichen Buch <strong>Die Schattenbande legt los!<\/strong><\/p>\n<p>Als das Buch eingetroffen ist habe ich mich schon drauf gefreut es zu lesen. Mein Mann gleich oh eine Jugendliteratur was eigentlich gar nicht meine Richtung ist. Aber davon habe ich mich nicht abschrecken lassen und gleich noch am Abend angefangen zu lesen. Was ich ganz toll fand das die Mitglieder der Schattenbande erst mal vorgestellt wurden. Da gibt es<\/p>\n<p><strong>Klara<\/strong> die gerne ein Junge w\u00e4re, <strong>Otto<\/strong> der gerne der Chef von der Schattenbande w\u00e4re aber Klara meistens die Z\u00fcgel in die Hand nimmt. Und dann w\u00e4re noch <strong>Paule<\/strong> und <strong>Lina<\/strong> sie sind erstens Geschwister. Paule ist ein T\u00fcftler muss an alles basteln und Lina hat ein sechsten Sinn sie kann Dinge und Gefahren sp\u00fcren.<\/p>\n<p>Die vier Bandenglieder haben sich im Waisenhaus kennengelernt auch zusammen von dort gefl\u00fcchtet jetzt leben sie in Berlin und halten sich mit ein paar kleinen Taschendiebst\u00e4hlen \u00fcber Wasser. Ihr Motto ist Wir sind die Schatten, schnell und schlau, keiner sieht sie je genau.<\/p>\n<p><strong>Mein Fazit zum Buch:<\/strong><\/p>\n<p>Das Buch ist sehr sch\u00f6n aufgeteilt und man kann immer gut nachvollziehen was passiert und auch sehr gut vorstellen. Die Beschreibung der einzeln Personen wirklich sehr gut und auch der Todesfall wo Otto mit reingezogen wird wirklich spannend das man weiter lesen muss. Was \u00b4mich etwas gest\u00f6rt hat ab und an die Sprache von Paule aber trotzdem eine gute Idee den Berliner Dialekt mit einzubringen. Vielleicht werde ich mir den zweiten Band auch zulegen weil interessant war es wirklich auch wenn es nicht meine Lekt\u00fcre ist aber man kann sich immer neu erfinden.<\/p>\n<p><strong>\u00a0<a href=\"https:\/\/i0.wp.com\/ohnis788407.de\/wp-content\/uploads\/2014\/01\/http___signatures.mylivesignature.com_54492_60_377ADCD7679D64BDCE764840903426A31.png\"><img data-recalc-dims=\"1\" loading=\"lazy\" decoding=\"async\" class=\"size-full wp-image-3113 aligncenter\" src=\"https:\/\/i0.wp.com\/ohnis788407.de\/wp-content\/uploads\/2014\/01\/http___signatures.mylivesignature.com_54492_60_377ADCD7679D64BDCE764840903426A31.png?resize=180%2C80\" alt=\"http___signatures.mylivesignature.com_54492_60_377ADCD7679D64BDCE764840903426A3\" width=\"180\" height=\"80\" \/><\/a><\/strong><\/p>\n","protected":false},"excerpt":{"rendered":"<p>Na jetzt aber schnell\u00a0 der Monat ist\u00a0 schon wieder rum als ich das Buch Die Schattenbande legt los! von Blogg dein Buch zugesendet bekommen habe. Ich bedanke mich rechtherzlich beim Verlag bloomoon die es erm\u00f6glicht haben. Um dieses Buch handelt es sich Autoren: Frank M. Reifenberg &amp; Gina Mayer Gebundene Ausgabe:\u00a0240 Seiten Verlag:\u00a0bloomoon; Auflage: 1., <a class=\"read-more\" href=\"https:\/\/ohnis788407.de\/?p=3435\">Read More<\/a><\/p>\n","protected":false},"author":1,"featured_media":0,"comment_status":"open","ping_status":"open","sticky":false,"template":"","format":"standard","meta":{"ngg_post_thumbnail":0,"_jetpack_memberships_contains_paid_content":false,"footnotes":"","jetpack_publicize_message":"","jetpack_publicize_feature_enabled":true,"jetpack_social_post_already_shared":false,"jetpack_social_options":{"image_generator_settings":{"template":"highway","default_image_id":0,"font":"","enabled":false},"version":2}},"categories":[91],"tags":[],"class_list":["post-3435","post","type-post","status-publish","format-standard","hentry","category-blogg-dein-buch"],"jetpack_publicize_connections":[],"jetpack_featured_media_url":"","jetpack-related-posts":[],"jetpack_sharing_enabled":true,"_links":{"self":[{"href":"https:\/\/ohnis788407.de\/index.php?rest_route=\/wp\/v2\/posts\/3435","targetHints":{"allow":["GET"]}}],"collection":[{"href":"https:\/\/ohnis788407.de\/index.php?rest_route=\/wp\/v2\/posts"}],"about":[{"href":"https:\/\/ohnis788407.de\/index.php?rest_route=\/wp\/v2\/types\/post"}],"author":[{"embeddable":true,"href":"https:\/\/ohnis788407.de\/index.php?rest_route=\/wp\/v2\/users\/1"}],"replies":[{"embeddable":true,"href":"https:\/\/ohnis788407.de\/index.php?rest_route=%2Fwp%2Fv2%2Fcomments&post=3435"}],"version-history":[{"count":6,"href":"https:\/\/ohnis788407.de\/index.php?rest_route=\/wp\/v2\/posts\/3435\/revisions"}],"predecessor-version":[{"id":10410,"href":"https:\/\/ohnis788407.de\/index.php?rest_route=\/wp\/v2\/posts\/3435\/revisions\/10410"}],"wp:attachment":[{"href":"https:\/\/ohnis788407.de\/index.php?rest_route=%2Fwp%2Fv2%2Fmedia&parent=3435"}],"wp:term":[{"taxonomy":"category","embeddable":true,"href":"https:\/\/ohnis788407.de\/index.php?rest_route=%2Fwp%2Fv2%2Fcategories&post=3435"},{"taxonomy":"post_tag","embeddable":true,"href":"https:\/\/ohnis788407.de\/index.php?rest_route=%2Fwp%2Fv2%2Ftags&post=3435"}],"curies":[{"name":"wp","href":"https:\/\/api.w.org\/{rel}","templated":true}]}}