{"id":263,"date":"2010-03-01T08:20:00","date_gmt":"2010-03-01T08:20:00","guid":{"rendered":"http:\/\/ohnis788407.de\/?p=263"},"modified":"2016-03-08T20:57:28","modified_gmt":"2016-03-08T19:57:28","slug":"shopping-tag","status":"publish","type":"post","link":"https:\/\/ohnis788407.de\/?p=263","title":{"rendered":"Shopping Day"},"content":{"rendered":"<p>Heute wollen Mandy und ich nach Karlsruhe zum Shoppen, weil am 06.03. wollen wir mit Filo einen drauf machen gehen und da brauchen wir noch was zum Anziehen. Ich habe Mausi in die Kita gefahren und wollte um ca.9 Uhr bei Mandy sein. Okay ich war etwas zu sp\u00e4t, sorry Mausi.<br \/>\nNachdem ich Mandy eingeladen habe, gings dann los in die Stadt und ins Get\u00fcmmel. Angefangen bei C&amp;A und dann die ganze Kaiserpassage runter. WOW voll anstrengend kann ich nur sagen. Vor allem, wenn man kaum was bekommt in unseren Gr\u00f6\u00dfen und wenn wir was gefunden haben gab es entweder unsere Gr\u00f6\u00dfe nicht oder es sah sch &#8230;&#8230; aus vom Schnitt. Ich hatte auf meiner Einkaufsliste <b>G\u00fcrtel, Handtasche, Oberteile, Uhr<\/b>.<br \/>\nGefunden habe ich eine Uhr und eine Handtasche. Voll deprimierend, der Einkaufsbummel. Aber wir haben uns nicht die Laune verderben lassen, vor allem, als wir durch den Park gelaufen sind.<\/p>\n<div class=\"separator\" style=\"clear: both; text-align: center;\"><a style=\"margin-left: 1em; margin-right: 1em;\" href=\"https:\/\/i0.wp.com\/3.bp.blogspot.com\/_8nkPjAqEdh8\/S5ITGbpR4fI\/AAAAAAAAAww\/twiB8ykpb4E\/s1600-h\/der%2BFr%C3%BChling%2Bzieht%2Bein.jpg\"><img data-recalc-dims=\"1\" decoding=\"async\" src=\"https:\/\/i0.wp.com\/3.bp.blogspot.com\/_8nkPjAqEdh8\/S5ITGbpR4fI\/AAAAAAAAAww\/twiB8ykpb4E\/s320\/der%2BFr%C3%BChling%2Bzieht%2Bein.jpg?w=800\" alt=\"\" border=\"0\" \/><\/a><\/div>\n<p>Die vielen Krokusse und Schneegl\u00f6ckchen haben unsere Stimmung gleich wieder aufgebaut. Aber der Shoppingtag war sehr lustig. Danke Mausi f\u00fcr den sch\u00f6nen Tag. Hab dich lieb<\/p>\n","protected":false},"excerpt":{"rendered":"<p>Heute wollen Mandy und ich nach Karlsruhe zum Shoppen, weil am 06.03. wollen wir mit Filo einen drauf machen gehen und da brauchen wir noch was zum Anziehen. Ich habe Mausi in die Kita gefahren und wollte um ca.9 Uhr bei Mandy sein. Okay ich war etwas zu sp\u00e4t, sorry Mausi. Nachdem ich Mandy eingeladen <a class=\"read-more\" href=\"https:\/\/ohnis788407.de\/?p=263\">Read More<\/a><\/p>\n","protected":false},"author":1,"featured_media":0,"comment_status":"open","ping_status":"closed","sticky":false,"template":"","format":"standard","meta":{"ngg_post_thumbnail":0,"_jetpack_memberships_contains_paid_content":false,"footnotes":"","jetpack_publicize_message":"","jetpack_publicize_feature_enabled":true,"jetpack_social_post_already_shared":false,"jetpack_social_options":{"image_generator_settings":{"template":"highway","default_image_id":0,"font":"","enabled":false},"version":2}},"categories":[52,21],"tags":[],"class_list":["post-263","post","type-post","status-publish","format-standard","hentry","category-farbe-im-leben","category-schone-momente-im-herbst-und-winter"],"jetpack_publicize_connections":[],"jetpack_featured_media_url":"","jetpack-related-posts":[],"jetpack_sharing_enabled":true,"_links":{"self":[{"href":"https:\/\/ohnis788407.de\/index.php?rest_route=\/wp\/v2\/posts\/263","targetHints":{"allow":["GET"]}}],"collection":[{"href":"https:\/\/ohnis788407.de\/index.php?rest_route=\/wp\/v2\/posts"}],"about":[{"href":"https:\/\/ohnis788407.de\/index.php?rest_route=\/wp\/v2\/types\/post"}],"author":[{"embeddable":true,"href":"https:\/\/ohnis788407.de\/index.php?rest_route=\/wp\/v2\/users\/1"}],"replies":[{"embeddable":true,"href":"https:\/\/ohnis788407.de\/index.php?rest_route=%2Fwp%2Fv2%2Fcomments&post=263"}],"version-history":[{"count":2,"href":"https:\/\/ohnis788407.de\/index.php?rest_route=\/wp\/v2\/posts\/263\/revisions"}],"predecessor-version":[{"id":6529,"href":"https:\/\/ohnis788407.de\/index.php?rest_route=\/wp\/v2\/posts\/263\/revisions\/6529"}],"wp:attachment":[{"href":"https:\/\/ohnis788407.de\/index.php?rest_route=%2Fwp%2Fv2%2Fmedia&parent=263"}],"wp:term":[{"taxonomy":"category","embeddable":true,"href":"https:\/\/ohnis788407.de\/index.php?rest_route=%2Fwp%2Fv2%2Fcategories&post=263"},{"taxonomy":"post_tag","embeddable":true,"href":"https:\/\/ohnis788407.de\/index.php?rest_route=%2Fwp%2Fv2%2Ftags&post=263"}],"curies":[{"name":"wp","href":"https:\/\/api.w.org\/{rel}","templated":true}]}}