{"id":2304,"date":"2012-12-03T18:36:48","date_gmt":"2012-12-03T17:36:48","guid":{"rendered":"http:\/\/ohnis788407.de\/?p=2304"},"modified":"2012-12-08T18:41:04","modified_gmt":"2012-12-08T17:41:04","slug":"turchen-nr-3","status":"publish","type":"post","link":"https:\/\/ohnis788407.de\/?p=2304","title":{"rendered":"T\u00fcrchen Nr 3"},"content":{"rendered":"<p>Heute kommt schon T\u00fcrchen Nr 3 dran. In ein paar Tagen ist Weihnachten mensch Leute wo ist die Zeit hin??<\/p>\n<p><a href=\"https:\/\/i0.wp.com\/ohnis788407.de\/wp-content\/uploads\/2012\/12\/100_7867.jpg\"><img data-recalc-dims=\"1\" loading=\"lazy\" decoding=\"async\" class=\"size-medium wp-image-2305 aligncenter\" title=\"100_7867\" src=\"https:\/\/i0.wp.com\/ohnis788407.de\/wp-content\/uploads\/2012\/12\/100_7867-300x200.jpg?resize=300%2C200\" alt=\"\" width=\"300\" height=\"200\" srcset=\"https:\/\/i0.wp.com\/ohnis788407.de\/wp-content\/uploads\/2012\/12\/100_7867.jpg?resize=300%2C200&amp;ssl=1 300w, https:\/\/i0.wp.com\/ohnis788407.de\/wp-content\/uploads\/2012\/12\/100_7867.jpg?resize=1024%2C683&amp;ssl=1 1024w, https:\/\/i0.wp.com\/ohnis788407.de\/wp-content\/uploads\/2012\/12\/100_7867.jpg?resize=624%2C416&amp;ssl=1 624w, https:\/\/i0.wp.com\/ohnis788407.de\/wp-content\/uploads\/2012\/12\/100_7867.jpg?w=1600&amp;ssl=1 1600w, https:\/\/i0.wp.com\/ohnis788407.de\/wp-content\/uploads\/2012\/12\/100_7867.jpg?w=2400&amp;ssl=1 2400w\" sizes=\"auto, (max-width: 300px) 100vw, 300px\" \/><\/a><\/p>\n<p>Heute gab es f\u00fcr mich von Dove Creme und f\u00fcr M\u00e4nne von Palmolive Shower Gel. Bis jetzt alle Marken mal vertreten bin gespannt welche noch vorkommen. Also ich bin begeistert von diesem Kalender.<\/p>\n","protected":false},"excerpt":{"rendered":"<p>Heute kommt schon T\u00fcrchen Nr 3 dran. In ein paar Tagen ist Weihnachten mensch Leute wo ist die Zeit hin?? Heute gab es f\u00fcr mich von Dove Creme und f\u00fcr M\u00e4nne von Palmolive Shower Gel. Bis jetzt alle Marken mal vertreten bin gespannt welche noch vorkommen. Also ich bin begeistert von diesem Kalender.<\/p>\n","protected":false},"author":1,"featured_media":0,"comment_status":"open","ping_status":"open","sticky":false,"template":"","format":"standard","meta":{"ngg_post_thumbnail":0,"_jetpack_memberships_contains_paid_content":false,"footnotes":"","jetpack_publicize_message":"","jetpack_publicize_feature_enabled":true,"jetpack_social_post_already_shared":false,"jetpack_social_options":{"image_generator_settings":{"template":"highway","default_image_id":0,"font":"","enabled":false},"version":2}},"categories":[102],"tags":[],"class_list":["post-2304","post","type-post","status-publish","format-standard","hentry","category-adventskalender"],"jetpack_publicize_connections":[],"jetpack_featured_media_url":"","jetpack-related-posts":[],"jetpack_sharing_enabled":true,"_links":{"self":[{"href":"https:\/\/ohnis788407.de\/index.php?rest_route=\/wp\/v2\/posts\/2304","targetHints":{"allow":["GET"]}}],"collection":[{"href":"https:\/\/ohnis788407.de\/index.php?rest_route=\/wp\/v2\/posts"}],"about":[{"href":"https:\/\/ohnis788407.de\/index.php?rest_route=\/wp\/v2\/types\/post"}],"author":[{"embeddable":true,"href":"https:\/\/ohnis788407.de\/index.php?rest_route=\/wp\/v2\/users\/1"}],"replies":[{"embeddable":true,"href":"https:\/\/ohnis788407.de\/index.php?rest_route=%2Fwp%2Fv2%2Fcomments&post=2304"}],"version-history":[{"count":3,"href":"https:\/\/ohnis788407.de\/index.php?rest_route=\/wp\/v2\/posts\/2304\/revisions"}],"predecessor-version":[{"id":2307,"href":"https:\/\/ohnis788407.de\/index.php?rest_route=\/wp\/v2\/posts\/2304\/revisions\/2307"}],"wp:attachment":[{"href":"https:\/\/ohnis788407.de\/index.php?rest_route=%2Fwp%2Fv2%2Fmedia&parent=2304"}],"wp:term":[{"taxonomy":"category","embeddable":true,"href":"https:\/\/ohnis788407.de\/index.php?rest_route=%2Fwp%2Fv2%2Fcategories&post=2304"},{"taxonomy":"post_tag","embeddable":true,"href":"https:\/\/ohnis788407.de\/index.php?rest_route=%2Fwp%2Fv2%2Ftags&post=2304"}],"curies":[{"name":"wp","href":"https:\/\/api.w.org\/{rel}","templated":true}]}}