{"id":1905,"date":"2011-07-12T12:16:31","date_gmt":"2011-07-12T10:16:31","guid":{"rendered":"http:\/\/ohnis788407.de\/?p=1905"},"modified":"2011-07-13T12:36:21","modified_gmt":"2011-07-13T10:36:21","slug":"mal-im-garten-um-geschaut-zuruckgeblickt","status":"publish","type":"post","link":"https:\/\/ohnis788407.de\/?p=1905","title":{"rendered":"Mal im Garten um geschaut &#038; zur\u00fcckgeblickt"},"content":{"rendered":"<p>Heute m\u00f6chte ich Euch mal ein paar Einblicke in unseren Garten geben.<\/p>\n<p>Ich fange mal an mit unserem K\u00fcrbis<\/p>\n<p><a href=\"https:\/\/i0.wp.com\/ohnis788407.de\/wp-content\/uploads\/2011\/07\/100_9956.jpg\"><img data-recalc-dims=\"1\" loading=\"lazy\" decoding=\"async\" class=\"size-medium wp-image-1906 aligncenter\" title=\"100_9956\" src=\"https:\/\/i0.wp.com\/ohnis788407.de\/wp-content\/uploads\/2011\/07\/100_9956-300x200.jpg?resize=300%2C200\" alt=\"\" width=\"300\" height=\"200\" srcset=\"https:\/\/i0.wp.com\/ohnis788407.de\/wp-content\/uploads\/2011\/07\/100_9956.jpg?resize=300%2C200&amp;ssl=1 300w, https:\/\/i0.wp.com\/ohnis788407.de\/wp-content\/uploads\/2011\/07\/100_9956.jpg?resize=1024%2C683&amp;ssl=1 1024w, https:\/\/i0.wp.com\/ohnis788407.de\/wp-content\/uploads\/2011\/07\/100_9956.jpg?resize=624%2C416&amp;ssl=1 624w, https:\/\/i0.wp.com\/ohnis788407.de\/wp-content\/uploads\/2011\/07\/100_9956.jpg?w=1600&amp;ssl=1 1600w, https:\/\/i0.wp.com\/ohnis788407.de\/wp-content\/uploads\/2011\/07\/100_9956.jpg?w=2400&amp;ssl=1 2400w\" sizes=\"auto, (max-width: 300px) 100vw, 300px\" \/><\/a><\/p>\n<p>hier seht ihr ihn mach dem umsetzen auf unseren Kompost das war am 13.01.2011 und jetzt<\/p>\n<p><a href=\"https:\/\/i0.wp.com\/ohnis788407.de\/wp-content\/uploads\/2011\/07\/K%C3%BCrbis.jpg\"><img data-recalc-dims=\"1\" loading=\"lazy\" decoding=\"async\" class=\"size-medium wp-image-1907 aligncenter\" title=\"K\u00fcrbis\" src=\"https:\/\/i0.wp.com\/ohnis788407.de\/wp-content\/uploads\/2011\/07\/K%C3%BCrbis-300x300.jpg?resize=300%2C300\" alt=\"\" width=\"300\" height=\"300\" srcset=\"https:\/\/i0.wp.com\/ohnis788407.de\/wp-content\/uploads\/2011\/07\/K%C3%BCrbis.jpg?resize=300%2C300&amp;ssl=1 300w, https:\/\/i0.wp.com\/ohnis788407.de\/wp-content\/uploads\/2011\/07\/K%C3%BCrbis.jpg?resize=100%2C100&amp;ssl=1 100w, https:\/\/i0.wp.com\/ohnis788407.de\/wp-content\/uploads\/2011\/07\/K%C3%BCrbis.jpg?resize=176%2C176&amp;ssl=1 176w, https:\/\/i0.wp.com\/ohnis788407.de\/wp-content\/uploads\/2011\/07\/K%C3%BCrbis.jpg?resize=60%2C60&amp;ssl=1 60w, https:\/\/i0.wp.com\/ohnis788407.de\/wp-content\/uploads\/2011\/07\/K%C3%BCrbis.jpg?resize=150%2C150&amp;ssl=1 150w, https:\/\/i0.wp.com\/ohnis788407.de\/wp-content\/uploads\/2011\/07\/K%C3%BCrbis.jpg?w=404&amp;ssl=1 404w\" sizes=\"auto, (max-width: 300px) 100vw, 300px\" \/><\/a><\/p>\n<p>passt er nicht mehr aufs Bild aber so sieht er fast \u00fcberall aus. Bl\u00fcten Bl\u00fcten und nochmals Bl\u00fcten und die ersten K\u00fcrbise kommen auch schon. Wir mussten ihn auch schon zurecht weisen sonst w\u00e4re er schon vorne am Haus angekommen.*grins*<\/p>\n<p>Unsere Zucchini<\/p>\n<p><a href=\"https:\/\/i0.wp.com\/ohnis788407.de\/wp-content\/uploads\/2011\/07\/Zuchini.jpg\"><img data-recalc-dims=\"1\" loading=\"lazy\" decoding=\"async\" class=\"size-medium wp-image-1908 aligncenter\" title=\"Zucchini\" src=\"https:\/\/i0.wp.com\/ohnis788407.de\/wp-content\/uploads\/2011\/07\/Zuchini-300x300.jpg?resize=300%2C300\" alt=\"\" width=\"300\" height=\"300\" srcset=\"https:\/\/i0.wp.com\/ohnis788407.de\/wp-content\/uploads\/2011\/07\/Zuchini.jpg?resize=300%2C300&amp;ssl=1 300w, https:\/\/i0.wp.com\/ohnis788407.de\/wp-content\/uploads\/2011\/07\/Zuchini.jpg?resize=100%2C100&amp;ssl=1 100w, https:\/\/i0.wp.com\/ohnis788407.de\/wp-content\/uploads\/2011\/07\/Zuchini.jpg?resize=176%2C176&amp;ssl=1 176w, https:\/\/i0.wp.com\/ohnis788407.de\/wp-content\/uploads\/2011\/07\/Zuchini.jpg?resize=60%2C60&amp;ssl=1 60w, https:\/\/i0.wp.com\/ohnis788407.de\/wp-content\/uploads\/2011\/07\/Zuchini.jpg?resize=150%2C150&amp;ssl=1 150w, https:\/\/i0.wp.com\/ohnis788407.de\/wp-content\/uploads\/2011\/07\/Zuchini.jpg?w=404&amp;ssl=1 404w\" sizes=\"auto, (max-width: 300px) 100vw, 300px\" \/><\/a><\/p>\n<p>passt mittlerweile auch nicht mehr auf ein Bild. Aber wir haben schon die erste ernten k\u00f6nnen. Und die anderen auern auch nur noch ein bis zwei Tage. Daa gro\u00dfe Bild ist am 15.02.2011 entstanden das kleinere am 09.07.2011.<\/p>\n<p>Und dann sind da noch unsere Tomaten<\/p>\n<p><a href=\"https:\/\/i0.wp.com\/ohnis788407.de\/wp-content\/uploads\/2011\/07\/Tomaten.jpg\"><img data-recalc-dims=\"1\" loading=\"lazy\" decoding=\"async\" class=\"size-medium wp-image-1909 aligncenter\" title=\"Tomaten\" src=\"https:\/\/i0.wp.com\/ohnis788407.de\/wp-content\/uploads\/2011\/07\/Tomaten-300x150.jpg?resize=300%2C150\" alt=\"\" width=\"300\" height=\"150\" srcset=\"https:\/\/i0.wp.com\/ohnis788407.de\/wp-content\/uploads\/2011\/07\/Tomaten.jpg?resize=300%2C150&amp;ssl=1 300w, https:\/\/i0.wp.com\/ohnis788407.de\/wp-content\/uploads\/2011\/07\/Tomaten.jpg?resize=624%2C312&amp;ssl=1 624w, https:\/\/i0.wp.com\/ohnis788407.de\/wp-content\/uploads\/2011\/07\/Tomaten.jpg?w=800&amp;ssl=1 800w\" sizes=\"auto, (max-width: 300px) 100vw, 300px\" \/><\/a><\/p>\n<p>die h\u00e4ngen wirklich voll. Das h\u00e4tte ich nicht gedacht aber das ist sch\u00f6n da kann es Tomatensalat geben ohne Ende. Und dann auch noch mit frischen Zwiebeln.*mmmmhhhhhh*<\/p>\n<p>Der Rest w\u00e4chst auch ziemlich flei\u00dfig. Kohlrabi, Paprika, Herbaneros, Peperonie und Zwiebeln.<\/p>\n","protected":false},"excerpt":{"rendered":"<p>Heute m\u00f6chte ich Euch mal ein paar Einblicke in unseren Garten geben. Ich fange mal an mit unserem K\u00fcrbis hier seht ihr ihn mach dem umsetzen auf unseren Kompost das war am 13.01.2011 und jetzt passt er nicht mehr aufs Bild aber so sieht er fast \u00fcberall aus. Bl\u00fcten Bl\u00fcten und nochmals Bl\u00fcten und die <a class=\"read-more\" href=\"https:\/\/ohnis788407.de\/?p=1905\">Read More<\/a><\/p>\n","protected":false},"author":1,"featured_media":0,"comment_status":"open","ping_status":"open","sticky":false,"template":"","format":"standard","meta":{"ngg_post_thumbnail":0,"_jetpack_memberships_contains_paid_content":false,"footnotes":"","jetpack_publicize_message":"","jetpack_publicize_feature_enabled":true,"jetpack_social_post_already_shared":false,"jetpack_social_options":{"image_generator_settings":{"template":"highway","default_image_id":0,"font":"","enabled":false},"version":2}},"categories":[77],"tags":[],"class_list":["post-1905","post","type-post","status-publish","format-standard","hentry","category-garten"],"jetpack_publicize_connections":[],"jetpack_featured_media_url":"","jetpack-related-posts":[],"jetpack_sharing_enabled":true,"_links":{"self":[{"href":"https:\/\/ohnis788407.de\/index.php?rest_route=\/wp\/v2\/posts\/1905","targetHints":{"allow":["GET"]}}],"collection":[{"href":"https:\/\/ohnis788407.de\/index.php?rest_route=\/wp\/v2\/posts"}],"about":[{"href":"https:\/\/ohnis788407.de\/index.php?rest_route=\/wp\/v2\/types\/post"}],"author":[{"embeddable":true,"href":"https:\/\/ohnis788407.de\/index.php?rest_route=\/wp\/v2\/users\/1"}],"replies":[{"embeddable":true,"href":"https:\/\/ohnis788407.de\/index.php?rest_route=%2Fwp%2Fv2%2Fcomments&post=1905"}],"version-history":[{"count":1,"href":"https:\/\/ohnis788407.de\/index.php?rest_route=\/wp\/v2\/posts\/1905\/revisions"}],"predecessor-version":[{"id":1910,"href":"https:\/\/ohnis788407.de\/index.php?rest_route=\/wp\/v2\/posts\/1905\/revisions\/1910"}],"wp:attachment":[{"href":"https:\/\/ohnis788407.de\/index.php?rest_route=%2Fwp%2Fv2%2Fmedia&parent=1905"}],"wp:term":[{"taxonomy":"category","embeddable":true,"href":"https:\/\/ohnis788407.de\/index.php?rest_route=%2Fwp%2Fv2%2Fcategories&post=1905"},{"taxonomy":"post_tag","embeddable":true,"href":"https:\/\/ohnis788407.de\/index.php?rest_route=%2Fwp%2Fv2%2Ftags&post=1905"}],"curies":[{"name":"wp","href":"https:\/\/api.w.org\/{rel}","templated":true}]}}