{"id":1356,"date":"2010-12-07T18:00:20","date_gmt":"2010-12-07T18:00:20","guid":{"rendered":"http:\/\/ohnis788407.de\/?p=1356"},"modified":"2018-03-22T21:28:32","modified_gmt":"2018-03-22T20:28:32","slug":"konzert-von-christina-sturmer","status":"publish","type":"post","link":"https:\/\/ohnis788407.de\/?p=1356","title":{"rendered":"Konzert von Christina St\u00fcrmer"},"content":{"rendered":"<p>Ich hatte ja meinem M\u00e4nne zum Burzeltag <a href=\"http:\/\/ohnis788407.de\/?p=1178\">2 Christina St\u00fcrmer Tickets<\/a> geschenkt und heute ist der Tag gekommen, dass wir nach Darmstadt fahren. Unsere Mausi ist sehr gut bei Madeleine aufgehoben, was wir schon vorher besprochen hatten bevor ich \u00fcberhaupt gekauft habe. Also ging es um 17 Uhr Richtung Darmstadt. Wir hatten noch gen\u00fcgend Zeit etwas zu essen, bevor die T\u00fcren ge\u00f6ffnet wurden und ein bischen zu knipsen, was da alles ist.<\/p>\n<p style=\"text-align: center;\"><a href=\"https:\/\/i0.wp.com\/ohnis788407.de\/wp-content\/uploads\/2010\/12\/Darmstadt.jpg\"><img data-recalc-dims=\"1\" loading=\"lazy\" decoding=\"async\" class=\"size-medium wp-image-1362 aligncenter\" title=\"Darmstadt\" src=\"https:\/\/i0.wp.com\/ohnis788407.de\/wp-content\/uploads\/2010\/12\/Darmstadt-300x300.jpg?resize=300%2C300\" alt=\"\" width=\"300\" height=\"300\" srcset=\"https:\/\/i0.wp.com\/ohnis788407.de\/wp-content\/uploads\/2010\/12\/Darmstadt.jpg?resize=300%2C300&amp;ssl=1 300w, https:\/\/i0.wp.com\/ohnis788407.de\/wp-content\/uploads\/2010\/12\/Darmstadt.jpg?resize=100%2C100&amp;ssl=1 100w, https:\/\/i0.wp.com\/ohnis788407.de\/wp-content\/uploads\/2010\/12\/Darmstadt.jpg?resize=624%2C624&amp;ssl=1 624w, https:\/\/i0.wp.com\/ohnis788407.de\/wp-content\/uploads\/2010\/12\/Darmstadt.jpg?resize=176%2C176&amp;ssl=1 176w, https:\/\/i0.wp.com\/ohnis788407.de\/wp-content\/uploads\/2010\/12\/Darmstadt.jpg?resize=60%2C60&amp;ssl=1 60w, https:\/\/i0.wp.com\/ohnis788407.de\/wp-content\/uploads\/2010\/12\/Darmstadt.jpg?resize=150%2C150&amp;ssl=1 150w, https:\/\/i0.wp.com\/ohnis788407.de\/wp-content\/uploads\/2010\/12\/Darmstadt.jpg?w=650&amp;ssl=1 650w\" sizes=\"auto, (max-width: 300px) 100vw, 300px\" \/><\/a><\/p>\n<p>Und die Halle war klein aber fein, also genug Platz f\u00fcr alle und kein Gedr\u00e4nge. Gott sei Dank. Weil ich bekomm doch Panik, wenn zu viele Leute auf ein Haufen sind aber ich habe mich sehr wohl gef\u00fchlt.<\/p>\n<p style=\"text-align: center;\"><a href=\"https:\/\/i0.wp.com\/ohnis788407.de\/wp-content\/uploads\/2010\/12\/wir-waren-da.jpg\"><img data-recalc-dims=\"1\" loading=\"lazy\" decoding=\"async\" class=\"size-medium wp-image-1363 aligncenter\" title=\"wir waren da\" src=\"https:\/\/i0.wp.com\/ohnis788407.de\/wp-content\/uploads\/2010\/12\/wir-waren-da-300x150.jpg?resize=300%2C150\" alt=\"\" width=\"300\" height=\"150\"\/><\/a><\/p>\n<p>Um 20 Uhr sollte es eigentlich los gehen aber es ging erst um 20.30 Uhr los. Warum auch immer aber das war dann sp\u00e4ter vergessen nachdem es los ging.<\/p>\n<p style=\"text-align: center;\"><a href=\"https:\/\/i0.wp.com\/ohnis788407.de\/wp-content\/uploads\/2011\/01\/Konzert-Christina-St%C3%BCrmer.jpg\"><img data-recalc-dims=\"1\" loading=\"lazy\" decoding=\"async\" class=\"size-medium wp-image-1357 aligncenter\" title=\"Konzert Christina St\u00fcrmer\" src=\"https:\/\/i0.wp.com\/ohnis788407.de\/wp-content\/uploads\/2011\/01\/Konzert-Christina-St%C3%BCrmer-300x300.jpg?resize=300%2C300\" alt=\"\" width=\"300\" height=\"300\" srcset=\"https:\/\/i0.wp.com\/ohnis788407.de\/wp-content\/uploads\/2011\/01\/Konzert-Christina-St%C3%BCrmer.jpg?resize=300%2C300&amp;ssl=1 300w, https:\/\/i0.wp.com\/ohnis788407.de\/wp-content\/uploads\/2011\/01\/Konzert-Christina-St%C3%BCrmer.jpg?resize=100%2C100&amp;ssl=1 100w, https:\/\/i0.wp.com\/ohnis788407.de\/wp-content\/uploads\/2011\/01\/Konzert-Christina-St%C3%BCrmer.jpg?resize=624%2C624&amp;ssl=1 624w, https:\/\/i0.wp.com\/ohnis788407.de\/wp-content\/uploads\/2011\/01\/Konzert-Christina-St%C3%BCrmer.jpg?resize=176%2C176&amp;ssl=1 176w, https:\/\/i0.wp.com\/ohnis788407.de\/wp-content\/uploads\/2011\/01\/Konzert-Christina-St%C3%BCrmer.jpg?resize=60%2C60&amp;ssl=1 60w, https:\/\/i0.wp.com\/ohnis788407.de\/wp-content\/uploads\/2011\/01\/Konzert-Christina-St%C3%BCrmer.jpg?resize=150%2C150&amp;ssl=1 150w, https:\/\/i0.wp.com\/ohnis788407.de\/wp-content\/uploads\/2011\/01\/Konzert-Christina-St%C3%BCrmer.jpg?w=650&amp;ssl=1 650w\" sizes=\"auto, (max-width: 300px) 100vw, 300px\" \/><\/a><\/p>\n<p style=\"text-align: left;\">Leider sind die Bilder nicht wirklich die besten, weil wir nur die kleine Kamera dabei hatten. Da wir ja nicht wussten wieviel los ist aber beim n\u00e4chsten Mal nehmen wir die gute Kamera.<\/p>\n<p style=\"text-align: left;\">Aber das Fazit vom Abend: es war einfach klasse der Abend. Es hat sich wirklich gelohnt da hinzugehen. An dem Abend haben sie noch bekannt gegeben, dass sie im April 2011 nach Karlsruhe kommen aber da es die gleiche Tour ist, werden wir drauf verzichten. Die n\u00e4chste Tour kommt bestimmt. Und darauf freuen wir uns schon.<\/p>\n","protected":false},"excerpt":{"rendered":"<p>Ich hatte ja meinem M\u00e4nne zum Burzeltag 2 Christina St\u00fcrmer Tickets geschenkt und heute ist der Tag gekommen, dass wir nach Darmstadt fahren. Unsere Mausi ist sehr gut bei Madeleine aufgehoben, was wir schon vorher besprochen hatten bevor ich \u00fcberhaupt gekauft habe. Also ging es um 17 Uhr Richtung Darmstadt. Wir hatten noch gen\u00fcgend Zeit <a class=\"read-more\" href=\"https:\/\/ohnis788407.de\/?p=1356\">Read More<\/a><\/p>\n","protected":false},"author":1,"featured_media":0,"comment_status":"open","ping_status":"open","sticky":false,"template":"","format":"standard","meta":{"ngg_post_thumbnail":0,"_jetpack_memberships_contains_paid_content":false,"footnotes":"","jetpack_publicize_message":"","jetpack_publicize_feature_enabled":true,"jetpack_social_post_already_shared":false,"jetpack_social_options":{"image_generator_settings":{"template":"highway","default_image_id":0,"font":"","enabled":false},"version":2}},"categories":[76],"tags":[],"class_list":["post-1356","post","type-post","status-publish","format-standard","hentry","category-konzert-sonstige"],"jetpack_publicize_connections":[],"jetpack_featured_media_url":"","jetpack-related-posts":[],"jetpack_sharing_enabled":true,"_links":{"self":[{"href":"https:\/\/ohnis788407.de\/index.php?rest_route=\/wp\/v2\/posts\/1356","targetHints":{"allow":["GET"]}}],"collection":[{"href":"https:\/\/ohnis788407.de\/index.php?rest_route=\/wp\/v2\/posts"}],"about":[{"href":"https:\/\/ohnis788407.de\/index.php?rest_route=\/wp\/v2\/types\/post"}],"author":[{"embeddable":true,"href":"https:\/\/ohnis788407.de\/index.php?rest_route=\/wp\/v2\/users\/1"}],"replies":[{"embeddable":true,"href":"https:\/\/ohnis788407.de\/index.php?rest_route=%2Fwp%2Fv2%2Fcomments&post=1356"}],"version-history":[{"count":6,"href":"https:\/\/ohnis788407.de\/index.php?rest_route=\/wp\/v2\/posts\/1356\/revisions"}],"predecessor-version":[{"id":9607,"href":"https:\/\/ohnis788407.de\/index.php?rest_route=\/wp\/v2\/posts\/1356\/revisions\/9607"}],"wp:attachment":[{"href":"https:\/\/ohnis788407.de\/index.php?rest_route=%2Fwp%2Fv2%2Fmedia&parent=1356"}],"wp:term":[{"taxonomy":"category","embeddable":true,"href":"https:\/\/ohnis788407.de\/index.php?rest_route=%2Fwp%2Fv2%2Fcategories&post=1356"},{"taxonomy":"post_tag","embeddable":true,"href":"https:\/\/ohnis788407.de\/index.php?rest_route=%2Fwp%2Fv2%2Ftags&post=1356"}],"curies":[{"name":"wp","href":"https:\/\/api.w.org\/{rel}","templated":true}]}}