{"id":118,"date":"2009-11-23T16:41:00","date_gmt":"2009-11-23T16:41:00","guid":{"rendered":"http:\/\/ohnis788407.de\/?p=118"},"modified":"2016-01-05T00:19:52","modified_gmt":"2016-01-04T23:19:52","slug":"schone-momente-im-herbst-und-winter-vii","status":"publish","type":"post","link":"https:\/\/ohnis788407.de\/?p=118","title":{"rendered":"Sch\u00f6ne Momente im Herbst und Winter VI"},"content":{"rendered":"<p>So heute m\u00f6chte ich euch durch das Projekt <a href=\"http:\/\/www.kuschelkatzen.de\/aktionen\/herbst_winter.htm\">Sch\u00f6ne Momente im Herbst und Winter<\/a> wieder einmal die Woche vers\u00fc\u00dfen.<\/p>\n<div class=\"separator\" style=\"clear: both; text-align: center;\"><\/div>\n<div class=\"separator\" style=\"clear: both; text-align: center;\"><a style=\"margin-left: 1em; margin-right: 1em;\" href=\"http:\/\/4.bp.blogspot.com\/_8nkPjAqEdh8\/Swq3Nenq_3I\/AAAAAAAAAKI\/pwOQo5FAv0M\/s1600\/PB190001.JPG\"><br \/>\n<\/a><a style=\"margin-left: 1em; margin-right: 1em;\" href=\"https:\/\/i0.wp.com\/1.bp.blogspot.com\/_8nkPjAqEdh8\/Swq6DRlHqWI\/AAAAAAAAAKg\/kI6-gElgFzM\/s1600\/PB190001.1.jpg\"><img data-recalc-dims=\"1\" decoding=\"async\" src=\"https:\/\/i0.wp.com\/1.bp.blogspot.com\/_8nkPjAqEdh8\/Swq6DRlHqWI\/AAAAAAAAAKg\/kI6-gElgFzM\/s320\/PB190001.1.jpg?w=800\" alt=\"\" border=\"0\" \/><\/a><\/div>\n<div class=\"separator\" style=\"clear: both; text-align: center;\">\u00a0<a style=\"margin-left: 1em; margin-right: 1em;\" href=\"https:\/\/i0.wp.com\/3.bp.blogspot.com\/_8nkPjAqEdh8\/Swq6ZHEG_RI\/AAAAAAAAAKo\/ZQYAHB1NkD4\/s1600\/PB190002.1.jpg\"><img data-recalc-dims=\"1\" decoding=\"async\" src=\"https:\/\/i0.wp.com\/3.bp.blogspot.com\/_8nkPjAqEdh8\/Swq6ZHEG_RI\/AAAAAAAAAKo\/ZQYAHB1NkD4\/s320\/PB190002.1.jpg?w=800\" alt=\"\" border=\"0\" \/><\/a><\/div>\n<div class=\"separator\" style=\"clear: both; text-align: center;\"><\/div>\n<div class=\"separator\" style=\"clear: both; text-align: center;\">\u00a0<a style=\"margin-left: 1em; margin-right: 1em;\" href=\"https:\/\/i0.wp.com\/1.bp.blogspot.com\/_8nkPjAqEdh8\/Swq7JSGbWeI\/AAAAAAAAAKw\/Nptp8P-God4\/s1600\/PB190005.1.jpg\"><img data-recalc-dims=\"1\" decoding=\"async\" src=\"https:\/\/i0.wp.com\/1.bp.blogspot.com\/_8nkPjAqEdh8\/Swq7JSGbWeI\/AAAAAAAAAKw\/Nptp8P-God4\/s320\/PB190005.1.jpg?w=800\" alt=\"\" border=\"0\" \/><\/a><\/div>\n<div class=\"separator\" style=\"clear: both; text-align: center;\"><\/div>\n<div class=\"separator\" style=\"clear: both; text-align: left;\"><\/div>\n<div class=\"separator\" style=\"clear: both; text-align: left;\">Aufgenommen am 19.11.2009 auf dem Weg zu Mandy und Wini. Der Schmetterling sa\u00df bei den beiden unten an der Hauswand.<\/div>\n","protected":false},"excerpt":{"rendered":"<p>So heute m\u00f6chte ich euch durch das Projekt Sch\u00f6ne Momente im Herbst und Winter wieder einmal die Woche vers\u00fc\u00dfen. \u00a0 \u00a0 Aufgenommen am 19.11.2009 auf dem Weg zu Mandy und Wini. Der Schmetterling sa\u00df bei den beiden unten an der Hauswand.<\/p>\n","protected":false},"author":1,"featured_media":0,"comment_status":"open","ping_status":"closed","sticky":false,"template":"","format":"standard","meta":{"ngg_post_thumbnail":0,"_jetpack_memberships_contains_paid_content":false,"footnotes":"","jetpack_publicize_message":"","jetpack_publicize_feature_enabled":true,"jetpack_social_post_already_shared":false,"jetpack_social_options":{"image_generator_settings":{"template":"highway","default_image_id":0,"font":"","enabled":false},"version":2}},"categories":[21],"tags":[],"class_list":["post-118","post","type-post","status-publish","format-standard","hentry","category-schone-momente-im-herbst-und-winter"],"jetpack_publicize_connections":[],"jetpack_featured_media_url":"","jetpack-related-posts":[],"jetpack_sharing_enabled":true,"_links":{"self":[{"href":"https:\/\/ohnis788407.de\/index.php?rest_route=\/wp\/v2\/posts\/118","targetHints":{"allow":["GET"]}}],"collection":[{"href":"https:\/\/ohnis788407.de\/index.php?rest_route=\/wp\/v2\/posts"}],"about":[{"href":"https:\/\/ohnis788407.de\/index.php?rest_route=\/wp\/v2\/types\/post"}],"author":[{"embeddable":true,"href":"https:\/\/ohnis788407.de\/index.php?rest_route=\/wp\/v2\/users\/1"}],"replies":[{"embeddable":true,"href":"https:\/\/ohnis788407.de\/index.php?rest_route=%2Fwp%2Fv2%2Fcomments&post=118"}],"version-history":[{"count":3,"href":"https:\/\/ohnis788407.de\/index.php?rest_route=\/wp\/v2\/posts\/118\/revisions"}],"predecessor-version":[{"id":6135,"href":"https:\/\/ohnis788407.de\/index.php?rest_route=\/wp\/v2\/posts\/118\/revisions\/6135"}],"wp:attachment":[{"href":"https:\/\/ohnis788407.de\/index.php?rest_route=%2Fwp%2Fv2%2Fmedia&parent=118"}],"wp:term":[{"taxonomy":"category","embeddable":true,"href":"https:\/\/ohnis788407.de\/index.php?rest_route=%2Fwp%2Fv2%2Fcategories&post=118"},{"taxonomy":"post_tag","embeddable":true,"href":"https:\/\/ohnis788407.de\/index.php?rest_route=%2Fwp%2Fv2%2Ftags&post=118"}],"curies":[{"name":"wp","href":"https:\/\/api.w.org\/{rel}","templated":true}]}}