{"id":1148,"date":"2010-09-22T07:35:17","date_gmt":"2010-09-22T07:35:17","guid":{"rendered":"http:\/\/ohnis788407.de\/?p=1148"},"modified":"2017-12-03T22:59:38","modified_gmt":"2017-12-03T21:59:38","slug":"neue-ernte-von-der-zucchini","status":"publish","type":"post","link":"https:\/\/ohnis788407.de\/?p=1148","title":{"rendered":"Neue Ernte von der Zucchini"},"content":{"rendered":"<p>Unsere gro\u00dfe Zucchini haben wir ja schon als Zucchinipfanne verarbeitet und heute habe ich mit Mausi die n\u00e4chste geerntet. Aber nicht so gro\u00df, dass sie ihren Geschmack noch beh\u00e4lt, weil die Gro\u00dfe hatte nicht mehr viel Geschmack.<\/p>\n<p style=\"text-align: center;\"><a href=\"https:\/\/i0.wp.com\/ohnis788407.de\/wp-content\/uploads\/2010\/09\/neue-Ernte.jpg\"><img data-recalc-dims=\"1\" loading=\"lazy\" decoding=\"async\" class=\"size-medium wp-image-1149 aligncenter\" title=\"neue Ernte\" src=\"https:\/\/i0.wp.com\/ohnis788407.de\/wp-content\/uploads\/2010\/09\/neue-Ernte-300x200.jpg?resize=300%2C200\" alt=\"\" width=\"300\" height=\"200\" srcset=\"https:\/\/i0.wp.com\/ohnis788407.de\/wp-content\/uploads\/2010\/09\/neue-Ernte.jpg?resize=300%2C200&amp;ssl=1 300w, https:\/\/i0.wp.com\/ohnis788407.de\/wp-content\/uploads\/2010\/09\/neue-Ernte.jpg?resize=1024%2C683&amp;ssl=1 1024w, https:\/\/i0.wp.com\/ohnis788407.de\/wp-content\/uploads\/2010\/09\/neue-Ernte.jpg?resize=624%2C416&amp;ssl=1 624w, https:\/\/i0.wp.com\/ohnis788407.de\/wp-content\/uploads\/2010\/09\/neue-Ernte.jpg?w=1600&amp;ssl=1 1600w, https:\/\/i0.wp.com\/ohnis788407.de\/wp-content\/uploads\/2010\/09\/neue-Ernte.jpg?w=2400&amp;ssl=1 2400w\" sizes=\"auto, (max-width: 300px) 100vw, 300px\" \/><\/a><\/p>\n<p style=\"text-align: left;\">Mal schauen, wie wir diese verarbeiten. Und die n\u00e4chste ist schon wieder am Wachsen. Supi<\/p>\n","protected":false},"excerpt":{"rendered":"<p>Unsere gro\u00dfe Zucchini haben wir ja schon als Zucchinipfanne verarbeitet und heute habe ich mit Mausi die n\u00e4chste geerntet. Aber nicht so gro\u00df, dass sie ihren Geschmack noch beh\u00e4lt, weil die Gro\u00dfe hatte nicht mehr viel Geschmack. Mal schauen, wie wir diese verarbeiten. Und die n\u00e4chste ist schon wieder am Wachsen. Supi<\/p>\n","protected":false},"author":1,"featured_media":0,"comment_status":"open","ping_status":"open","sticky":false,"template":"","format":"standard","meta":{"ngg_post_thumbnail":0,"_jetpack_memberships_contains_paid_content":false,"footnotes":"","jetpack_publicize_message":"","jetpack_publicize_feature_enabled":true,"jetpack_social_post_already_shared":false,"jetpack_social_options":{"image_generator_settings":{"template":"highway","default_image_id":0,"font":"","enabled":false},"version":2}},"categories":[1],"tags":[],"class_list":["post-1148","post","type-post","status-publish","format-standard","hentry","category-allgemein"],"jetpack_publicize_connections":[],"jetpack_featured_media_url":"","jetpack-related-posts":[],"jetpack_sharing_enabled":true,"_links":{"self":[{"href":"https:\/\/ohnis788407.de\/index.php?rest_route=\/wp\/v2\/posts\/1148","targetHints":{"allow":["GET"]}}],"collection":[{"href":"https:\/\/ohnis788407.de\/index.php?rest_route=\/wp\/v2\/posts"}],"about":[{"href":"https:\/\/ohnis788407.de\/index.php?rest_route=\/wp\/v2\/types\/post"}],"author":[{"embeddable":true,"href":"https:\/\/ohnis788407.de\/index.php?rest_route=\/wp\/v2\/users\/1"}],"replies":[{"embeddable":true,"href":"https:\/\/ohnis788407.de\/index.php?rest_route=%2Fwp%2Fv2%2Fcomments&post=1148"}],"version-history":[{"count":3,"href":"https:\/\/ohnis788407.de\/index.php?rest_route=\/wp\/v2\/posts\/1148\/revisions"}],"predecessor-version":[{"id":9284,"href":"https:\/\/ohnis788407.de\/index.php?rest_route=\/wp\/v2\/posts\/1148\/revisions\/9284"}],"wp:attachment":[{"href":"https:\/\/ohnis788407.de\/index.php?rest_route=%2Fwp%2Fv2%2Fmedia&parent=1148"}],"wp:term":[{"taxonomy":"category","embeddable":true,"href":"https:\/\/ohnis788407.de\/index.php?rest_route=%2Fwp%2Fv2%2Fcategories&post=1148"},{"taxonomy":"post_tag","embeddable":true,"href":"https:\/\/ohnis788407.de\/index.php?rest_route=%2Fwp%2Fv2%2Ftags&post=1148"}],"curies":[{"name":"wp","href":"https:\/\/api.w.org\/{rel}","templated":true}]}}