{"id":11008,"date":"2022-01-09T11:16:00","date_gmt":"2022-01-09T10:16:00","guid":{"rendered":"https:\/\/ohnis788407.de\/?p=11008"},"modified":"2022-01-19T12:07:14","modified_gmt":"2022-01-19T11:07:14","slug":"testergebnis-schwarzkopf-brillance-intensiv-color-creme-872","status":"publish","type":"post","link":"https:\/\/ohnis788407.de\/?p=11008","title":{"rendered":"Testergebnis SCHWARZKOPF BRILLANCE Intensiv-Color-Creme 872"},"content":{"rendered":"\n<p class=\"has-medium-font-size\"><strong>*Werbung<\/strong><\/p>\n\n\n\n<p class=\"has-medium-font-size\">Heute habe ich mir meinen Sonntag genommen und mich mit der SCHWARZKOPF BRILLANCE Intensiv-Color-Creme 872 besch\u00e4ftigt. Ich bin schon immer experimentier- freudig wenn es um die Haarfarbe geht aber rot ist schon seit Jahren mein Favorit geblieben darum habe ich mich auch f\u00fcr die SCHWARZKOPF BRILLANCE Intensiv-Color-Creme 872 intensiv rot beworben.<\/p>\n\n\n\n<div class=\"wp-block-image\"><figure class=\"aligncenter size-large\"><img data-recalc-dims=\"1\" loading=\"lazy\" decoding=\"async\" width=\"768\" height=\"1024\" src=\"https:\/\/i0.wp.com\/ohnis788407.de\/wp-content\/uploads\/IMG_20220109_142151.jpg?resize=768%2C1024&#038;ssl=1\" alt=\"\" class=\"wp-image-11009\" srcset=\"https:\/\/i0.wp.com\/ohnis788407.de\/wp-content\/uploads\/IMG_20220109_142151-scaled.jpg?resize=768%2C1024&amp;ssl=1 768w, https:\/\/i0.wp.com\/ohnis788407.de\/wp-content\/uploads\/IMG_20220109_142151-scaled.jpg?resize=225%2C300&amp;ssl=1 225w, https:\/\/i0.wp.com\/ohnis788407.de\/wp-content\/uploads\/IMG_20220109_142151-scaled.jpg?resize=1152%2C1536&amp;ssl=1 1152w, https:\/\/i0.wp.com\/ohnis788407.de\/wp-content\/uploads\/IMG_20220109_142151-scaled.jpg?resize=1536%2C2048&amp;ssl=1 1536w, https:\/\/i0.wp.com\/ohnis788407.de\/wp-content\/uploads\/IMG_20220109_142151-scaled.jpg?w=1920&amp;ssl=1 1920w, https:\/\/i0.wp.com\/ohnis788407.de\/wp-content\/uploads\/IMG_20220109_142151-scaled.jpg?w=1600&amp;ssl=1 1600w\" sizes=\"auto, (max-width: 768px) 100vw, 768px\" \/><\/figure><\/div>\n\n\n\n<p class=\"has-medium-font-size\">Da ich ja schon wusste das ich das Produkt erhalte ,habe ich auch extra meine alte Haarfarbe raus wachsen lassen. Und auf geht es zum Experiment intensiv rot \ud83d\ude42<\/p>\n\n\n\n<p class=\"has-medium-font-size\">Das an mischen der Farbe ist sehr gut erkl\u00e4rt und einfach zu Handhaben. Als ich die Haarfarbe aufgetragen habe war ich schon sehr geschockt weil es sehr ins Bronze\/ Kupfer \u00fcbergeht und das bin ich gar nicht gewohnt das ein intensiv rot so schon beim auftragen r\u00fcber kommt. Ich habe auch meinen Side Cut extra mit gef\u00e4rbt weil der eigentlich mein Natur Haar (mittelblond) ist aber f\u00fcr den Test habe ich es mir nicht nehmen lassen und ihn auch eingepinselt.<\/p>\n\n\n\n<div class=\"wp-block-image\"><figure class=\"aligncenter size-large\"><img data-recalc-dims=\"1\" loading=\"lazy\" decoding=\"async\" width=\"768\" height=\"1024\" src=\"https:\/\/i0.wp.com\/ohnis788407.de\/wp-content\/uploads\/IMG_20220109_145858.jpg?resize=768%2C1024&#038;ssl=1\" alt=\"\" class=\"wp-image-11010\" srcset=\"https:\/\/i0.wp.com\/ohnis788407.de\/wp-content\/uploads\/IMG_20220109_145858-scaled.jpg?resize=768%2C1024&amp;ssl=1 768w, https:\/\/i0.wp.com\/ohnis788407.de\/wp-content\/uploads\/IMG_20220109_145858-scaled.jpg?resize=225%2C300&amp;ssl=1 225w, https:\/\/i0.wp.com\/ohnis788407.de\/wp-content\/uploads\/IMG_20220109_145858-scaled.jpg?resize=1152%2C1536&amp;ssl=1 1152w, https:\/\/i0.wp.com\/ohnis788407.de\/wp-content\/uploads\/IMG_20220109_145858-scaled.jpg?resize=1536%2C2048&amp;ssl=1 1536w, https:\/\/i0.wp.com\/ohnis788407.de\/wp-content\/uploads\/IMG_20220109_145858-scaled.jpg?w=1920&amp;ssl=1 1920w, https:\/\/i0.wp.com\/ohnis788407.de\/wp-content\/uploads\/IMG_20220109_145858-scaled.jpg?w=1600&amp;ssl=1 1600w\" sizes=\"auto, (max-width: 768px) 100vw, 768px\" \/><\/figure><\/div>\n\n\n\n<p><strong>Mein Fazit<\/strong>:<\/p>\n\n\n\n<p class=\"has-medium-font-size\">Die Handhabung ist sehr angenehm einfach in die mitgelieferte Flasche sch\u00fctten, sch\u00fctteln und los gelegen nat\u00fcrlich die Handschuhe dazu anziehen die mitgeliefert werden. Das auftragen war sehr angenehm und hat auch nicht gebrannt. Der Geruch ist sehr intensiv und stinkt. Jetzt weis ich auch warum ich damals keine Colleration mehr von Schwarzkopf gekauft habe. Wenn man sich verschmiert hat kann man sehr leicht abwaschen das gibt ein Pluspunkt.<\/p>\n\n\n\n<p class=\"has-medium-font-size\">Leider das Ende vom Lied war das ich schon etwas entt\u00e4uscht bin das die Haarfarbe wirklich so geblieben ist und nicht so aussieht wie auf dem Produkt. Wenn man in der Sonne steht sieht man sehr viele rot Partikel aber leider scheint nicht jeden Tag die Sonne \ud83d\ude41<\/p>\n\n\n\n<p class=\"has-medium-font-size\">Auf Arbeit wurde ich stellenweise angeschaut wie ein Auto \ud83d\ude42 weil sie es nicht gewohnt sind von mir so einen dunklen Haarton zu haben. Mich kennt man immer als Pumukel aber das hat mir die Haarfarbe leider nicht erlaubt.<\/p>\n\n\n\n<p class=\"has-medium-font-size\">Aber ich bin nicht traurig dar\u00fcber mal einen anderen Farbton im Haar zu haben weil es war ein Experiment und das kann sich auch sehen lassen ich laufe jetzt nicht gleich zum Drogerie Markt und kaufe mir eine andere Haarfarbe \ud83d\ude42<\/p>\n\n\n\n<div class=\"wp-block-image\"><figure class=\"aligncenter size-large\"><img data-recalc-dims=\"1\" loading=\"lazy\" decoding=\"async\" width=\"768\" height=\"1024\" src=\"https:\/\/i0.wp.com\/ohnis788407.de\/wp-content\/uploads\/IMG_20220109_154535.jpg?resize=768%2C1024&#038;ssl=1\" alt=\"\" class=\"wp-image-11011\" srcset=\"https:\/\/i0.wp.com\/ohnis788407.de\/wp-content\/uploads\/IMG_20220109_154535-scaled.jpg?resize=768%2C1024&amp;ssl=1 768w, https:\/\/i0.wp.com\/ohnis788407.de\/wp-content\/uploads\/IMG_20220109_154535-scaled.jpg?resize=225%2C300&amp;ssl=1 225w, https:\/\/i0.wp.com\/ohnis788407.de\/wp-content\/uploads\/IMG_20220109_154535-scaled.jpg?resize=1152%2C1536&amp;ssl=1 1152w, https:\/\/i0.wp.com\/ohnis788407.de\/wp-content\/uploads\/IMG_20220109_154535-scaled.jpg?resize=1536%2C2048&amp;ssl=1 1536w, https:\/\/i0.wp.com\/ohnis788407.de\/wp-content\/uploads\/IMG_20220109_154535-scaled.jpg?w=1920&amp;ssl=1 1920w, https:\/\/i0.wp.com\/ohnis788407.de\/wp-content\/uploads\/IMG_20220109_154535-scaled.jpg?w=1600&amp;ssl=1 1600w\" sizes=\"auto, (max-width: 768px) 100vw, 768px\" \/><\/figure><\/div>\n\n\n\n<p class=\"has-medium-font-size\">Das Produkt bekommt von mir daher nur 4 von 5 Sternen<\/p>\n\n\n\n<div class=\"wp-block-image\"><figure class=\"aligncenter size-full is-resized\"><img data-recalc-dims=\"1\" loading=\"lazy\" decoding=\"async\" src=\"https:\/\/i0.wp.com\/ohnis788407.de\/wp-content\/uploads\/2016\/05\/4-Sterne.jpg?resize=325%2C69&#038;ssl=1\" alt=\"\" class=\"wp-image-6855\" width=\"325\" height=\"69\"\/><\/figure><\/div>\n\n\n\n<p class=\"has-medium-font-size\">weil alles andere hat gepasst nur der Farbton kam nicht zur Geltung wie auf dem Produkt. Ich w\u00fcrde das Produkt nicht weiter empfehlen.<\/p>\n\n\n\n<p class=\"has-medium-font-size\">Wie habt ihr den Produkttest gemacht? Wart ihr zufrieden oder hat Euch das Produkt nicht \u00fcberzeugt? Lasst es mich wissen<\/p>\n\n\n\n<div class=\"wp-block-image\"><figure class=\"aligncenter size-full\"><img data-recalc-dims=\"1\" loading=\"lazy\" decoding=\"async\" width=\"180\" height=\"80\" src=\"https:\/\/i0.wp.com\/ohnis788407.de\/wp-content\/uploads\/http___signatures.mylivesignature.com_54492_60_377ADCD7679D64BDCE764840903426A3-1.png?resize=180%2C80&#038;ssl=1\" alt=\"\" class=\"wp-image-10362\"\/><\/figure><\/div>\n\n\n\n<p class=\"has-medium-font-size\"><em>Das Produkt wurde mir kostenlos zur Verf\u00fcgung gestellt. Der Bericht spiegelt meine pers\u00f6nliche Meinung wieder. Vielen DANK an das <\/em><a href=\"https:\/\/de.tryitsampling.com\/\">Trylt<\/a> Team und Schwarzkopf d<em>as wir das Produkt testen durften.<\/em><\/p>\n","protected":false},"excerpt":{"rendered":"<p>*Werbung Heute habe ich mir meinen Sonntag genommen und mich mit der SCHWARZKOPF BRILLANCE Intensiv-Color-Creme 872 besch\u00e4ftigt. Ich bin schon immer experimentier- freudig wenn es um die Haarfarbe geht aber rot ist schon seit Jahren mein Favorit geblieben darum habe ich mich auch f\u00fcr die SCHWARZKOPF BRILLANCE Intensiv-Color-Creme 872 intensiv rot beworben. Da ich ja <a class=\"read-more\" href=\"https:\/\/ohnis788407.de\/?p=11008\">Read More<\/a><\/p>\n","protected":false},"author":1,"featured_media":0,"comment_status":"open","ping_status":"open","sticky":false,"template":"","format":"standard","meta":{"ngg_post_thumbnail":0,"_jetpack_memberships_contains_paid_content":false,"footnotes":"","jetpack_publicize_message":"","jetpack_publicize_feature_enabled":false,"jetpack_social_post_already_shared":true,"jetpack_social_options":{"image_generator_settings":{"template":"highway","default_image_id":0,"font":"","enabled":false},"version":2}},"categories":[453,117,486,485],"tags":[166,152,488,487],"class_list":["post-11008","post","type-post","status-publish","format-standard","hentry","category-gratis-testen","category-produkttest","category-schwarzkopf","category-trylt","tag-getestet","tag-produkttest","tag-schwarzkopf","tag-trylt"],"jetpack_publicize_connections":[],"jetpack_featured_media_url":"","jetpack-related-posts":[],"jetpack_sharing_enabled":true,"_links":{"self":[{"href":"https:\/\/ohnis788407.de\/index.php?rest_route=\/wp\/v2\/posts\/11008","targetHints":{"allow":["GET"]}}],"collection":[{"href":"https:\/\/ohnis788407.de\/index.php?rest_route=\/wp\/v2\/posts"}],"about":[{"href":"https:\/\/ohnis788407.de\/index.php?rest_route=\/wp\/v2\/types\/post"}],"author":[{"embeddable":true,"href":"https:\/\/ohnis788407.de\/index.php?rest_route=\/wp\/v2\/users\/1"}],"replies":[{"embeddable":true,"href":"https:\/\/ohnis788407.de\/index.php?rest_route=%2Fwp%2Fv2%2Fcomments&post=11008"}],"version-history":[{"count":3,"href":"https:\/\/ohnis788407.de\/index.php?rest_route=\/wp\/v2\/posts\/11008\/revisions"}],"predecessor-version":[{"id":11014,"href":"https:\/\/ohnis788407.de\/index.php?rest_route=\/wp\/v2\/posts\/11008\/revisions\/11014"}],"wp:attachment":[{"href":"https:\/\/ohnis788407.de\/index.php?rest_route=%2Fwp%2Fv2%2Fmedia&parent=11008"}],"wp:term":[{"taxonomy":"category","embeddable":true,"href":"https:\/\/ohnis788407.de\/index.php?rest_route=%2Fwp%2Fv2%2Fcategories&post=11008"},{"taxonomy":"post_tag","embeddable":true,"href":"https:\/\/ohnis788407.de\/index.php?rest_route=%2Fwp%2Fv2%2Ftags&post=11008"}],"curies":[{"name":"wp","href":"https:\/\/api.w.org\/{rel}","templated":true}]}}